{"id":14786,"date":"2022-03-10T08:54:11","date_gmt":"2022-03-10T07:54:11","guid":{"rendered":"https:\/\/www.frankensicht.de\/?p=14786"},"modified":"2022-03-10T08:54:11","modified_gmt":"2022-03-10T07:54:11","slug":"kabinett-bringt-abschaffung-der-eeg-umlage-auf-den-weg","status":"publish","type":"post","link":"https:\/\/www.frankensicht.de\/?p=14786","title":{"rendered":"Kabinett bringt Abschaffung der EEG-Umlage auf den Weg"},"content":{"rendered":"<p><span style=\"color: #ff0000;\">Berlin:<\/span><\/p>\n<p>Kabinett bringt Abschaffung der EEG-Umlage auf den Weg<\/p>\n<p>Das Bundeskabinett hat heute die vom Bundesminister f\u00fcr Wirtschaft und Klimaschutz vorgelegte<br \/>\nFormulierungshilfe f\u00fcr einen Gesetzentwurf zur Abschaffung der EEG-Umlage und zu deren Weitergabe<br \/>\nan die Letztverbraucher beschlossen. Die Formulierungshilfe wird jetzt den Koalitionsfraktionen f\u00fcr<br \/>\nden weiteren Gesetzgebungsprozess zugeleitet.<br \/>\nBundesminister Robert Habeck: \u201eDie Abschaffung der EEG-Umlage kann den Druck etwas mindern. Wir<br \/>\nm\u00fcssen aber angesichts der jetzt exorbitant gestiegenen Preise \u00fcber weitere Entlastungen reden. Vor<br \/>\nallem m\u00fcssen wir unsere Energieversorgung auf robustere F\u00fc\u00dfe stellen. Sowohl bei den LNG-Terminals<br \/>\nals auch beim Ausbau der Erneuerbaren Energien und der Stromnetze brauchen wir Tesla-Tempo. Als<br \/>\nBundesregierung werden wir daf\u00fcr alle Hebel in Bewegung setzen. Ich bin sicher, dass auch die<br \/>\nL\u00e4nder dies tun werden.\u201c<\/p>\n<p><a href=\"https:\/\/www.frankensicht.de\/?attachment_id=4769\" rel=\"attachment wp-att-4769\"><img loading=\"lazy\" decoding=\"async\" class=\"alignnone size-full wp-image-4769\" src=\"https:\/\/www.frankensicht.de\/wp-content\/uploads\/2012\/12\/steckdose.jpg\" alt=\"\" width=\"50\" height=\"50\" \/><\/a><br \/>\nDer Koalitionsvertrag sieht vor, dass die EEG-Umlage ab dem Jahr 2023 vollst\u00e4ndig aus dem Energie-<br \/>\nund Klimafonds finanziert werden soll. Mit der heute beschlossenen Formulierungshilfe treten<br \/>\nBundesregierung und Koalitionsfraktionen dem Preisanstieg noch fr\u00fcher entgegen: Bereits ab dem 1.<br \/>\nJuli 2022 soll keine EEG-Umlage mehr erhoben werden. Damit sichergestellt ist, dass die<br \/>\nUmlageabsenkung im zweiten Halbjahr 2022 zu einer sp\u00fcrbaren Entlastung von Letztverbrauchern bei<br \/>\nden Stromkosten f\u00fchrt, enth\u00e4lt das Gesetz Regelungen zur Weitergabe der Absenkung. Stromlieferanten<br \/>\nwerden in den jeweiligen Vertragsverh\u00e4ltnissen zu einer entsprechenden Absenkung der Preise zum 1.<br \/>\nJuli 2022 verpflichtet.<\/p>\n<p>https:\/\/www.bmwi.de\/Redaktion\/DE\/Pressemitteilungen\/2022\/03\/20220309-kabinett-bringt-abschaffung-der-eeg-umlage-auf-den-weg.html<\/p>\n<p>Quelle:bmwi.de<\/p>\n","protected":false},"excerpt":{"rendered":"<p>Berlin: Kabinett bringt Abschaffung der EEG-Umlage auf den Weg Das Bundeskabinett hat heute die vom Bundesminister f\u00fcr Wirtschaft und Klimaschutz vorgelegte Formulierungshilfe f\u00fcr einen Gesetzentwurf zur Abschaffung der EEG-Umlage und zu deren Weitergabe an die Letztverbraucher beschlossen. Die Formulierungshilfe wird jetzt den Koalitionsfraktionen f\u00fcr den weiteren Gesetzgebungsprozess zugeleitet. Bundesminister Robert Habeck: \u201eDie Abschaffung der EEG-Umlage [&hellip;]<\/p>\n","protected":false},"author":7,"featured_media":4769,"comment_status":"closed","ping_status":"open","sticky":false,"template":"","format":"standard","meta":{"footnotes":""},"categories":[44,383,3],"tags":[3607],"class_list":["post-14786","post","type-post","status-publish","format-standard","has-post-thumbnail","hentry","category-deutschland-2","category-energie","category-news","tag-eeg-umlage-abschaffung"],"_links":{"self":[{"href":"https:\/\/www.frankensicht.de\/index.php?rest_route=\/wp\/v2\/posts\/14786","targetHints":{"allow":["GET"]}}],"collection":[{"href":"https:\/\/www.frankensicht.de\/index.php?rest_route=\/wp\/v2\/posts"}],"about":[{"href":"https:\/\/www.frankensicht.de\/index.php?rest_route=\/wp\/v2\/types\/post"}],"author":[{"embeddable":true,"href":"https:\/\/www.frankensicht.de\/index.php?rest_route=\/wp\/v2\/users\/7"}],"replies":[{"embeddable":true,"href":"https:\/\/www.frankensicht.de\/index.php?rest_route=%2Fwp%2Fv2%2Fcomments&post=14786"}],"version-history":[{"count":1,"href":"https:\/\/www.frankensicht.de\/index.php?rest_route=\/wp\/v2\/posts\/14786\/revisions"}],"predecessor-version":[{"id":14787,"href":"https:\/\/www.frankensicht.de\/index.php?rest_route=\/wp\/v2\/posts\/14786\/revisions\/14787"}],"wp:featuredmedia":[{"embeddable":true,"href":"https:\/\/www.frankensicht.de\/index.php?rest_route=\/wp\/v2\/media\/4769"}],"wp:attachment":[{"href":"https:\/\/www.frankensicht.de\/index.php?rest_route=%2Fwp%2Fv2%2Fmedia&parent=14786"}],"wp:term":[{"taxonomy":"category","embeddable":true,"href":"https:\/\/www.frankensicht.de\/index.php?rest_route=%2Fwp%2Fv2%2Fcategories&post=14786"},{"taxonomy":"post_tag","embeddable":true,"href":"https:\/\/www.frankensicht.de\/index.php?rest_route=%2Fwp%2Fv2%2Ftags&post=14786"}],"curies":[{"name":"wp","href":"https:\/\/api.w.org\/{rel}","templated":true}]}}