{"id":14768,"date":"2022-03-03T08:24:53","date_gmt":"2022-03-03T07:24:53","guid":{"rendered":"https:\/\/www.frankensicht.de\/?p=14768"},"modified":"2022-03-03T08:27:19","modified_gmt":"2022-03-03T07:27:19","slug":"oezdemir-versorgung-in-der-eu-ist-nicht-gefaehrdet","status":"publish","type":"post","link":"https:\/\/www.frankensicht.de\/?p=14768","title":{"rendered":"\u00d6zdemir: Versorgung in der EU ist nicht gef\u00e4hrdet"},"content":{"rendered":"<p><span style=\"color: #ff0000;\">Berlin:<\/span><\/p>\n<p>\u00d6zdemir: Versorgung in der EU ist nicht gef\u00e4hrdet<br \/>\nAu\u00dferordentliches informelles Agrarministertreffen zur Lage auf den Agrarm\u00e4rkten<\/p>\n<p>Angesichts des Angriffs Russlands auf die Ukraine kommen die Agrarministerinnen und \u2013minister der Europ\u00e4ischen Union (EU) heute virtuell zu einem au\u00dferordentlichen informellen Treffen zusammen. Gespr\u00e4chsthema ist dabei die Lage auf den Agrarm\u00e4rkten nach der Invasion.<\/p>\n<p><a href=\"https:\/\/www.frankensicht.de\/?attachment_id=12359\" rel=\"attachment wp-att-12359\"><img loading=\"lazy\" decoding=\"async\" class=\"alignnone size-medium wp-image-12359\" src=\"https:\/\/www.frankensicht.de\/wp-content\/uploads\/2019\/03\/getreide-300x225.jpg\" alt=\"\" width=\"300\" height=\"225\" srcset=\"https:\/\/www.frankensicht.de\/wp-content\/uploads\/2019\/03\/getreide-300x225.jpg 300w, https:\/\/www.frankensicht.de\/wp-content\/uploads\/2019\/03\/getreide.jpg 640w\" sizes=\"auto, (max-width: 300px) 100vw, 300px\" \/><\/a><\/p>\n<p>Bundesminister f\u00fcr Ern\u00e4hrung und Landwirtschaft, Cem \u00d6zdemir: \u201eIch bin absolut fassungslos \u00fcber das, was in der Ukraine geschieht. Dieser v\u00f6lkerrechtswidrige Angriff Russlands ist ein brutaler Schlag gegen unsere europ\u00e4ische Friedensordnung. Als Bundeslandwirtschaftsminister werde ich alles tun, was m\u00f6glich ist, um die Lebensmittelversorgung in der Ukraine zu unterst\u00fctzen. Ich stehe in engem Austausch mit den Akteuren aus der Ern\u00e4hrungswirtschaft und dem Lebensmittelhandel und mein Ministerium unterst\u00fctzt bei der Koordinierung.\u201c<\/p>\n<p>Russland ist f\u00fcr 10 Prozent, die Ukraine f\u00fcr 4 Prozent der weltweiten Weizenexporte verantwortlich. Hauptimporteure sind vor allem die L\u00e4nder Nordafrikas, die T\u00fcrkei, sowie asiatische L\u00e4nder. Die EU und Deutschland haben hierbei einen Selbstversorgungsgrad von \u00fcber 100 Prozent. Die Versorgung innerhalb der EU ist daher nicht gef\u00e4hrdet.<\/p>\n<p>\u00d6zdemir: \u201eDie Versorgung innerhalb der EU ist nicht gef\u00e4hrdet. Trotzdem halten wir die Auswirkungen auf die Agrarm\u00e4rkte genau im Blick. Weltweit ist nicht zuletzt wegen der stark gestiegenen Energiekosten mit Preissteigerungen bei Agrarrohstoffen und bei D\u00fcngemitteln zu rechnen. In der Konsequenz k\u00f6nnen wir auch nicht ausschlie\u00dfen, dass das bei den Verbraucherinnen und Verbrauchern an der Supermarktkasse ankommt. Wir beobachten die Lage der M\u00e4rkte weltweit sehr genau.<\/p>\n<p>Wer aber in dieser Situation fordert, erste Schritte der Europ\u00e4ischen Agrarpolitik hin zur F\u00f6rderung einer klima- und umweltschonenden Landwirtschaft zur\u00fcckzudrehen, dem will ich ganz deutlich machen, dass er hier auf dem Holzweg ist. Um das Recht auf Nahrung nachhaltig weltweit zu sichern, m\u00fcssen wir die \u00f6kologischen Krisen entschieden bek\u00e4mpfen.\u201c<\/p>\n<p>Quelle:bmel.bund.de<\/p>\n","protected":false},"excerpt":{"rendered":"<p>Berlin: \u00d6zdemir: Versorgung in der EU ist nicht gef\u00e4hrdet Au\u00dferordentliches informelles Agrarministertreffen zur Lage auf den Agrarm\u00e4rkten Angesichts des Angriffs Russlands auf die Ukraine kommen die Agrarministerinnen und \u2013minister der Europ\u00e4ischen Union (EU) heute virtuell zu einem au\u00dferordentlichen informellen Treffen zusammen. Gespr\u00e4chsthema ist dabei die Lage auf den Agrarm\u00e4rkten nach der Invasion. Bundesminister f\u00fcr Ern\u00e4hrung [&hellip;]<\/p>\n","protected":false},"author":7,"featured_media":12359,"comment_status":"closed","ping_status":"open","sticky":false,"template":"","format":"standard","meta":{"footnotes":""},"categories":[44,75,3],"tags":[3601],"class_list":["post-14768","post","type-post","status-publish","format-standard","has-post-thumbnail","hentry","category-deutschland-2","category-europa-2","category-news","tag-lebensmiitel-europa"],"_links":{"self":[{"href":"https:\/\/www.frankensicht.de\/index.php?rest_route=\/wp\/v2\/posts\/14768","targetHints":{"allow":["GET"]}}],"collection":[{"href":"https:\/\/www.frankensicht.de\/index.php?rest_route=\/wp\/v2\/posts"}],"about":[{"href":"https:\/\/www.frankensicht.de\/index.php?rest_route=\/wp\/v2\/types\/post"}],"author":[{"embeddable":true,"href":"https:\/\/www.frankensicht.de\/index.php?rest_route=\/wp\/v2\/users\/7"}],"replies":[{"embeddable":true,"href":"https:\/\/www.frankensicht.de\/index.php?rest_route=%2Fwp%2Fv2%2Fcomments&post=14768"}],"version-history":[{"count":1,"href":"https:\/\/www.frankensicht.de\/index.php?rest_route=\/wp\/v2\/posts\/14768\/revisions"}],"predecessor-version":[{"id":14769,"href":"https:\/\/www.frankensicht.de\/index.php?rest_route=\/wp\/v2\/posts\/14768\/revisions\/14769"}],"wp:featuredmedia":[{"embeddable":true,"href":"https:\/\/www.frankensicht.de\/index.php?rest_route=\/wp\/v2\/media\/12359"}],"wp:attachment":[{"href":"https:\/\/www.frankensicht.de\/index.php?rest_route=%2Fwp%2Fv2%2Fmedia&parent=14768"}],"wp:term":[{"taxonomy":"category","embeddable":true,"href":"https:\/\/www.frankensicht.de\/index.php?rest_route=%2Fwp%2Fv2%2Fcategories&post=14768"},{"taxonomy":"post_tag","embeddable":true,"href":"https:\/\/www.frankensicht.de\/index.php?rest_route=%2Fwp%2Fv2%2Ftags&post=14768"}],"curies":[{"name":"wp","href":"https:\/\/api.w.org\/{rel}","templated":true}]}}