{"id":14765,"date":"2022-03-02T08:19:56","date_gmt":"2022-03-02T07:19:56","guid":{"rendered":"https:\/\/www.frankensicht.de\/?p=14765"},"modified":"2022-03-02T08:19:56","modified_gmt":"2022-03-02T07:19:56","slug":"bundesministerium-fuer-wirtschaft-und-klimaschutz-foerdert-mikro-depots","status":"publish","type":"post","link":"https:\/\/www.frankensicht.de\/?p=14765","title":{"rendered":"Bundesministerium f\u00fcr Wirtschaft und Klimaschutz f\u00f6rdert Mikro-Depots"},"content":{"rendered":"<p><span style=\"color: #ff0000;\">Berlin:<\/span><\/p>\n<p>Bundesministerium f\u00fcr Wirtschaft und Klimaschutz f\u00f6rdert Mikro-Depots<br \/>\nAttraktive F\u00f6rderbedingungen f\u00fcr den Umstieg auf eine zukunftsf\u00e4hige klimafreundliche Logistik<\/p>\n<p>F\u00fcr den Umstieg auf eine zukunftsf\u00e4hige klimafreundliche Logistik k\u00f6nnen Unternehmen ab heute<br \/>\nwieder Skizzen zur F\u00f6rderung von Mikro-Depots im Rahmen der Nationalen Klimaschutzinitiative (NKI)<br \/>\ndes Bundesministeriums f\u00fcr Wirtschaft und Klimaschutz einreichen. Bis zu 40 Prozent der<br \/>\nzuwendungsf\u00e4higen Ausgaben k\u00f6nnen gef\u00f6rdert werden.<\/p>\n<p><a href=\"https:\/\/www.frankensicht.de\/?attachment_id=4845\" rel=\"attachment wp-att-4845\"><img loading=\"lazy\" decoding=\"async\" class=\"alignnone size-medium wp-image-4845\" src=\"https:\/\/www.frankensicht.de\/wp-content\/uploads\/2012\/12\/1euro-300x225.jpg\" alt=\"\" width=\"300\" height=\"225\" srcset=\"https:\/\/www.frankensicht.de\/wp-content\/uploads\/2012\/12\/1euro-300x225.jpg 300w, https:\/\/www.frankensicht.de\/wp-content\/uploads\/2012\/12\/1euro.jpg 640w\" sizes=\"auto, (max-width: 300px) 100vw, 300px\" \/><\/a><br \/>\nMit der Mikro-Depot-Richtlinie f\u00f6rdert das Bundesministerium f\u00fcr Wirtschaft und Klimaschutz die<br \/>\nklimafreundliche Gestaltung der Lieferverkehre. Der Online-Handel und der damit verbundene<br \/>\nTransport von Waren durch Kurier-, Express- und Paketdienstleister (KEP) hat in den letzten Jahren<br \/>\nstark zugenommen. Das f\u00fchrt zu hohen CO2 Emissionen aber auch zu erh\u00f6hten Konzentrationen an<br \/>\nFeinstaub und Stickstoff sowie Staus in unseren St\u00e4dten.<br \/>\nDie Richtlinie f\u00f6rdert Investitionen, die eine emissionsfreie Abwicklung von logistischen Prozessen<br \/>\n\u201eauf der letzten Meile\u201c erm\u00f6glichen. Die \u201eletzte Meile\u201c ist der finale Transport der Sendungen zum<br \/>\nEndkunden.<br \/>\nDas Antragsverfahren ist zweistufig. In der ersten Stufe k\u00f6nnen Unternehmen in den Jahren 2022 bis<br \/>\n2023 jeweils im Zeitraum vom 1. M\u00e4rz bis zum 31. Mai Projektskizzen einreichen. In einem<br \/>\nAuswahlverfahren werden diese anhand von definierten Kriterien ausgew\u00e4hlt und die Einreichenden zur<br \/>\nf\u00f6rmlichen Antragstellung aufgefordert.<br \/>\nGef\u00f6rdert werden vielf\u00e4ltige Ma\u00dfnahmen, wie z.B. die Errichtung, Nutzbarmachung und Sicherung von<br \/>\nMikro-Depots, die Anschaffung von Containern und spezieller Sicherheitstechnik, die bauliche<br \/>\nSanierung bereits bestehender Infrastruktur sowie Ma\u00dfnahmen zur Wahrung von Arbeitsschutz und<br \/>\nBauordnungsrecht.<br \/>\nVon der F\u00f6rderung k\u00f6nnen private Unternehmen sowie Unternehmen mit kommunaler Beteiligung<br \/>\nprofitieren. Die Kooperation von mehreren Antragstellern in Verb\u00fcnden ist ausdr\u00fccklich erw\u00fcnscht.<br \/>\nDie Skizzen zur Richtlinie nimmt die Zukunft-Umwelt-Gesellschaft (ZUG) ab 1. M\u00e4rz 2022 entgegen.<br \/>\nDie Richtlinie gilt bis 30. Juni 2024.<br \/>\nWeitere Informationen zur Nationalen Klimaschutzinitiative www.klimaschutz.de<br \/>\nWeitere Informationen zu den Richtlinien:<br \/>\nhttps:\/\/www.klimaschutz.de\/de\/foerderung\/foerderprogramme\/mikro- depot-richtlinie<\/p>\n<p>https:\/\/www.bmwi.de\/Redaktion\/DE\/Pressemitteilungen\/2022\/03\/20220301-bundesministerium-fur-wirtschaft-und-klimaschutz-fordert-mikro-depots.html<\/p>\n<p>Quelle:abo-bmwi.de<\/p>\n","protected":false},"excerpt":{"rendered":"<p>Berlin: Bundesministerium f\u00fcr Wirtschaft und Klimaschutz f\u00f6rdert Mikro-Depots Attraktive F\u00f6rderbedingungen f\u00fcr den Umstieg auf eine zukunftsf\u00e4hige klimafreundliche Logistik F\u00fcr den Umstieg auf eine zukunftsf\u00e4hige klimafreundliche Logistik k\u00f6nnen Unternehmen ab heute wieder Skizzen zur F\u00f6rderung von Mikro-Depots im Rahmen der Nationalen Klimaschutzinitiative (NKI) des Bundesministeriums f\u00fcr Wirtschaft und Klimaschutz einreichen. Bis zu 40 Prozent der zuwendungsf\u00e4higen [&hellip;]<\/p>\n","protected":false},"author":7,"featured_media":4845,"comment_status":"closed","ping_status":"open","sticky":false,"template":"","format":"standard","meta":{"footnotes":""},"categories":[44,3],"tags":[3599],"class_list":["post-14765","post","type-post","status-publish","format-standard","has-post-thumbnail","hentry","category-deutschland-2","category-news","tag-mikro-depot"],"_links":{"self":[{"href":"https:\/\/www.frankensicht.de\/index.php?rest_route=\/wp\/v2\/posts\/14765","targetHints":{"allow":["GET"]}}],"collection":[{"href":"https:\/\/www.frankensicht.de\/index.php?rest_route=\/wp\/v2\/posts"}],"about":[{"href":"https:\/\/www.frankensicht.de\/index.php?rest_route=\/wp\/v2\/types\/post"}],"author":[{"embeddable":true,"href":"https:\/\/www.frankensicht.de\/index.php?rest_route=\/wp\/v2\/users\/7"}],"replies":[{"embeddable":true,"href":"https:\/\/www.frankensicht.de\/index.php?rest_route=%2Fwp%2Fv2%2Fcomments&post=14765"}],"version-history":[{"count":1,"href":"https:\/\/www.frankensicht.de\/index.php?rest_route=\/wp\/v2\/posts\/14765\/revisions"}],"predecessor-version":[{"id":14766,"href":"https:\/\/www.frankensicht.de\/index.php?rest_route=\/wp\/v2\/posts\/14765\/revisions\/14766"}],"wp:featuredmedia":[{"embeddable":true,"href":"https:\/\/www.frankensicht.de\/index.php?rest_route=\/wp\/v2\/media\/4845"}],"wp:attachment":[{"href":"https:\/\/www.frankensicht.de\/index.php?rest_route=%2Fwp%2Fv2%2Fmedia&parent=14765"}],"wp:term":[{"taxonomy":"category","embeddable":true,"href":"https:\/\/www.frankensicht.de\/index.php?rest_route=%2Fwp%2Fv2%2Fcategories&post=14765"},{"taxonomy":"post_tag","embeddable":true,"href":"https:\/\/www.frankensicht.de\/index.php?rest_route=%2Fwp%2Fv2%2Ftags&post=14765"}],"curies":[{"name":"wp","href":"https:\/\/api.w.org\/{rel}","templated":true}]}}