{"id":14761,"date":"2022-02-28T08:25:32","date_gmt":"2022-02-28T07:25:32","guid":{"rendered":"https:\/\/www.frankensicht.de\/?p=14761"},"modified":"2022-02-28T08:25:32","modified_gmt":"2022-02-28T07:25:32","slug":"debatte-um-hoehere-mehrwertsteuer-fuer-fleisch","status":"publish","type":"post","link":"https:\/\/www.frankensicht.de\/?p=14761","title":{"rendered":"Debatte um h\u00f6here Mehrwertsteuer f\u00fcr Fleisch"},"content":{"rendered":"<p><span style=\"color: #ff0000;\">M\u00fcnchen:<\/span><\/p>\n<p>Debatte um h\u00f6here Mehrwertsteuer f\u00fcr Fleisch<\/p>\n<p>Aiwanger: &#8222;Wer in der aktuellen Krise eine weitere Erh\u00f6hung der Lebensmittelpreise will, ist ein realit\u00e4tsferner Ideologe &#8211; Mehrwertsteuererh\u00f6hung auf Fleisch w\u00fcrde Verbraucher und Erzeuger belasten und Inflation weiter anfeuern&#8220;<\/p>\n<p>Bayerns Wirtschaftsminister Hubert Aiwanger kritisiert scharf die aktuelle Forderung von Umweltbundesamt und Greenpeace nach Erh\u00f6hung der Mehrwertsteuer auf Fleisch von 7% auf 19%.<\/p>\n<p><a href=\"https:\/\/www.frankensicht.de\/?attachment_id=12572\" rel=\"attachment wp-att-12572\"><img loading=\"lazy\" decoding=\"async\" class=\"alignnone size-medium wp-image-12572\" src=\"https:\/\/www.frankensicht.de\/wp-content\/uploads\/2019\/05\/kuh-300x225.jpg\" alt=\"\" width=\"300\" height=\"225\" srcset=\"https:\/\/www.frankensicht.de\/wp-content\/uploads\/2019\/05\/kuh-300x225.jpg 300w, https:\/\/www.frankensicht.de\/wp-content\/uploads\/2019\/05\/kuh-768x576.jpg 768w, https:\/\/www.frankensicht.de\/wp-content\/uploads\/2019\/05\/kuh-1024x768.jpg 1024w, https:\/\/www.frankensicht.de\/wp-content\/uploads\/2019\/05\/kuh.jpg 1600w\" sizes=\"auto, (max-width: 300px) 100vw, 300px\" \/><\/a><\/p>\n<p>Aiwanger: Das ist eine Debatte, inhaltlich falsch und v\u00f6llig zur Unzeit. Einige Ideologen sehen offenbar jetzt ihre Stunde gekommen oder sie tr\u00e4umen im Elfenbeinturm und sehen nicht was politisch gerade los ist. Letzte Woche haben die selben Kreise trotz aktueller Energie-Versorgungskrise die Nutzung des heimischen nachwachsenden Energietr\u00e4gers Holz in Frage gestellt, jetzt wird gefordert, Fleisch staatlich zu verteuern, obwohl die Verbraucher ohnehin stark betroffen sind von der Inflationsrate auch im Lebensmittelbereich. Die Bundesregierung muss diese gezielte Verunsicherung der \u00d6ffentlichkeit stoppen, sofern sie von Personen aus Institutionen des Bundes ausgehen. Wir brauchen angesichts der aktuell hohen Inflationsraten eher Strategien f\u00fcr Preissenkungen, um die Verbraucher und vor allem die finanzschwachen Haushalte zu entlasten. Fleisch darf nicht zu einem Luxusgut werden und die Inflation weiter anheizen.<\/p>\n<p>&nbsp;<\/p>\n<p>Die heimischen landwirtschaftlichen Betriebe, Garanten unserer Nahrungsmittelversorgung, w\u00fcrden zudem durch eine Mehrwertsteuererh\u00f6hung auf Fleisch zus\u00e4tzlich belastet, weil der Preisdruck durch den Handel nach unten an die Erzeuger weitergegeben w\u00fcrde. Die Landwirte h\u00e4tten trotz steigender Preise f\u00fcr Lebensmittel ohnehin mit teils ruin\u00f6sen Erzeugerpreisen, beispielsweise bei Schweinefleisch, steigenden Energiepreisen und Gestehungskosten zu k\u00e4mpfen, so Aiwanger. Und weiter: &#8222;Wenn der Staat jetzt an der Steuerschraube drehen soll, dann allgemein nach unten, aber nicht nach oben.&#8220;<\/p>\n<p>Quelle: stmwi.bayern.de<\/p>\n","protected":false},"excerpt":{"rendered":"<p>M\u00fcnchen: Debatte um h\u00f6here Mehrwertsteuer f\u00fcr Fleisch Aiwanger: &#8222;Wer in der aktuellen Krise eine weitere Erh\u00f6hung der Lebensmittelpreise will, ist ein realit\u00e4tsferner Ideologe &#8211; Mehrwertsteuererh\u00f6hung auf Fleisch w\u00fcrde Verbraucher und Erzeuger belasten und Inflation weiter anfeuern&#8220; Bayerns Wirtschaftsminister Hubert Aiwanger kritisiert scharf die aktuelle Forderung von Umweltbundesamt und Greenpeace nach Erh\u00f6hung der Mehrwertsteuer auf Fleisch [&hellip;]<\/p>\n","protected":false},"author":7,"featured_media":12572,"comment_status":"closed","ping_status":"open","sticky":false,"template":"","format":"standard","meta":{"footnotes":""},"categories":[78,71],"tags":[],"class_list":["post-14761","post","type-post","status-publish","format-standard","has-post-thumbnail","hentry","category-bayern","category-menue"],"_links":{"self":[{"href":"https:\/\/www.frankensicht.de\/index.php?rest_route=\/wp\/v2\/posts\/14761","targetHints":{"allow":["GET"]}}],"collection":[{"href":"https:\/\/www.frankensicht.de\/index.php?rest_route=\/wp\/v2\/posts"}],"about":[{"href":"https:\/\/www.frankensicht.de\/index.php?rest_route=\/wp\/v2\/types\/post"}],"author":[{"embeddable":true,"href":"https:\/\/www.frankensicht.de\/index.php?rest_route=\/wp\/v2\/users\/7"}],"replies":[{"embeddable":true,"href":"https:\/\/www.frankensicht.de\/index.php?rest_route=%2Fwp%2Fv2%2Fcomments&post=14761"}],"version-history":[{"count":1,"href":"https:\/\/www.frankensicht.de\/index.php?rest_route=\/wp\/v2\/posts\/14761\/revisions"}],"predecessor-version":[{"id":14762,"href":"https:\/\/www.frankensicht.de\/index.php?rest_route=\/wp\/v2\/posts\/14761\/revisions\/14762"}],"wp:featuredmedia":[{"embeddable":true,"href":"https:\/\/www.frankensicht.de\/index.php?rest_route=\/wp\/v2\/media\/12572"}],"wp:attachment":[{"href":"https:\/\/www.frankensicht.de\/index.php?rest_route=%2Fwp%2Fv2%2Fmedia&parent=14761"}],"wp:term":[{"taxonomy":"category","embeddable":true,"href":"https:\/\/www.frankensicht.de\/index.php?rest_route=%2Fwp%2Fv2%2Fcategories&post=14761"},{"taxonomy":"post_tag","embeddable":true,"href":"https:\/\/www.frankensicht.de\/index.php?rest_route=%2Fwp%2Fv2%2Ftags&post=14761"}],"curies":[{"name":"wp","href":"https:\/\/api.w.org\/{rel}","templated":true}]}}