{"id":14754,"date":"2022-02-25T08:21:08","date_gmt":"2022-02-25T07:21:08","guid":{"rendered":"https:\/\/www.frankensicht.de\/?p=14754"},"modified":"2022-02-25T08:21:16","modified_gmt":"2022-02-25T07:21:16","slug":"digitalisierung-der-gesellschaft-kommt-weiter-voran","status":"publish","type":"post","link":"https:\/\/www.frankensicht.de\/?p=14754","title":{"rendered":"Digitalisierung der Gesellschaft kommt weiter voran"},"content":{"rendered":"<p><span style=\"color: #ff0000;\">Berlin:<\/span><\/p>\n<p>Digitalisierung der Gesellschaft kommt weiter voran<\/p>\n<p>Im Rahmen des #D21-Digital-Webkongress Digitale Gesellschaft 2022 wurde heute der vom<br \/>\nBundesministerium f\u00fcr Wirtschaft und Klimaschutz mitgef\u00f6rderte D21-Digital-Index 2021 \/ 22<br \/>\nvorgestellt. Die Parlamentarische Staatssekret\u00e4rin beim Bundesminister f\u00fcr Wirtschaft und<br \/>\nKlimaschutz Dr. Franziska Brantner hat eine Keynote zum Thema Herausforderungen der Gesellschaft im<br \/>\ndigitalen und gr\u00fcnen Wandel gehalten. Im Anschluss fand ein Austausch mit Hannes Schwaderer,<br \/>\nPr\u00e4sident der Initiative D21, zum Thema Nachhaltigkeit und Digitalisierung statt.<\/p>\n<p><a href=\"https:\/\/www.frankensicht.de\/?attachment_id=3481\" rel=\"attachment wp-att-3481\"><img loading=\"lazy\" decoding=\"async\" class=\"alignnone size-medium wp-image-3481\" src=\"https:\/\/www.frankensicht.de\/wp-content\/uploads\/2012\/07\/computer-300x225.jpg\" alt=\"\" width=\"300\" height=\"225\" srcset=\"https:\/\/www.frankensicht.de\/wp-content\/uploads\/2012\/07\/computer-300x225.jpg 300w, https:\/\/www.frankensicht.de\/wp-content\/uploads\/2012\/07\/computer.jpg 500w\" sizes=\"auto, (max-width: 300px) 100vw, 300px\" \/><\/a><\/p>\n<p>Die Ergebnisse des D21-Digital-Index 2021 \/ 22 zeigen, dass die Digitalisierung der Gesellschaft<br \/>\nweiter vorankommt. Fortschritte gab es beim Zugang zum Internet, dem Nutzungsverhalten und bei der<br \/>\nDigitalen Kompetenz.<\/p>\n<p>In ihrer Keynote zur Er\u00f6ffnung des Kongresses hob die Parlamentarische Staatssekret\u00e4rin Dr.<br \/>\nBrantner hervor: \u201ePositiv ist, dass der Digitalisierungsgrad weiter angestiegen ist. Erstmals sind<br \/>\nmehr als 90 Prozent der Menschen in Deutschland online. Auch bewegt sich mittlerweile knapp die<br \/>\nH\u00e4lfte der deutschen Bev\u00f6lkerung \u00e4u\u00dferst souver\u00e4n in der digitalen Welt. 15 Prozent stehen aber<br \/>\nnach wie vor im digitalen Abseits. Dies sollte uns Ansporn genug sein, die digitale Bildung weiter<br \/>\nauszubauen und damit Zugang und Teilhabe weiter zu st\u00e4rken.\u201c<\/p>\n<p>Ein Schwerpunkt der diesj\u00e4hrigen Studie war auch das Thema Digitalisierung und Nachhaltigkeit.<br \/>\nStaatssekret\u00e4rin Dr. Brantner betonte in ihrem Gespr\u00e4ch mit Herrn Hannes Schwaderer die insoweit<br \/>\nbestehenden Chancen. Hierzu habe man auch im Koalitionsvertrag Verabredungen getroffen. Auch das<br \/>\nBundesministerium f\u00fcr Wirtschaft und Klimaschutz ist hier bereits aktiv. So wird am 7. April im<br \/>\nRahmen der Preisverleihung der Winterrunde 2021\/2022 des \u201eGr\u00fcndungswettbewerb \u2013 Digitale<br \/>\nInnovationen \u201c der Sonderpreis \u201eDigitale Nachhaltigkeit\u201c vergeben, der das beste Konzept einer<br \/>\nUnternehmensgr\u00fcndung f\u00fcr eine digitale Umwelt- oder Klimaschutzanwendung auszeichnet.<\/p>\n<p>Mit dem Digital-Index misst die Initiative D21 e.V. mit Unterst\u00fctzung von Kantar TNS und einer<br \/>\nReihe von Partnern j\u00e4hrlich den Digitalisierungsgrad der deutschen Bev\u00f6lkerung. Die Studie zeigt,<br \/>\ndass die verschiedenen Generationen die Herausforderungen des digitalen Wandels teilweise sehr<br \/>\nunterschiedlich meistern. Die Einstellung gegen\u00fcber der Digitalisierung ist ambivalent: W\u00e4hrend<br \/>\neine knappe Mehrheit glaubt, von der Digitalisierung zu profitieren, versp\u00fcren auch immer mehr<br \/>\nMenschen Anzeichen \u201edigitaler Erm\u00fcdung\u201c.<\/p>\n<p>Die Studie finden Sie hier.<\/p>\n<p>https:\/\/www.bmwi.de\/Redaktion\/DE\/Pressemitteilungen\/2022\/02\/20220223-digitalisierung-der-gesellschaft-kommt-weiter-voran.html<\/p>\n<p>Quelle:abo-bmwi.de<\/p>\n","protected":false},"excerpt":{"rendered":"<p>Berlin: Digitalisierung der Gesellschaft kommt weiter voran Im Rahmen des #D21-Digital-Webkongress Digitale Gesellschaft 2022 wurde heute der vom Bundesministerium f\u00fcr Wirtschaft und Klimaschutz mitgef\u00f6rderte D21-Digital-Index 2021 \/ 22 vorgestellt. Die Parlamentarische Staatssekret\u00e4rin beim Bundesminister f\u00fcr Wirtschaft und Klimaschutz Dr. Franziska Brantner hat eine Keynote zum Thema Herausforderungen der Gesellschaft im digitalen und gr\u00fcnen Wandel gehalten. [&hellip;]<\/p>\n","protected":false},"author":7,"featured_media":3481,"comment_status":"closed","ping_status":"open","sticky":false,"template":"","format":"standard","meta":{"footnotes":""},"categories":[44,3],"tags":[3596],"class_list":["post-14754","post","type-post","status-publish","format-standard","has-post-thumbnail","hentry","category-deutschland-2","category-news","tag-digitale-gesellschaft"],"_links":{"self":[{"href":"https:\/\/www.frankensicht.de\/index.php?rest_route=\/wp\/v2\/posts\/14754","targetHints":{"allow":["GET"]}}],"collection":[{"href":"https:\/\/www.frankensicht.de\/index.php?rest_route=\/wp\/v2\/posts"}],"about":[{"href":"https:\/\/www.frankensicht.de\/index.php?rest_route=\/wp\/v2\/types\/post"}],"author":[{"embeddable":true,"href":"https:\/\/www.frankensicht.de\/index.php?rest_route=\/wp\/v2\/users\/7"}],"replies":[{"embeddable":true,"href":"https:\/\/www.frankensicht.de\/index.php?rest_route=%2Fwp%2Fv2%2Fcomments&post=14754"}],"version-history":[{"count":2,"href":"https:\/\/www.frankensicht.de\/index.php?rest_route=\/wp\/v2\/posts\/14754\/revisions"}],"predecessor-version":[{"id":14756,"href":"https:\/\/www.frankensicht.de\/index.php?rest_route=\/wp\/v2\/posts\/14754\/revisions\/14756"}],"wp:featuredmedia":[{"embeddable":true,"href":"https:\/\/www.frankensicht.de\/index.php?rest_route=\/wp\/v2\/media\/3481"}],"wp:attachment":[{"href":"https:\/\/www.frankensicht.de\/index.php?rest_route=%2Fwp%2Fv2%2Fmedia&parent=14754"}],"wp:term":[{"taxonomy":"category","embeddable":true,"href":"https:\/\/www.frankensicht.de\/index.php?rest_route=%2Fwp%2Fv2%2Fcategories&post=14754"},{"taxonomy":"post_tag","embeddable":true,"href":"https:\/\/www.frankensicht.de\/index.php?rest_route=%2Fwp%2Fv2%2Ftags&post=14754"}],"curies":[{"name":"wp","href":"https:\/\/api.w.org\/{rel}","templated":true}]}}