{"id":14746,"date":"2022-02-23T08:28:24","date_gmt":"2022-02-23T07:28:24","guid":{"rendered":"https:\/\/www.frankensicht.de\/?p=14746"},"modified":"2022-02-23T08:28:24","modified_gmt":"2022-02-23T07:28:24","slug":"habeck-zur-lage-in-der-ostukraine-und-stopp-des-zertifizierungsverfahrens-fuer-nord-stream-2","status":"publish","type":"post","link":"https:\/\/www.frankensicht.de\/?p=14746","title":{"rendered":"Habeck zur Lage in der Ostukraine und Stopp des Zertifizierungsverfahrens f\u00fcr Nord Stream 2"},"content":{"rendered":"<p><span style=\"color: #ff0000;\">Berlin:<\/span><\/p>\n<p>Habeck zur Lage in der Ostukraine und Stopp des Zertifizierungsverfahrens f\u00fcr Nord Stream 2<\/p>\n<p>Bundeswirtschafts- und Klimaschutzminister Habeck hat sich heute bei seinem Besuch in<br \/>\nNordrhein-Westfalen in der gemeinsamen Pressekonferenz mit Ministerpr\u00e4sident W\u00fcst zur Lage in der<br \/>\nOstukraine und zum heutigen Stopp des Zertifizierungsverfahren durch die Bundesregierung ge\u00e4u\u00dfert.<br \/>\nMinister Habeck sagt: \u201eIch verurteile den Bruch des V\u00f6lkerrechts durch Russland scharf. Es handelt<br \/>\nsich um einen schweren Bruch des V\u00f6lkerrechts &#8211; ohne erkennbaren Grund, k\u00fchl und strategisch<br \/>\ngeplant. Wir werden mit abgestimmten wirtschaftlichen Sanktionen reagieren und klare Antworten<br \/>\nfinden. Die Genehmigung f\u00fcr Nord Stream 2 haben wir heute vorerst gestoppt. Die geopolitische Lage<br \/>\nmacht eine Neubewertung von Nord Stream 2 zwingend erforderlich.\u201c<\/p>\n<p><a href=\"https:\/\/www.frankensicht.de\/?attachment_id=14423\" rel=\"attachment wp-att-14423\"><img loading=\"lazy\" decoding=\"async\" class=\"alignnone size-medium wp-image-14423\" src=\"https:\/\/www.frankensicht.de\/wp-content\/uploads\/2021\/06\/P1000075-300x225.jpg\" alt=\"\" width=\"300\" height=\"225\" srcset=\"https:\/\/www.frankensicht.de\/wp-content\/uploads\/2021\/06\/P1000075-300x225.jpg 300w, https:\/\/www.frankensicht.de\/wp-content\/uploads\/2021\/06\/P1000075.jpg 600w\" sizes=\"auto, (max-width: 300px) 100vw, 300px\" \/><\/a><br \/>\nIm Einzelnen:<br \/>\nDie Bundesregierung zieht den Versorgungssicherheitsbericht der Vorg\u00e4ngerregierung f\u00fcr die<br \/>\nGasleitung Nord Stream 2 zur\u00fcck. Dies hat das Bundesministerium f\u00fcr Wirtschaft und Klimaschutz<br \/>\nheute Vormittag der Bundesnetzagentur, die f\u00fcr die Zertifizierung der Leitung zust\u00e4ndig ist, in<br \/>\neinem Schreiben mitgeteilt. Solange der Versorgungssicherheitsbericht nicht aktualisiert ist, kann<br \/>\nkeine positive Zertifizierungsentscheidung durch die Bundesnetzagentur ergehen.<br \/>\nGrund f\u00fcr die Entscheidung ist die Situation am deutschen und europ\u00e4ischen Gasmarkt in diesem<br \/>\nWinter und die Zuspitzung der geostrategischen Entwicklung. Insbesondere angesichts der russischen<br \/>\nEskalation mit Blick auf die Ukraine und dem V\u00f6lkerrechtsbruch durch die Anerkennung der zwei<br \/>\n\u201eVolksrepubliken\u201c ist nicht auszuschlie\u00dfen, dass dies Auswirkungen auf die im Rahmen der<br \/>\nZertifizierung des Transportnetzbetreibers zu pr\u00fcfende Versorgungssicherheit der Bundesrepublik<br \/>\nDeutschland und der Europ\u00e4ischen Union hat. Dies macht eine Neubewertung erforderlich.<br \/>\nVoraussetzung f\u00fcr die Zertifizierung Nord Stream 2 ist, dass die Leitung die Versorgungssicherheit<br \/>\nin Deutschland und der Europ\u00e4ischen Union nicht gef\u00e4hrdet. Diese Bewertung wurde in der letzten<br \/>\nLegislaturperiode vom alten Bundeswirtschaftsministerium am 26. Oktober 2021 abgegeben.<br \/>\nDie nach \u00a7 4b Abs. 3 EnWG abzugebende Bewertung (Versorgungssicherheitsbericht) beruht auf einer<br \/>\nAnalyse tats\u00e4chlicher wie rechtlicher Grundlagen und kann bzw. muss bei einer \u00c4nderung wesentlicher<br \/>\ntats\u00e4chlicher Grundlagen angepasst werden.<\/p>\n<p>https:\/\/www.bmwi.de\/Redaktion\/DE\/Pressemitteilungen\/2022\/02\/20220222-habeck-zur-lage-in-der-ostukraine-und-stopp-des-zertifizierungsverfahrens-fur-nord-stream-2.html<\/p>\n<p>Quelle: abo-bmwi.de<\/p>\n","protected":false},"excerpt":{"rendered":"<p>Berlin: Habeck zur Lage in der Ostukraine und Stopp des Zertifizierungsverfahrens f\u00fcr Nord Stream 2 Bundeswirtschafts- und Klimaschutzminister Habeck hat sich heute bei seinem Besuch in Nordrhein-Westfalen in der gemeinsamen Pressekonferenz mit Ministerpr\u00e4sident W\u00fcst zur Lage in der Ostukraine und zum heutigen Stopp des Zertifizierungsverfahren durch die Bundesregierung ge\u00e4u\u00dfert. Minister Habeck sagt: \u201eIch verurteile den [&hellip;]<\/p>\n","protected":false},"author":7,"featured_media":14427,"comment_status":"closed","ping_status":"open","sticky":false,"template":"","format":"standard","meta":{"footnotes":""},"categories":[44,3],"tags":[3594],"class_list":["post-14746","post","type-post","status-publish","format-standard","has-post-thumbnail","hentry","category-deutschland-2","category-news","tag-nord-stream-2"],"_links":{"self":[{"href":"https:\/\/www.frankensicht.de\/index.php?rest_route=\/wp\/v2\/posts\/14746","targetHints":{"allow":["GET"]}}],"collection":[{"href":"https:\/\/www.frankensicht.de\/index.php?rest_route=\/wp\/v2\/posts"}],"about":[{"href":"https:\/\/www.frankensicht.de\/index.php?rest_route=\/wp\/v2\/types\/post"}],"author":[{"embeddable":true,"href":"https:\/\/www.frankensicht.de\/index.php?rest_route=\/wp\/v2\/users\/7"}],"replies":[{"embeddable":true,"href":"https:\/\/www.frankensicht.de\/index.php?rest_route=%2Fwp%2Fv2%2Fcomments&post=14746"}],"version-history":[{"count":1,"href":"https:\/\/www.frankensicht.de\/index.php?rest_route=\/wp\/v2\/posts\/14746\/revisions"}],"predecessor-version":[{"id":14747,"href":"https:\/\/www.frankensicht.de\/index.php?rest_route=\/wp\/v2\/posts\/14746\/revisions\/14747"}],"wp:featuredmedia":[{"embeddable":true,"href":"https:\/\/www.frankensicht.de\/index.php?rest_route=\/wp\/v2\/media\/14427"}],"wp:attachment":[{"href":"https:\/\/www.frankensicht.de\/index.php?rest_route=%2Fwp%2Fv2%2Fmedia&parent=14746"}],"wp:term":[{"taxonomy":"category","embeddable":true,"href":"https:\/\/www.frankensicht.de\/index.php?rest_route=%2Fwp%2Fv2%2Fcategories&post=14746"},{"taxonomy":"post_tag","embeddable":true,"href":"https:\/\/www.frankensicht.de\/index.php?rest_route=%2Fwp%2Fv2%2Ftags&post=14746"}],"curies":[{"name":"wp","href":"https:\/\/api.w.org\/{rel}","templated":true}]}}