{"id":14355,"date":"2021-05-13T08:24:49","date_gmt":"2021-05-13T06:24:49","guid":{"rendered":"https:\/\/www.frankensicht.de\/?p=14355"},"modified":"2021-05-13T08:24:49","modified_gmt":"2021-05-13T06:24:49","slug":"beginn-des-abiturs-fuer-rund-35-000-schuelerinnen-und-schueler-in-bayern","status":"publish","type":"post","link":"https:\/\/www.frankensicht.de\/?p=14355","title":{"rendered":"Beginn des Abiturs f\u00fcr rund 35.000 Sch\u00fclerinnen und Sch\u00fcler in Bayern"},"content":{"rendered":"<p><span style=\"color: #ff0000;\">M\u00fcnchen:<\/span><\/p>\n<p>Beginn des Abiturs f\u00fcr rund 35.000 Sch\u00fclerinnen und Sch\u00fcler in Bayern &#8211; Kultusminister Michael Piazolo und Kultusstaatssekret\u00e4rin Anna Stolz w\u00fcnschen Pr\u00fcflingen &#8222;viel Erfolg und alles Gute&#8220;<\/p>\n<p>An Bayerns Gymnasien beginnen f\u00fcr rund 35.000 Sch\u00fclerinnen und Sch\u00fcler am 12. Mai die Abiturpr\u00fcfungen. Die Pr\u00fcfungen wurden pandemiebedingt um zwei Wochen nach hinten verlegt, um faire und gleichzeitig sichere Bedingungen zu gew\u00e4hrleisten.<\/p>\n<p><a href=\"https:\/\/www.frankensicht.de\/?attachment_id=2831\" rel=\"attachment wp-att-2831\"><img loading=\"lazy\" decoding=\"async\" class=\"alignnone size-medium wp-image-2831\" src=\"https:\/\/www.frankensicht.de\/wp-content\/uploads\/2012\/06\/schule-300x187.jpg\" alt=\"\" width=\"300\" height=\"187\" srcset=\"https:\/\/www.frankensicht.de\/wp-content\/uploads\/2012\/06\/schule-300x187.jpg 300w, https:\/\/www.frankensicht.de\/wp-content\/uploads\/2012\/06\/schule.jpg 640w\" sizes=\"auto, (max-width: 300px) 100vw, 300px\" \/><\/a><\/p>\n<p>\u201eSchon in normalen Jahren ist das Ablegen einer so wichtigen Pr\u00fcfung auch mit Aufregung und Anspannung verbunden. Ich kann gut nachvollziehen, dass dieses Jahr viele von Ihnen zus\u00e4tzlich die Frage bewegt, ob und wie die Corona-Pandemie die Pr\u00fcfungen beeinflussen k\u00f6nnte. Ich bin davon \u00fcberzeugt, dass Sie die Zeit mit Ihren Lehrkr\u00e4ften intensiv genutzt haben und nun gut vorbereitet sind, um auch die letzte Herausforderung Ihrer Gymnasialzeit zu meistern\u201c, richtet sich Kultusminister Michael Piazolo an die Sch\u00fclerinnen und Sch\u00fcler. \u201eDaf\u00fcr w\u00fcnsche ich Ihnen den Mut, auf Ihre F\u00e4higkeiten zu vertrauen, gute Nerven und das n\u00f6tige Qu\u00e4ntchen Gl\u00fcck!\u201c<\/p>\n<p>Auch Staatssekret\u00e4rin Anna Stolz ist in Gedanken bei den Pr\u00fcflingen: \u201eIch w\u00fcnsche Ihnen, liebe Abiturientinnen und Abiturienten, viel Kraft, Erfolg und alles Gute f\u00fcr die letzte H\u00fcrde dieses Lebensabschnitts! Schon bis hierher haben Sie so viel geleistet und vollbracht, dass Sie stolz auf sich sein k\u00f6nnen! Ich hoffe, Sie alle werden f\u00fcr Ihr Engagement jetzt mit erfolgreichen Pr\u00fcfungsergebnissen belohnt!\u201c<\/p>\n<p>Drei schriftliche Abiturpr\u00fcfungen stehen am Beginn des Abiturs an Bayerns Gymnasien: am 12. Mai 2021 im Fach Deutsch, am 18. Mai im Fach Mathematik und am 21. Mai in einem weiteren Fach, z. B. einer Fremdsprache oder einem gesellschafts- oder naturwissenschaftlichen Fach.<\/p>\n<p>Nach den Pfingstferien finden in den beiden Wochen zwischen dem 7. Juni und 18. Juni die m\u00fcndlichen Kolloquiumspr\u00fcfungen in zwei weiteren F\u00e4chern statt.<\/p>\n<p>Mit verschiedenen Ma\u00dfnahmen tr\u00e4gt das Kultusministerium den besonderen Umst\u00e4nden der diesj\u00e4hrigen Pr\u00fcfung Rechnung. Das Ministerium sorgt f\u00fcr alle Abiturientinnen und Abiturienten f\u00fcr vergleichbare und faire Rahmenbedingungen. Dazu geh\u00f6rt auch die Verlegung der Abiturtermine nach hinten. Zudem mussten im aktuellen zweiten Halbjahr nur noch in den drei schriftlichen Abiturpr\u00fcfungsf\u00e4chern schriftliche Pr\u00fcfungen absolviert werden. Die f\u00fcr das Abitur relevanten Pr\u00fcfungsinhalte wurden eingegrenzt und bei der Notenbildung f\u00fcr die Halbjahresleistungen im Ausbildungsabschnitt 11\/2 wird mit einer sogenannten \u201eG\u00fcnstigerregelung\u201c die aus Sch\u00fclersicht jeweils g\u00fcnstigste Berechnungsvariante herangezogen. Zudem kehrte der Abschlussjahrgang vielerorts bereits am 1.\u00a0Februar 2021 wieder in den Pr\u00e4senz- bzw. Wechselunterricht zur\u00fcck. Angesichts der pandemiebedingten Beeintr\u00e4chtigungen wurde au\u00dferdem die Pr\u00fcfungszeit in den schriftlichen Pr\u00fcfungsf\u00e4chern um je 30 Minuten verl\u00e4ngert.<\/p>\n<p>Kultusminister Piazolo dankt besonders den Lehrkr\u00e4ften, Oberstufenkoordinatorinnen und -koordinatoren sowie den Schulleiterinnen und Schulleitern, die auch unter den erschwerten Bedingungen der Corona-Pandemie in den letzten beiden Jahren alles daf\u00fcr getan haben, um ihre Sch\u00fclerinnen und Sch\u00fcler auf dem Weg zum Abitur bestm\u00f6glich zu unterst\u00fctzen: \u201eOb im Distanz-, Wechsel- oder Pr\u00e4senzunterricht \u2013 unsere Lehrerinnen und Lehrer haben gerade in der Oberstufe sehr viel geleistet, um ihre Abiturientinnen und Abiturienten nicht nur fachlich, sondern auch p\u00e4dagogisch so gewissenhaft und gr\u00fcndlich zu begleiten, dass deren Erfolg nichts im Wege steht. Auch die Organisation der Pr\u00fcfungen unter dem Aspekt Gesundheitsschutz f\u00fcr alle Beteiligten war und ist in diesem Jahr eine au\u00dferordentliche Herausforderung. F\u00fcr diesen Einsatz spreche ich den Lehrkr\u00e4ften und Schulleitungen meinen gro\u00dfen Dank und meine Anerkennung aus.\u201c<\/p>\n<p>Um ein H\u00f6chstma\u00df an Schutz zu gew\u00e4hrleisten, findet das diesj\u00e4hrige Abitur unter erh\u00f6hten Sicherheitsvorkehrungen und Hygienestandards statt.<\/p>\n<p>Quelle: stmuk.bayern.de<\/p>\n","protected":false},"excerpt":{"rendered":"<p>M\u00fcnchen: Beginn des Abiturs f\u00fcr rund 35.000 Sch\u00fclerinnen und Sch\u00fcler in Bayern &#8211; Kultusminister Michael Piazolo und Kultusstaatssekret\u00e4rin Anna Stolz w\u00fcnschen Pr\u00fcflingen &#8222;viel Erfolg und alles Gute&#8220; An Bayerns Gymnasien beginnen f\u00fcr rund 35.000 Sch\u00fclerinnen und Sch\u00fcler am 12. Mai die Abiturpr\u00fcfungen. Die Pr\u00fcfungen wurden pandemiebedingt um zwei Wochen nach hinten verlegt, um faire und [&hellip;]<\/p>\n","protected":false},"author":7,"featured_media":2831,"comment_status":"closed","ping_status":"open","sticky":false,"template":"","format":"standard","meta":{"footnotes":""},"categories":[78,71],"tags":[3452],"class_list":["post-14355","post","type-post","status-publish","format-standard","has-post-thumbnail","hentry","category-bayern","category-menue","tag-abbi2021"],"_links":{"self":[{"href":"https:\/\/www.frankensicht.de\/index.php?rest_route=\/wp\/v2\/posts\/14355","targetHints":{"allow":["GET"]}}],"collection":[{"href":"https:\/\/www.frankensicht.de\/index.php?rest_route=\/wp\/v2\/posts"}],"about":[{"href":"https:\/\/www.frankensicht.de\/index.php?rest_route=\/wp\/v2\/types\/post"}],"author":[{"embeddable":true,"href":"https:\/\/www.frankensicht.de\/index.php?rest_route=\/wp\/v2\/users\/7"}],"replies":[{"embeddable":true,"href":"https:\/\/www.frankensicht.de\/index.php?rest_route=%2Fwp%2Fv2%2Fcomments&post=14355"}],"version-history":[{"count":1,"href":"https:\/\/www.frankensicht.de\/index.php?rest_route=\/wp\/v2\/posts\/14355\/revisions"}],"predecessor-version":[{"id":14356,"href":"https:\/\/www.frankensicht.de\/index.php?rest_route=\/wp\/v2\/posts\/14355\/revisions\/14356"}],"wp:featuredmedia":[{"embeddable":true,"href":"https:\/\/www.frankensicht.de\/index.php?rest_route=\/wp\/v2\/media\/2831"}],"wp:attachment":[{"href":"https:\/\/www.frankensicht.de\/index.php?rest_route=%2Fwp%2Fv2%2Fmedia&parent=14355"}],"wp:term":[{"taxonomy":"category","embeddable":true,"href":"https:\/\/www.frankensicht.de\/index.php?rest_route=%2Fwp%2Fv2%2Fcategories&post=14355"},{"taxonomy":"post_tag","embeddable":true,"href":"https:\/\/www.frankensicht.de\/index.php?rest_route=%2Fwp%2Fv2%2Ftags&post=14355"}],"curies":[{"name":"wp","href":"https:\/\/api.w.org\/{rel}","templated":true}]}}