{"id":14288,"date":"2021-04-16T08:37:02","date_gmt":"2021-04-16T06:37:02","guid":{"rendered":"https:\/\/www.frankensicht.de\/?p=14288"},"modified":"2021-04-16T08:44:23","modified_gmt":"2021-04-16T06:44:23","slug":"energiewende-erfolgreich-gestalten-wissenschaftsministerium-foerdert-forschung-zu-klimafreundlicher-energiebereitstellung","status":"publish","type":"post","link":"https:\/\/www.frankensicht.de\/?p=14288","title":{"rendered":"Energiewende erfolgreich gestalten: Wissenschaftsministerium f\u00f6rdert Forschung zu klimafreundlicher Energiebereitstellung"},"content":{"rendered":"<p><span style=\"color: #ff0000;\">M\u00fcnchen:<\/span><\/p>\n<p>Energiewende erfolgreich gestalten: Wissenschaftsministerium f\u00f6rdert Forschung zu klimafreundlicher Energiebereitstellung \u2013 2021 insgesamt rund 2,9 Millionen Euro f\u00fcr zwei Initiativen<\/p>\n<p>Wissenschaftsminister Sibler: \u201eGezielte Investition in unser aller Zukunft\u201c \u2013 Weiterf\u00f6rderung der Geothermie-Allianz Bayern von TU M\u00fcnchen, FAU Erlangen-N\u00fcrnberg, Universit\u00e4t Bayreuth, LMU und Hochschule M\u00fcnchen sowie des Kompetenzzentrums f\u00fcr Kraft-W\u00e4rme-Kopplung an der OTH Amberg-Weiden \u2013 Bis 2025 Investitionen bis zu 13,5 Millionen Euro<\/p>\n<p><a href=\"https:\/\/www.frankensicht.de\/?attachment_id=10709\" rel=\"attachment wp-att-10709\"><img loading=\"lazy\" decoding=\"async\" class=\"alignnone size-medium wp-image-10709\" src=\"https:\/\/www.frankensicht.de\/wp-content\/uploads\/2017\/05\/sonne1-300x225.jpg\" alt=\"\" width=\"300\" height=\"225\" srcset=\"https:\/\/www.frankensicht.de\/wp-content\/uploads\/2017\/05\/sonne1-300x225.jpg 300w, https:\/\/www.frankensicht.de\/wp-content\/uploads\/2017\/05\/sonne1.jpg 640w\" sizes=\"auto, (max-width: 300px) 100vw, 300px\" \/><\/a><\/p>\n<p>Insgesamt rund 2,9 Millionen Euro erhalten die Geothermie-Allianz Bayern (GAB) und das Kompetenzzentrum f\u00fcr Kraft-W\u00e4rme-Kopplung (KWK) an der Ostbayerischen Technischen Hochschule (OTH) Amberg-Weiden in diesem Jahr f\u00fcr ihre Forschungsprojekte zu erneuerbarer und klimafreundlicher grundlastf\u00e4higer Energie. F\u00fcr die weitere F\u00f6rderung hat Wissenschaftsminister Bernd Sibler den beiden Hochschulinitiativen heute gr\u00fcnes Licht gegeben.<\/p>\n<p>\u201eUnsere Universit\u00e4ten und Hochschulen verf\u00fcgen \u00fcber gro\u00dfe Kompetenz und Expertise, um den Herausforderungen des Klimawandels erfolgreich begegnen zu k\u00f6nnen. Deshalb ist es mir sehr wichtig, sie bei ihrer Arbeit zu unterst\u00fctzen. Der Freistaat investiert mit diesen Projekten ganz gezielt in die Umsetzung der Energiewende und damit in unser aller Zukunft\u201c, betonte Sibler.<\/p>\n<p>Beide Projekte eint die Besonderheit, dass sie in Bereichen forschen, in denen Sonne und Wind tageszeit- und wetterbedingt L\u00fccken in den nachhaltigen Strom- und W\u00e4rmenetzen der Zukunft hinterlassen k\u00f6nnen. Geothermie und hocheffiziente Kraft-W\u00e4rme-Kopplung k\u00f6nnen dazu beitragen, diese zu schlie\u00dfen.<\/p>\n<p>Die Geothermie Allianz Bayern (GAB) von Technischer Universit\u00e4t M\u00fcnchen (TUM), Friedrich-Alexander-Universit\u00e4t Erlangen-N\u00fcrnberg (FAU), Universit\u00e4t Bayreuth, Ludwig-Maximilians-Universit\u00e4t M\u00fcnchen (LMU) und Hochschule M\u00fcnchen (HM) erh\u00e4lt nach dem Beschluss des Landtags zum Haushalt 2021 f\u00fcr dieses Jahr rund 1,9 Millionen Euro f\u00fcr Personal- und Sachmittel, das Kompetenzzentrum f\u00fcr Kraft-W\u00e4rme-Kopplung (KWK) an der Ostbayerischen Technischen Hochschule (OTH) Amberg-Weiden \u00fcber eine Million Euro.<\/p>\n<p>Fortsetzung der Projekte in zweiter und dritter F\u00f6rderphase als Bekenntnis zur Energieforschung<\/p>\n<p>Insgesamt strebt der Freistaat f\u00fcr die zweite F\u00f6rderphase der GAB von 2021 bis 2024 Investitionen von bis zu 8,5 Millionen an. Das KWK-Kompetenzzentrum an der OTH Amberg-Weiden soll in seiner dritten F\u00f6rderphase von 2021 bis 2025 mit insgesamt bis zu 5 Millionen Euro unterst\u00fctzt werden.<\/p>\n<p>Der Startschuss f\u00fcr die erste F\u00f6rderphase der Geothermie-Allianz Bayern (GAB) erfolgte 2016. Bislang investierte das Wissenschaftsministerium im Zusammenhang mit diesem Verbundforschungsvorhaben \u00fcber 12,5 Millionen Euro in den Aufbau der bayerischen Tiefengeothermie-Forschung. Ziel der GAB ist die St\u00e4rkung des heimischen Energietr\u00e4gers Geothermie, damit dieser einen signifikanten Beitrag zu den CO2-Reduktionszielen leisten kann.<\/p>\n<p>Das Kompetenzzentrum f\u00fcr Kraft-W\u00e4rme-Kopplung an der OTH Amberg-Weiden wurde vom Wissenschaftsministerium in zwei F\u00f6rderperioden seit 2012 mit bislang insgesamt 8 Millionen Euro gef\u00f6rdert. In der dritten F\u00f6rderphase wird hier unter anderem die Verwendung von Wasserstoff in der Kraft-W\u00e4rme-Kopplung erforscht.<\/p>\n<p>Quelle: stmuk.bayern.de<\/p>\n","protected":false},"excerpt":{"rendered":"<p>M\u00fcnchen: Energiewende erfolgreich gestalten: Wissenschaftsministerium f\u00f6rdert Forschung zu klimafreundlicher Energiebereitstellung \u2013 2021 insgesamt rund 2,9 Millionen Euro f\u00fcr zwei Initiativen Wissenschaftsminister Sibler: \u201eGezielte Investition in unser aller Zukunft\u201c \u2013 Weiterf\u00f6rderung der Geothermie-Allianz Bayern von TU M\u00fcnchen, FAU Erlangen-N\u00fcrnberg, Universit\u00e4t Bayreuth, LMU und Hochschule M\u00fcnchen sowie des Kompetenzzentrums f\u00fcr Kraft-W\u00e4rme-Kopplung an der OTH Amberg-Weiden \u2013 Bis [&hellip;]<\/p>\n","protected":false},"author":7,"featured_media":10709,"comment_status":"closed","ping_status":"open","sticky":false,"template":"","format":"standard","meta":{"footnotes":""},"categories":[78,71],"tags":[3430],"class_list":["post-14288","post","type-post","status-publish","format-standard","has-post-thumbnail","hentry","category-bayern","category-menue","tag-klimafreundliche-energiewende"],"_links":{"self":[{"href":"https:\/\/www.frankensicht.de\/index.php?rest_route=\/wp\/v2\/posts\/14288","targetHints":{"allow":["GET"]}}],"collection":[{"href":"https:\/\/www.frankensicht.de\/index.php?rest_route=\/wp\/v2\/posts"}],"about":[{"href":"https:\/\/www.frankensicht.de\/index.php?rest_route=\/wp\/v2\/types\/post"}],"author":[{"embeddable":true,"href":"https:\/\/www.frankensicht.de\/index.php?rest_route=\/wp\/v2\/users\/7"}],"replies":[{"embeddable":true,"href":"https:\/\/www.frankensicht.de\/index.php?rest_route=%2Fwp%2Fv2%2Fcomments&post=14288"}],"version-history":[{"count":1,"href":"https:\/\/www.frankensicht.de\/index.php?rest_route=\/wp\/v2\/posts\/14288\/revisions"}],"predecessor-version":[{"id":14289,"href":"https:\/\/www.frankensicht.de\/index.php?rest_route=\/wp\/v2\/posts\/14288\/revisions\/14289"}],"wp:featuredmedia":[{"embeddable":true,"href":"https:\/\/www.frankensicht.de\/index.php?rest_route=\/wp\/v2\/media\/10709"}],"wp:attachment":[{"href":"https:\/\/www.frankensicht.de\/index.php?rest_route=%2Fwp%2Fv2%2Fmedia&parent=14288"}],"wp:term":[{"taxonomy":"category","embeddable":true,"href":"https:\/\/www.frankensicht.de\/index.php?rest_route=%2Fwp%2Fv2%2Fcategories&post=14288"},{"taxonomy":"post_tag","embeddable":true,"href":"https:\/\/www.frankensicht.de\/index.php?rest_route=%2Fwp%2Fv2%2Ftags&post=14288"}],"curies":[{"name":"wp","href":"https:\/\/api.w.org\/{rel}","templated":true}]}}