{"id":14249,"date":"2021-03-31T08:24:09","date_gmt":"2021-03-31T06:24:09","guid":{"rendered":"https:\/\/www.frankensicht.de\/?p=14249"},"modified":"2024-01-08T08:51:46","modified_gmt":"2024-01-08T07:51:46","slug":"14249","status":"publish","type":"post","link":"https:\/\/www.frankensicht.de\/?p=14249","title":{"rendered":"GMK: Impfungen mit Astrazeneca f\u00fcr Menschen unter 60 Jahren aussetzen"},"content":{"rendered":"<p><span style=\"color: #ff0000;\">M\u00fcnchen:<\/span><\/p>\n<p>GMK: Impfungen mit Astrazeneca f\u00fcr Menschen unter 60 Jahren aussetzen &#8211; Bayerns Gesundheitsminister und GMK-Vorsitzender Holetschek: L\u00e4nder k\u00f6nnen Priorisierung bei Menschen \u00fcber 60 Jahren f\u00fcr Astrazeneca aufheben<\/p>\n<p>Die Gesundheitsministerkonferenz (GMK) will bundesweit die Corona-Impfungen mit Astrazeneca vorerst f\u00fcr Menschen unter 60 Jahren aussetzen. Das haben die GMK-Mitglieder am Dienstagabend einstimmig in einer Videokonferenz beschlossen. Dabei orientierten sie sich an der neuen Empfehlung der St\u00e4ndigen Impfkommission (STIKO).<\/p>\n<p>Der GMK-Vorsitzende, Bayerns Gesundheitsminister Klaus Holetschek, betonte: Die positive Botschaft ist: Der Impfstoff von Astrazeneca soll f\u00fcr die Menschen weiter verimpft werden, die das 60. Lebensjahr vollendet haben. Die Studien zeigen weiterhin, dass dies ein hochwirksamer Impfstoff ist, der gegen schwere Krankheitsverl\u00e4ufe wirkt. Wir brauchen ihn, um angesichts der dritten Welle und gef\u00e4hrlicher Virusmutationen die Impfungen schnell voranzutreiben.<\/p>\n<p><a href=\"https:\/\/www.frankensicht.de\/?attachment_id=12998\" rel=\"attachment wp-att-12998\"><img loading=\"lazy\" decoding=\"async\" class=\"alignnone size-medium wp-image-12998\" src=\"https:\/\/www.frankensicht.de\/wp-content\/uploads\/2019\/11\/P1020461-e1573196015948-199x300.jpg\" alt=\"\" width=\"199\" height=\"300\" srcset=\"https:\/\/www.frankensicht.de\/wp-content\/uploads\/2019\/11\/P1020461-e1573196015948-199x300.jpg 199w, https:\/\/www.frankensicht.de\/wp-content\/uploads\/2019\/11\/P1020461-e1573196015948-768x1157.jpg 768w, https:\/\/www.frankensicht.de\/wp-content\/uploads\/2019\/11\/P1020461-e1573196015948-680x1024.jpg 680w, https:\/\/www.frankensicht.de\/wp-content\/uploads\/2019\/11\/P1020461-e1573196015948.jpg 1360w\" sizes=\"auto, (max-width: 199px) 100vw, 199px\" \/><\/a><\/p>\n<p>Der GMK-Vorsitzende sagte: Wir m\u00fcssen jetzt eine klare Linie vorgeben, um den Impfstoff von Astrazeneca weiter verwenden zu k\u00f6nnen. Deswegen empfehlen wir, dass die L\u00e4nder selbst entscheiden k\u00f6nnen, die Impf-Priorisierung bei Astrazeneca f\u00fcr die Menschen \u00fcber 60 Jahren aufzuheben. So k\u00f6nnen wir der Altersgruppe \u00dc60 schneller ein Impfangebot machen, was dringend notwendig ist.<\/p>\n<p>Holetschek erg\u00e4nzte: Zudem haben wir gem\u00e4\u00df der STIKO-Empfehlung beschlossen, dass sich auch Menschen der Priogruppen 1 und 2 unter 60 Jahren weiterhin impfen lassen d\u00fcrfen, wenn dies nach \u00e4rztlichem Ermessen und individueller Einsch\u00e4tzung entschieden wird. Diese Impfungen sollen in den Arztpraxen vorgenommen werden. Wer Astrazeneca haben will, sollte es auch bekommen.<\/p>\n<p>F\u00fcr Menschen, die bereits eine Erstimpfung erhalten haben, ruft die GMK die STIKO auf, so schnell wie m\u00f6glich eine Empfehlung abzugeben. Die STIKO hatte mitgeteilt, bis Ende April eine Empfehlung abzugeben. Holetschek forderte: Wir k\u00f6nnen die Menschen nicht so lange im Ungewissen lassen. Daher brauchen wir bei Zweitimpfungen schnellstm\u00f6glich Klarheit.<\/p>\n<p>Der Minister f\u00fcgte hinzu: Vorsicht ist das Gebot der Stunde. Wir haben in Deutschland inzwischen 31 F\u00e4lle der seltenen Hirnvenenthrombosen registriert. Die Betroffenen sind zwischen 20 und 60 Jahren. Wir rufen alle Menschen auf, die schon mit Astrazeneca geimpft worden sind, auf Symptome wie anhaltende Kopfschmerzen, Kurzatmigkeit und Beinschwellungen zu achten. Sollte es dazu kommen, wenden Sie sich vorsichtshalber an Ihren Arzt. Sicherheit geht vor!<\/p>\n<p>Quelle:stmgp.bayern.de<\/p>\n","protected":false},"excerpt":{"rendered":"<p>M\u00fcnchen: GMK: Impfungen mit Astrazeneca f\u00fcr Menschen unter 60 Jahren aussetzen &#8211; Bayerns Gesundheitsminister und GMK-Vorsitzender Holetschek: L\u00e4nder k\u00f6nnen Priorisierung bei Menschen \u00fcber 60 Jahren f\u00fcr Astrazeneca aufheben Die Gesundheitsministerkonferenz (GMK) will bundesweit die Corona-Impfungen mit Astrazeneca vorerst f\u00fcr Menschen unter 60 Jahren aussetzen. Das haben die GMK-Mitglieder am Dienstagabend einstimmig in einer Videokonferenz beschlossen. [&hellip;]<\/p>\n","protected":false},"author":7,"featured_media":12998,"comment_status":"closed","ping_status":"open","sticky":false,"template":"","format":"standard","meta":{"footnotes":""},"categories":[78,71],"tags":[3412],"class_list":["post-14249","post","type-post","status-publish","format-standard","has-post-thumbnail","hentry","category-bayern","category-menue","tag-astrazeneca"],"_links":{"self":[{"href":"https:\/\/www.frankensicht.de\/index.php?rest_route=\/wp\/v2\/posts\/14249","targetHints":{"allow":["GET"]}}],"collection":[{"href":"https:\/\/www.frankensicht.de\/index.php?rest_route=\/wp\/v2\/posts"}],"about":[{"href":"https:\/\/www.frankensicht.de\/index.php?rest_route=\/wp\/v2\/types\/post"}],"author":[{"embeddable":true,"href":"https:\/\/www.frankensicht.de\/index.php?rest_route=\/wp\/v2\/users\/7"}],"replies":[{"embeddable":true,"href":"https:\/\/www.frankensicht.de\/index.php?rest_route=%2Fwp%2Fv2%2Fcomments&post=14249"}],"version-history":[{"count":3,"href":"https:\/\/www.frankensicht.de\/index.php?rest_route=\/wp\/v2\/posts\/14249\/revisions"}],"predecessor-version":[{"id":14252,"href":"https:\/\/www.frankensicht.de\/index.php?rest_route=\/wp\/v2\/posts\/14249\/revisions\/14252"}],"wp:featuredmedia":[{"embeddable":true,"href":"https:\/\/www.frankensicht.de\/index.php?rest_route=\/wp\/v2\/media\/12998"}],"wp:attachment":[{"href":"https:\/\/www.frankensicht.de\/index.php?rest_route=%2Fwp%2Fv2%2Fmedia&parent=14249"}],"wp:term":[{"taxonomy":"category","embeddable":true,"href":"https:\/\/www.frankensicht.de\/index.php?rest_route=%2Fwp%2Fv2%2Fcategories&post=14249"},{"taxonomy":"post_tag","embeddable":true,"href":"https:\/\/www.frankensicht.de\/index.php?rest_route=%2Fwp%2Fv2%2Ftags&post=14249"}],"curies":[{"name":"wp","href":"https:\/\/api.w.org\/{rel}","templated":true}]}}