{"id":14243,"date":"2021-03-29T08:22:08","date_gmt":"2021-03-29T06:22:08","guid":{"rendered":"https:\/\/www.frankensicht.de\/?p=14243"},"modified":"2021-03-29T08:22:08","modified_gmt":"2021-03-29T06:22:08","slug":"neues-konzept-von-bau-wirtschafts-und-finanzministerium","status":"publish","type":"post","link":"https:\/\/www.frankensicht.de\/?p=14243","title":{"rendered":"Neues Konzept von Bau-, Wirtschafts- und Finanzministerium"},"content":{"rendered":"<p><span style=\"color: #ff0000;\">M\u00fcnchen:<\/span><\/p>\n<p>Neues Konzept von Bau-, Wirtschafts- und Finanzministerium<\/p>\n<p>Aiwanger: &#8222;Potenzial von Photovoltaikanlagen auf staatlichen D\u00e4chern aussch\u00f6pfen&#8220;<\/p>\n<p>Das Staatsministerium f\u00fcr Wohnen, Bau und Verkehr hat gemeinsam mit dem Staatsministerium f\u00fcr Wirtschaft, Landesentwicklung und Energie und dem Staatsministerium der Finanzen und f\u00fcr Heimat ein Konzept erarbeitet, um die Potenziale f\u00fcr Photovoltaikanlagen auf staatlichen D\u00e4chern bestm\u00f6glich auszusch\u00f6pfen. Bayerns Bauministerin Kerstin Schreyer: Auf 340 staatlichen Geb\u00e4uden wurden schon Photovoltaikanlagen errichtet. Daran kn\u00fcpfen wir nun an und nutzen das Potenzial weiterer staatlicher Liegenschaften, die ebenfalls mit Photovoltaik ausgestattet werden k\u00f6nnen. So k\u00f6nnen wir jedes Jahr mehrere Millionen Kilowattstunden an Strom einsparen.<\/p>\n<p><a href=\"https:\/\/www.frankensicht.de\/?attachment_id=7477\" rel=\"attachment wp-att-7477\"><img loading=\"lazy\" decoding=\"async\" class=\"alignnone size-medium wp-image-7477\" src=\"https:\/\/www.frankensicht.de\/wp-content\/uploads\/2014\/08\/P1020626-300x225.jpg\" alt=\"\" width=\"300\" height=\"225\" srcset=\"https:\/\/www.frankensicht.de\/wp-content\/uploads\/2014\/08\/P1020626-300x225.jpg 300w, https:\/\/www.frankensicht.de\/wp-content\/uploads\/2014\/08\/P1020626.jpg 640w\" sizes=\"auto, (max-width: 300px) 100vw, 300px\" \/><\/a><\/p>\n<p>Wirtschafts- und Energieminister Hubert Aiwanger: Bayern hat beim Ausbau der Sonnenenergie bereits gro\u00dfe Erfolge erzielt. Mit einem Viertel des Zubaus in ganz Deutschland sind wir Sonnenland Nr. 1 in Deutschland. F\u00fcr den Klimaschutz m\u00fcssen wir die Erneuerbaren Energien aber noch weiter ausbauen. Vor allem bei der Photovoltaik besteht gro\u00dfes Potenzial auf den D\u00e4chern. Es ist wichtig, dass der Staat mit diesem Konzept seine Verantwortung und Vorbildfunktion engagiert wahrnimmt.<\/p>\n<p>&nbsp;<\/p>\n<p>Finanzminister Albert F\u00fcracker: Der Staat muss mit gutem Beispiel vorangehen! Investitionen in gr\u00fcnen Strom sind ein wichtiger Beitrag zum Klimaschutz und zur Energiewende in Bayern. Insgesamt stellt der Freistaat in 2021 \u00fcber 30 Millionen Euro f\u00fcr Ma\u00dfnahmen zur Klimaneutralit\u00e4t von staatseigenen Geb\u00e4uden bereit. Davon sind 5 Millionen Euro ausschlie\u00dflich f\u00fcr den Bau von Photovoltaikanlagen reserviert das ist mehr als doppelt so viel wie in 2020 und damit ein klares Zeichen, dass f\u00fcr die Staatsregierung Klimafreundlichkeit ein wichtiges Anliegen ist!<\/p>\n<p>&nbsp;<\/p>\n<p>Seit \u00fcber 25 Jahren werden auf der Grundlage eines Landtagsbeschlusses bei allen sogenannten Gro\u00dfen Bauma\u00dfnahmen des Freistaats Photovoltaikanlagen errichtet. Wo immer m\u00f6glich, m\u00fcssen erneuerbare Energien beim Energiekonzept ber\u00fccksichtigt und aus dem Ansatz der Bauma\u00dfnahme finanziert werden\u00a0 sowohl bei Bestandssanierungen als auch bei Neubauten. Zus\u00e4tzlich k\u00f6nnen alle Ministerien bei Bauma\u00dfnahmen bis zu drei Millionen Euro auf eigene Initiative Photovoltaikanlagen im Rahmen einer sogenannten Kleinen Bauma\u00dfnahme installieren. Diese M\u00f6glichkeit soll k\u00fcnftig verst\u00e4rkt wahrgenommen werden.<\/p>\n<p>&nbsp;<\/p>\n<p>Zudem k\u00f6nnen seit dem Jahr 2004 auch private Investoren auf staatlichen Liegenschaften Photovoltaikanlagen errichten. Die daf\u00fcr notwendigen vertraglichen Vereinbarungen hat der Freistaat an die aktuellen markt\u00fcblichen Konditionen angepasst. So sollen noch mehr Investoren gewonnen und damit der Photovoltaik-Ausbau parallel zu den staatlichen Ma\u00dfnahmen vorangebracht werden. Staat und Private Hand in Hand\u00a0 f\u00fcr mehr klimafreundlichen Strom!<\/p>\n<p>Quelle: stmwi.bayern.de<\/p>\n","protected":false},"excerpt":{"rendered":"<p>M\u00fcnchen: Neues Konzept von Bau-, Wirtschafts- und Finanzministerium Aiwanger: &#8222;Potenzial von Photovoltaikanlagen auf staatlichen D\u00e4chern aussch\u00f6pfen&#8220; Das Staatsministerium f\u00fcr Wohnen, Bau und Verkehr hat gemeinsam mit dem Staatsministerium f\u00fcr Wirtschaft, Landesentwicklung und Energie und dem Staatsministerium der Finanzen und f\u00fcr Heimat ein Konzept erarbeitet, um die Potenziale f\u00fcr Photovoltaikanlagen auf staatlichen D\u00e4chern bestm\u00f6glich auszusch\u00f6pfen. Bayerns [&hellip;]<\/p>\n","protected":false},"author":7,"featured_media":7477,"comment_status":"closed","ping_status":"open","sticky":false,"template":"","format":"standard","meta":{"footnotes":""},"categories":[78,71],"tags":[3409],"class_list":["post-14243","post","type-post","status-publish","format-standard","has-post-thumbnail","hentry","category-bayern","category-menue","tag-photovoltaikanlagen"],"_links":{"self":[{"href":"https:\/\/www.frankensicht.de\/index.php?rest_route=\/wp\/v2\/posts\/14243","targetHints":{"allow":["GET"]}}],"collection":[{"href":"https:\/\/www.frankensicht.de\/index.php?rest_route=\/wp\/v2\/posts"}],"about":[{"href":"https:\/\/www.frankensicht.de\/index.php?rest_route=\/wp\/v2\/types\/post"}],"author":[{"embeddable":true,"href":"https:\/\/www.frankensicht.de\/index.php?rest_route=\/wp\/v2\/users\/7"}],"replies":[{"embeddable":true,"href":"https:\/\/www.frankensicht.de\/index.php?rest_route=%2Fwp%2Fv2%2Fcomments&post=14243"}],"version-history":[{"count":1,"href":"https:\/\/www.frankensicht.de\/index.php?rest_route=\/wp\/v2\/posts\/14243\/revisions"}],"predecessor-version":[{"id":14244,"href":"https:\/\/www.frankensicht.de\/index.php?rest_route=\/wp\/v2\/posts\/14243\/revisions\/14244"}],"wp:featuredmedia":[{"embeddable":true,"href":"https:\/\/www.frankensicht.de\/index.php?rest_route=\/wp\/v2\/media\/7477"}],"wp:attachment":[{"href":"https:\/\/www.frankensicht.de\/index.php?rest_route=%2Fwp%2Fv2%2Fmedia&parent=14243"}],"wp:term":[{"taxonomy":"category","embeddable":true,"href":"https:\/\/www.frankensicht.de\/index.php?rest_route=%2Fwp%2Fv2%2Fcategories&post=14243"},{"taxonomy":"post_tag","embeddable":true,"href":"https:\/\/www.frankensicht.de\/index.php?rest_route=%2Fwp%2Fv2%2Ftags&post=14243"}],"curies":[{"name":"wp","href":"https:\/\/api.w.org\/{rel}","templated":true}]}}