{"id":14224,"date":"2021-03-24T08:19:16","date_gmt":"2021-03-24T07:19:16","guid":{"rendered":"https:\/\/www.frankensicht.de\/?p=14224"},"modified":"2024-01-18T08:44:24","modified_gmt":"2024-01-18T07:44:24","slug":"eib-beteiligung-am-wachstumsfonds-bayern-2-mehr-wagniskapital-fuer-innovativen-start-ups","status":"publish","type":"post","link":"https:\/\/www.frankensicht.de\/?p=14224","title":{"rendered":"EIB-Beteiligung am Wachstumsfonds Bayern 2 &#8211; mehr Wagniskapital f\u00fcr innovativen Start-ups"},"content":{"rendered":"<p><span style=\"color: #ff0000;\">M\u00fcnchen &#8211; Luxemburg:<\/span><\/p>\n<p>EIB-Beteiligung am Wachstumsfonds Bayern 2 &#8211; mehr Wagniskapital f\u00fcr innovativen Start-ups<\/p>\n<p>Aiwanger: &#8222;50 Millionen Euro der Europ\u00e4ischen Investitionsbank machen den Wachstumsfonds Bayern 2 noch schlagkr\u00e4ftiger&#8220;<\/p>\n<p>Die Europ\u00e4ische Investitionsbank (EIB) beteiligt sich mit 50 Millionen Euro am Wachstumsfonds Bayern 2 der Bayern Kapital GmbH. Das Fondsvolumen erh\u00f6ht sich dadurch auf insgesamt 165 Millionen Euro. Erm\u00f6glicht werden die zus\u00e4tzlichen Mittel durch den Europ\u00e4ischen Fonds f\u00fcr strategische Investitionen (EFSI). Der EFSI ist eine der drei S\u00e4ulen des Investitionsplans f\u00fcr Europa, mit dem EIB-Gruppe und Europ\u00e4ische Kommission die Investitionst\u00e4tigkeit in der EU wiederbeleben und strategische Projekte in der Realwirtschaft ansto\u00dfen wollen.<\/p>\n<p><a href=\"https:\/\/www.frankensicht.de\/?attachment_id=11996\" rel=\"attachment wp-att-11996\"><img loading=\"lazy\" decoding=\"async\" class=\"alignnone size-medium wp-image-11996\" src=\"https:\/\/www.frankensicht.de\/wp-content\/uploads\/2018\/10\/greif2-300x225.jpg\" alt=\"\" width=\"300\" height=\"225\" srcset=\"https:\/\/www.frankensicht.de\/wp-content\/uploads\/2018\/10\/greif2-300x225.jpg 300w, https:\/\/www.frankensicht.de\/wp-content\/uploads\/2018\/10\/greif2.jpg 640w\" sizes=\"auto, (max-width: 300px) 100vw, 300px\" \/><\/a><\/p>\n<p>Bayerns Wirtschaftsminister Hubert Aiwanger: Ich begr\u00fc\u00dfe das Engagement der EIB. Die substanzielle Beteiligung macht unseren Wachstumsfonds Bayern 2 noch schlagkr\u00e4ftiger. Die zus\u00e4tzlichen 50 Millionen Euro werden daf\u00fcr eingesetzt, weitere hoch innovative Gesch\u00e4ftsmodelle bayerischer Start-ups voranzubringen und das in der Wachstumsphase so dringend n\u00f6tige Wagniskapital bereitzustellen. Neben der W\u00fcrdigung der erfolgreichen Arbeit der Bayern Kapital ist der Einstieg der EIB auch ein klares Bekenntnis zum Wirtschaftsstandort Bayern.<\/p>\n<p>&nbsp;<\/p>\n<p>Der f\u00fcr die Aktivit\u00e4ten der EU-Bank in Deutschland verantwortliche Vizepr\u00e4sident Ambroise Fayolle unterstrich: Ich freue mich sehr \u00fcber die Zusammenarbeit mit der LfA F\u00f6rderbank Bayern bei der Einrichtung des Wachstumsfonds Bayern 2. Hoch innovative Start-ups gelten als Schl\u00fcsselfaktor f\u00fcr Besch\u00e4ftigung, Produktivit\u00e4tswachstum und nachhaltige Arbeitspl\u00e4tze, und die EIB f\u00f6rdert, mit Unterst\u00fctzung der Investitionsoffensive f\u00fcr Europa, mit hoher Priorit\u00e4t Investitionen, die die Wettbewerbsf\u00e4higkeit der Wirtschaft in Europa st\u00e4rken. Das gilt besonders in diesen wirtschaftlich schwierigen Zeiten der Covid-19-Pandemie.<\/p>\n<p>&nbsp;<\/p>\n<p>Roman Huber und Dr. Georg Ried, Gesch\u00e4ftsf\u00fchrer der Bayern Kapital GmbH, freuen sich \u00fcber die Beteiligung der EIB am Wachstumsfonds Bayern 2: Mit diesem Fonds wird das Erfolgskonzept Wachstumsfonds Bayern nicht nur fortgesetzt, sondern auch noch kr\u00e4ftig ausgebaut. Noch mehr innovative und wachstumsstarke Unternehmen k\u00f6nnen mit Beteiligungen bis zu zehn Millionen Euro finanziert werden. Unsere regelm\u00e4\u00dfige Kooperation mit nationalen und internationalen Investoren er\u00f6ffnet den Unternehmen zus\u00e4tzlich zum Kapital wichtige Fachexpertise im internationalen Markt.<\/p>\n<p>&nbsp;<\/p>\n<p>Dr. Otto Beierl, Vorstandsvorsitzender der LfA F\u00f6rderbank Bayern, erkl\u00e4rte: In ganz Bayern arbeiten technologieorientierte Start-ups Tag f\u00fcr Tag an innovativen Gesch\u00e4ftsmodellen. Gerade die kapitalintensive Finanzierung der Wachstumsphase ist in vielen F\u00e4llen eine der gr\u00f6\u00dften H\u00fcrden, um f\u00fcr das eigene Produkt die Marktdurchdringung zu erh\u00f6hen und die Marktposition auszubauen. Der Wachstumsfonds Bayern 2, der stets als Co-Investmentpartner auftritt, tr\u00e4gt entscheidend dazu bei, neben staatlichem Kapital auch private Investoren in die Finanzierung junger Unternehmen einzubinden. Daher ist es eine sehr gute Nachricht, dass durch die Beteiligung der Europ\u00e4ischen Investitionsbank mit dieser wichtigen Finanzierungss\u00e4ule zus\u00e4tzliches Kapital f\u00fcr Innovationen Made in Bavaria mobilisiert werden kann<\/p>\n<p>&nbsp;<\/p>\n<p>Das Bayerischen Wirtschaftsministerium hat den Wachstumsfonds Bayern im Jahr 2015 initiiert und dar\u00fcber 70 Millionen Euro in 23 vielversprechende bayerische Start-ups investiert. Durch die Kooperation mit in- und ausl\u00e4ndischen Investoren wurden weitere rund 300 Millionen Euro privates Kapital f\u00fcr die Start-ups mobilisiert. 1.700 hochqualifizierte neue Arbeitspl\u00e4tze sind daraus entstanden. Als Nachfolger hat der Freistaat 2020 den Wachstumsfonds Bayern 2 aufgelegt und mit 115 Millionen Euro ausgestattet.<\/p>\n<p>&nbsp;<\/p>\n<p>Wirtschaftsminister Aiwanger: Als Technologietreiber sichern innovative Start-ups Bayerns k\u00fcnftige internationale Wettbewerbsf\u00e4higkeit. Wir haben die Start-up-F\u00f6rderung deshalb in den vergangenen Jahren deutlich ausgeweitet. Mit dem Wachstumsfonds Bayern 2 und der Unterst\u00fctzung der EIB schreiben wir die Erfolgsgeschichte fort und sichern schon heute die Arbeitspl\u00e4tze von morgen.<\/p>\n<p>&nbsp;<\/p>\n<p>Informationen zur Bayern Kapital und zum Wachstumsfonds Bayern 2 unter www.bayernkapital.de.<\/p>\n<p>Quelle: stmwi.bayern.de<\/p>\n","protected":false},"excerpt":{"rendered":"<p>M\u00fcnchen &#8211; Luxemburg: EIB-Beteiligung am Wachstumsfonds Bayern 2 &#8211; mehr Wagniskapital f\u00fcr innovativen Start-ups Aiwanger: &#8222;50 Millionen Euro der Europ\u00e4ischen Investitionsbank machen den Wachstumsfonds Bayern 2 noch schlagkr\u00e4ftiger&#8220; Die Europ\u00e4ische Investitionsbank (EIB) beteiligt sich mit 50 Millionen Euro am Wachstumsfonds Bayern 2 der Bayern Kapital GmbH. Das Fondsvolumen erh\u00f6ht sich dadurch auf insgesamt 165 Millionen [&hellip;]<\/p>\n","protected":false},"author":7,"featured_media":11996,"comment_status":"closed","ping_status":"open","sticky":false,"template":"","format":"standard","meta":{"footnotes":""},"categories":[78,71],"tags":[3404],"class_list":["post-14224","post","type-post","status-publish","format-standard","has-post-thumbnail","hentry","category-bayern","category-menue","tag-wachstumsfonds-bayern-2"],"_links":{"self":[{"href":"https:\/\/www.frankensicht.de\/index.php?rest_route=\/wp\/v2\/posts\/14224","targetHints":{"allow":["GET"]}}],"collection":[{"href":"https:\/\/www.frankensicht.de\/index.php?rest_route=\/wp\/v2\/posts"}],"about":[{"href":"https:\/\/www.frankensicht.de\/index.php?rest_route=\/wp\/v2\/types\/post"}],"author":[{"embeddable":true,"href":"https:\/\/www.frankensicht.de\/index.php?rest_route=\/wp\/v2\/users\/7"}],"replies":[{"embeddable":true,"href":"https:\/\/www.frankensicht.de\/index.php?rest_route=%2Fwp%2Fv2%2Fcomments&post=14224"}],"version-history":[{"count":1,"href":"https:\/\/www.frankensicht.de\/index.php?rest_route=\/wp\/v2\/posts\/14224\/revisions"}],"predecessor-version":[{"id":14225,"href":"https:\/\/www.frankensicht.de\/index.php?rest_route=\/wp\/v2\/posts\/14224\/revisions\/14225"}],"wp:featuredmedia":[{"embeddable":true,"href":"https:\/\/www.frankensicht.de\/index.php?rest_route=\/wp\/v2\/media\/11996"}],"wp:attachment":[{"href":"https:\/\/www.frankensicht.de\/index.php?rest_route=%2Fwp%2Fv2%2Fmedia&parent=14224"}],"wp:term":[{"taxonomy":"category","embeddable":true,"href":"https:\/\/www.frankensicht.de\/index.php?rest_route=%2Fwp%2Fv2%2Fcategories&post=14224"},{"taxonomy":"post_tag","embeddable":true,"href":"https:\/\/www.frankensicht.de\/index.php?rest_route=%2Fwp%2Fv2%2Ftags&post=14224"}],"curies":[{"name":"wp","href":"https:\/\/api.w.org\/{rel}","templated":true}]}}