{"id":13640,"date":"2020-07-24T08:07:27","date_gmt":"2020-07-24T06:07:27","guid":{"rendered":"http:\/\/www.frankensicht.de\/?p=13640"},"modified":"2020-07-24T08:07:41","modified_gmt":"2020-07-24T06:07:41","slug":"glauber-sylvensteinspeicher-schuetzt-metropolregion-muenchen-vor-hochwasser-und-trockenheit","status":"publish","type":"post","link":"https:\/\/www.frankensicht.de\/?p=13640","title":{"rendered":"Glauber: Sylvensteinspeicher sch\u00fctzt Metropolregion M\u00fcnchen vor Hochwasser und Trockenheit"},"content":{"rendered":"<p><span style=\"color: #ff0000;\">M\u00fcnchen:<\/span><\/p>\n<p>Glauber: Sylvensteinspeicher sch\u00fctzt Metropolregion M\u00fcnchen vor Hochwasser und Trockenheit<br \/>\nBauma\u00dfnahmen f\u00fcr 12 Millionen Euro abgeschlossen<\/p>\n<p>F\u00fcr 12 Millionen Euro wurde der Stahlwasserbau am Sylvensteinspeicher im Oberen Isartal aktuell umfassend erneuert. Insbesondere die Tiefausl\u00e4sse des Speichers wurden ausgetauscht und an das inzwischen stark vergr\u00f6\u00dferte Speichervolumen der Talsperre angepasst. Umweltminister Thorsten Glauber gab heute die neue Infrastruktur offiziell f\u00fcr die Nutzung frei: &#8222;Der Sylvensteinspeicher reguliert den Abfluss in der Isar und hat damit herausragende Bedeutung f\u00fcr den Ballungsraum M\u00fcnchen bis Landshut. Der Sylvensteinspeicher ist die Schutzmauer des Isartales vor einem Hochwasser. F\u00fcr M\u00fcnchen war der Sylvensteinspeicher zuletzt beim Katastrophenhochwasser 2013 die Lebensversicherung. Die Bauma\u00dfnahmen schaffen zukunftsweisenden Hochwasserschutz auf h\u00f6chstem Niveau. In Zeiten der Trockenheit hat er die gegenteilige Funktion: Dank der Wasserzugabe aus dem Sylvensteinspeicher f\u00fchrt die Isar auch an Hitzetagen jederzeit gen\u00fcgend Wasser.&#8220;<\/p>\n<p><a href=\"https:\/\/www.frankensicht.de\/?attachment_id=10666\" rel=\"attachment wp-att-10666\"><img loading=\"lazy\" decoding=\"async\" class=\"alignnone size-medium wp-image-10666\" src=\"https:\/\/www.frankensicht.de\/wp-content\/uploads\/2017\/05\/trinkwasser-300x225.jpg\" alt=\"\" width=\"300\" height=\"225\" srcset=\"https:\/\/www.frankensicht.de\/wp-content\/uploads\/2017\/05\/trinkwasser-300x225.jpg 300w, https:\/\/www.frankensicht.de\/wp-content\/uploads\/2017\/05\/trinkwasser-768x576.jpg 768w, https:\/\/www.frankensicht.de\/wp-content\/uploads\/2017\/05\/trinkwasser-1024x768.jpg 1024w, https:\/\/www.frankensicht.de\/wp-content\/uploads\/2017\/05\/trinkwasser.jpg 1280w\" sizes=\"auto, (max-width: 300px) 100vw, 300px\" \/><\/a><\/p>\n<p>\u00c4hnlich dem Ablauf einer Badewanne verf\u00fcgt der Sylvensteinspeicher \u00fcber zwei auf H\u00f6he des Seegrundes liegende Tiefausl\u00e4sse: den Triebwasser\u00ad\u00adstollen und den Grundablass. Durch diese beiden Ausl\u00e4sse wird die Abflussmenge aus der Talsperre kontrolliert gesteuert. Im Zuge der aktuellen Bauma\u00dfnahmen wurden in beide Tiefausl\u00e4sse moderne Hydraulikantriebe eingebaut, die die bisherigen mechanischen Antriebe ersetzen. Die Sch\u00fctzentafeln wurden ausgetauscht. Au\u00dferdem wurde an den Ausl\u00e4ssen die Stollenpanzerung und die Sch\u00fctzenbel\u00fcftung saniert sowie eine Krananlage und ein Treppenturm in den etwa 40 Meter tiefen Schacht eingebaut.<\/p>\n<p>Der Sylvensteinspeicher in der Gemeinde Lenggries wurde 1959 fertiggestellt. Er kann bei maximaler F\u00fcllung rund 125 Millionen Kubikmeter Wasser fassen. Die Bedeutung einer gezielten Steuerung der Abgabemenge des Sylvensteinspeichers f\u00fcr die Isaranlieger wurde insbesondere bei den Hochwasserereignissen der Jahre 1999, 2005 und 2013 deutlich.<\/p>\n<p>Weitere Details sind im Internet verf\u00fcgbar unter https:\/\/www.wwa-wm.bayern.de\/hochwasser\/hochwasserschutzprojekte\/stahlwasserbausylvenstein\/<\/p>\n<p>Quelle: stmuv.bayern.de<\/p>\n","protected":false},"excerpt":{"rendered":"<p>M\u00fcnchen: Glauber: Sylvensteinspeicher sch\u00fctzt Metropolregion M\u00fcnchen vor Hochwasser und Trockenheit Bauma\u00dfnahmen f\u00fcr 12 Millionen Euro abgeschlossen F\u00fcr 12 Millionen Euro wurde der Stahlwasserbau am Sylvensteinspeicher im Oberen Isartal aktuell umfassend erneuert. Insbesondere die Tiefausl\u00e4sse des Speichers wurden ausgetauscht und an das inzwischen stark vergr\u00f6\u00dferte Speichervolumen der Talsperre angepasst. Umweltminister Thorsten Glauber gab heute die neue [&hellip;]<\/p>\n","protected":false},"author":7,"featured_media":10666,"comment_status":"closed","ping_status":"open","sticky":false,"template":"","format":"standard","meta":{"footnotes":""},"categories":[78,71],"tags":[3199],"class_list":["post-13640","post","type-post","status-publish","format-standard","has-post-thumbnail","hentry","category-bayern","category-menue","tag-hochwasser-trockenheit"],"_links":{"self":[{"href":"https:\/\/www.frankensicht.de\/index.php?rest_route=\/wp\/v2\/posts\/13640","targetHints":{"allow":["GET"]}}],"collection":[{"href":"https:\/\/www.frankensicht.de\/index.php?rest_route=\/wp\/v2\/posts"}],"about":[{"href":"https:\/\/www.frankensicht.de\/index.php?rest_route=\/wp\/v2\/types\/post"}],"author":[{"embeddable":true,"href":"https:\/\/www.frankensicht.de\/index.php?rest_route=\/wp\/v2\/users\/7"}],"replies":[{"embeddable":true,"href":"https:\/\/www.frankensicht.de\/index.php?rest_route=%2Fwp%2Fv2%2Fcomments&post=13640"}],"version-history":[{"count":2,"href":"https:\/\/www.frankensicht.de\/index.php?rest_route=\/wp\/v2\/posts\/13640\/revisions"}],"predecessor-version":[{"id":13642,"href":"https:\/\/www.frankensicht.de\/index.php?rest_route=\/wp\/v2\/posts\/13640\/revisions\/13642"}],"wp:featuredmedia":[{"embeddable":true,"href":"https:\/\/www.frankensicht.de\/index.php?rest_route=\/wp\/v2\/media\/10666"}],"wp:attachment":[{"href":"https:\/\/www.frankensicht.de\/index.php?rest_route=%2Fwp%2Fv2%2Fmedia&parent=13640"}],"wp:term":[{"taxonomy":"category","embeddable":true,"href":"https:\/\/www.frankensicht.de\/index.php?rest_route=%2Fwp%2Fv2%2Fcategories&post=13640"},{"taxonomy":"post_tag","embeddable":true,"href":"https:\/\/www.frankensicht.de\/index.php?rest_route=%2Fwp%2Fv2%2Ftags&post=13640"}],"curies":[{"name":"wp","href":"https:\/\/api.w.org\/{rel}","templated":true}]}}