{"id":13636,"date":"2020-07-25T08:19:42","date_gmt":"2020-07-25T06:19:42","guid":{"rendered":"http:\/\/www.frankensicht.de\/?p=13636"},"modified":"2020-07-25T08:19:42","modified_gmt":"2020-07-25T06:19:42","slug":"bmf-monatsbericht-juli-2020","status":"publish","type":"post","link":"https:\/\/www.frankensicht.de\/?p=13636","title":{"rendered":"BMF-Monatsbericht Juli 2020"},"content":{"rendered":"<p><span style=\"color: #ff0000;\">Berlin:<\/span><\/p>\n<p>BMF-Monatsbericht Juli 2020<\/p>\n<p>Am 1. Juli 2020 hat Deutschland die Pr\u00e4sidentschaft im Rat der Europ\u00e4ischen Union \u00fcbernommen. Die Juli-Ausgabe unseres Monatsberichts wirft ein Schlaglicht auf die finanzpolitischen Schwerpunkte der deutschen EU-Ratspr\u00e4sidentschaft, unter anderem mit einem Interview der Leiterinnen und Leiter der Europa-, Finanzmarkt- und Steuerabteilung. Sie berichten aus ihrer Perspektive \u00fcber das BMF-Arbeitsprogramm der Pr\u00e4sidentschaft und die aktuellen Herausforderungen der EU.<\/p>\n<p><a href=\"https:\/\/www.frankensicht.de\/?attachment_id=1457\" rel=\"attachment wp-att-1457\"><img loading=\"lazy\" decoding=\"async\" class=\"alignnone size-full wp-image-1457\" src=\"https:\/\/www.frankensicht.de\/wp-content\/uploads\/2012\/05\/StatPressCN-\u2039-frankensicht.de-\u2014-WordPress_1336737358340.jpeg\" alt=\"\" width=\"235\" height=\"119\" \/><\/a><\/p>\n<p>Zum Monatsbericht: https:\/\/www.bundesfinanzministerium.de\/nl\/78426ee2-433e-400a-b905-8a7487d84340<\/p>\n<p>Quelle:bundesfinanzministerium.de<\/p>\n","protected":false},"excerpt":{"rendered":"<p>Berlin: BMF-Monatsbericht Juli 2020 Am 1. Juli 2020 hat Deutschland die Pr\u00e4sidentschaft im Rat der Europ\u00e4ischen Union \u00fcbernommen. Die Juli-Ausgabe unseres Monatsberichts wirft ein Schlaglicht auf die finanzpolitischen Schwerpunkte der deutschen EU-Ratspr\u00e4sidentschaft, unter anderem mit einem Interview der Leiterinnen und Leiter der Europa-, Finanzmarkt- und Steuerabteilung. Sie berichten aus ihrer Perspektive \u00fcber das BMF-Arbeitsprogramm der [&hellip;]<\/p>\n","protected":false},"author":7,"featured_media":1457,"comment_status":"closed","ping_status":"open","sticky":false,"template":"","format":"standard","meta":{"footnotes":""},"categories":[44,3,16],"tags":[3197],"class_list":["post-13636","post","type-post","status-publish","format-standard","has-post-thumbnail","hentry","category-deutschland-2","category-news","category-wirtschaft","tag-juli-2020"],"_links":{"self":[{"href":"https:\/\/www.frankensicht.de\/index.php?rest_route=\/wp\/v2\/posts\/13636","targetHints":{"allow":["GET"]}}],"collection":[{"href":"https:\/\/www.frankensicht.de\/index.php?rest_route=\/wp\/v2\/posts"}],"about":[{"href":"https:\/\/www.frankensicht.de\/index.php?rest_route=\/wp\/v2\/types\/post"}],"author":[{"embeddable":true,"href":"https:\/\/www.frankensicht.de\/index.php?rest_route=\/wp\/v2\/users\/7"}],"replies":[{"embeddable":true,"href":"https:\/\/www.frankensicht.de\/index.php?rest_route=%2Fwp%2Fv2%2Fcomments&post=13636"}],"version-history":[{"count":1,"href":"https:\/\/www.frankensicht.de\/index.php?rest_route=\/wp\/v2\/posts\/13636\/revisions"}],"predecessor-version":[{"id":13637,"href":"https:\/\/www.frankensicht.de\/index.php?rest_route=\/wp\/v2\/posts\/13636\/revisions\/13637"}],"wp:featuredmedia":[{"embeddable":true,"href":"https:\/\/www.frankensicht.de\/index.php?rest_route=\/wp\/v2\/media\/1457"}],"wp:attachment":[{"href":"https:\/\/www.frankensicht.de\/index.php?rest_route=%2Fwp%2Fv2%2Fmedia&parent=13636"}],"wp:term":[{"taxonomy":"category","embeddable":true,"href":"https:\/\/www.frankensicht.de\/index.php?rest_route=%2Fwp%2Fv2%2Fcategories&post=13636"},{"taxonomy":"post_tag","embeddable":true,"href":"https:\/\/www.frankensicht.de\/index.php?rest_route=%2Fwp%2Fv2%2Ftags&post=13636"}],"curies":[{"name":"wp","href":"https:\/\/api.w.org\/{rel}","templated":true}]}}