{"id":13632,"date":"2020-07-29T08:32:06","date_gmt":"2020-07-29T06:32:06","guid":{"rendered":"http:\/\/www.frankensicht.de\/?p=13632"},"modified":"2020-07-29T08:32:06","modified_gmt":"2020-07-29T06:32:06","slug":"initiative-justiz-und-medien-konsequent-gegen-hass-zieht-erste-bilanz","status":"publish","type":"post","link":"https:\/\/www.frankensicht.de\/?p=13632","title":{"rendered":"Initiative &#8222;Justiz und Medien &#8211; konsequent gegen Hass&#8220; zieht erste Bilanz"},"content":{"rendered":"<p><span style=\"color: #ff0000;\">M\u00fcnchen:<\/span><\/p>\n<p>Initiative &#8222;Justiz und Medien &#8211; konsequent gegen Hass&#8220; zieht erste Bilanz \/ Online-Veranstaltung am 22. Juli<\/p>\n<p>106 Pr\u00fcfbitten, 95 Ermittlungsverfahren, eine rechtskr\u00e4ftige Verurteilung: Die im Oktober 2019 ins Leben gerufene gemeinsame Initiative &#8222;Justiz und Medien &amp;ndash; konsequent gegen Hass&#8220; des bayerischen Justizministeriums und der Bayerischen Landeszentrale f\u00fcr neue Medien (BLM) zur Bek\u00e4mpfung von Hasskriminalit\u00e4t im Internet kann bereits Ergebnisse vorweisen. Ein erster Erfolg &amp;ndash; zumal die Ermittlungen aufgrund schwieriger T\u00e4teridentifizierung oder Auslandstatbest\u00e4nden sehr komplex sind.<\/p>\n<p>Der bayerische Justizminister Georg Eisenreich: &#8222;Es freut mich sehr, dass unser Vorsto\u00df auf breite Resonanz in den Medien st\u00f6\u00dft. Das Projekt ist ein wichtiger Schritt, um Hate Speech erfolgreich zu bek\u00e4mpfen. Denn im Netz hat sich etwas zusammengebraut, das zu einer Gefahr f\u00fcr unsere Demokratie geworden ist. Wer die Meinungsfreiheit sch\u00fctzen will, muss strafbaren Hass konsequent bek\u00e4mpfen. Zudem kann aus Hass im Netz schnell reale Gewalt werden. Wir m\u00fcssen eingreifen, bevor aus Worten Taten werden.&#8220;<\/p>\n<p>BLM-Pr\u00e4sident Siegfried Schneider: &#8222;Unsere gemeinsame Initiative setzt ein klares Zeichen f\u00fcr Meinungsfreiheit und gegen Hass und Hetze im Netz. Sie hat schon jetzt bewirkt, dass bei vielen Medienunternehmen die Sensibilit\u00e4t f\u00fcr die Notwendigkeit der Strafverfolgung gestiegen ist und das Thema auch in der \u00d6ffentlichkeit verst\u00e4rkt diskutiert wird. Diesen Weg wollen wir im Sinne eines guten Miteinanders in unserer demokratischen Gesellschaft konsequent weitergehen. Denn je mehr dabei sind, desto gr\u00f6\u00dfer ist die pr\u00e4ventive Wirkung.&#8220;<\/p>\n<p>Um die Medienh\u00e4user weiter zu ermutigen, Hasspostings bei der Staatsanwaltschaft zu melden und nicht nur zu l\u00f6schen, l\u00e4dt die Initiative anl\u00e4sslich des &#8222;Europaweiten Aktionstags f\u00fcr die Betroffenen von Hasskriminalit\u00e4t&#8220; am 22. Juli 2020 zu einer Online-Veranstaltung unter dem Motto &#8222;Justiz, Medien, Gesellschaft &amp;ndash; gemeinsam gegen Hate Speech&#8220; ein.<\/p>\n<p><a href=\"https:\/\/www.frankensicht.de\/?attachment_id=3276\" rel=\"attachment wp-att-3276\"><img loading=\"lazy\" decoding=\"async\" class=\"alignnone size-medium wp-image-3276\" src=\"https:\/\/www.frankensicht.de\/wp-content\/uploads\/2012\/07\/knast-300x225.png\" alt=\"\" width=\"300\" height=\"225\" srcset=\"https:\/\/www.frankensicht.de\/wp-content\/uploads\/2012\/07\/knast-300x225.png 300w, https:\/\/www.frankensicht.de\/wp-content\/uploads\/2012\/07\/knast.png 840w\" sizes=\"auto, (max-width: 300px) 100vw, 300px\" \/><\/a><\/p>\n<p>Hinweise zur Online-Veranstaltung &#8222;Justiz, Medien, Gesellschaft &amp;ndash; gemeinsam gegen Hate Speech&#8220; am 22. Juli 2020 von 11:00 bis 12:15 Uhr:<\/p>\n<p>Wie und in welchem Umfang Medienschaffende via Social Media beleidigt, diffamiert und angegriffen werden &amp;ndash; das hat Prof. Dr. Andreas Zick, Leiter des Instituts f\u00fcr interdisziplin\u00e4re Konflikt- und Gewaltforschung an der Universit\u00e4t Bielefeld untersucht. Er wird seine Studie &#8222;Hass und Angriffe auf Medienschaffende. Zur Wahrnehmung von und Erfahrungen mit Angriffen auf Journalist*innen&#8220; vorstellen.<\/p>\n<p>Anschlie\u00dfend diskutieren Georg Eisenreich, Bayerischer Staatsminister der Justiz, und Siegfried Schneider, Pr\u00e4sident der BLM, mit Vertretern aus den Bereichen Medien, Justiz und Cyberpsychologie, u.a. mit dem Hate-Speech-Beauftragten der bayerischen Justiz, Oberstaatsanwalt Klaus-Dieter Hartleb.<\/p>\n<p>Alles zur Veranstaltung gibt es unter www.blm.de\/gegen-hate-speech. Dort k\u00f6nnen Sie sich auch zum Livestream der Veranstaltung anmelden. M\u00f6chten Sie sich aktiv an der Veranstaltung beteiligen, senden wir Ihnen gerne einen Zoom-Zugangslink zu. Dann melden Sie sich bitte per E-Mail unter konsequentgegenhass@blm.de an.<\/p>\n<p>\u00dcber die Initiative &#8222;Justiz und Medien\u00a0 konsequent gegen Hass<\/p>\n<p>Das bayerische Justizministerium und die BLM haben das gemeinsame Projekt im Oktober 2019 ins Leben gerufen. Seitdem k\u00f6nnen sich Medienunternehmen in einem einfachen und effizienten Online-Verfahren mit einer Pr\u00fcfbitte oder Strafanzeige an die Justiz wenden etwa wegen volksverhetzender Kommentare und anderer strafbarer Inhalte wie Bedrohungen oder Hate Speech auf den von ihnen betriebenen Plattformen. Ansprechpartner ist die Generalstaatsanwaltschaft M\u00fcnchen. Mehr als 110 Medienunternehmen unterst\u00fctzen die Initiative aktuell mit ihrem Logo, \u00fcber 70 davon beteiligen sich aktiv an dem Projekt und haben sich bereits bei der Staatsanwaltschaft in Sachen strafrechtliche Relevanz von Hate Speech sowie der \u00dcbermittlung von Pr\u00fcfbitten schulen lassen. Alle Informationen finden Sie unter www.konsequent-gegen-hass.de.<\/p>\n<p>Quelle:stmj.bayern.de<\/p>\n<p>&nbsp;<\/p>\n","protected":false},"excerpt":{"rendered":"<p>M\u00fcnchen: Initiative &#8222;Justiz und Medien &#8211; konsequent gegen Hass&#8220; zieht erste Bilanz \/ Online-Veranstaltung am 22. Juli 106 Pr\u00fcfbitten, 95 Ermittlungsverfahren, eine rechtskr\u00e4ftige Verurteilung: Die im Oktober 2019 ins Leben gerufene gemeinsame Initiative &#8222;Justiz und Medien &amp;ndash; konsequent gegen Hass&#8220; des bayerischen Justizministeriums und der Bayerischen Landeszentrale f\u00fcr neue Medien (BLM) zur Bek\u00e4mpfung von Hasskriminalit\u00e4t [&hellip;]<\/p>\n","protected":false},"author":7,"featured_media":3276,"comment_status":"closed","ping_status":"open","sticky":false,"template":"","format":"standard","meta":{"footnotes":""},"categories":[78,71],"tags":[3195],"class_list":["post-13632","post","type-post","status-publish","format-standard","has-post-thumbnail","hentry","category-bayern","category-menue","tag-initiative-gegen-hass"],"_links":{"self":[{"href":"https:\/\/www.frankensicht.de\/index.php?rest_route=\/wp\/v2\/posts\/13632","targetHints":{"allow":["GET"]}}],"collection":[{"href":"https:\/\/www.frankensicht.de\/index.php?rest_route=\/wp\/v2\/posts"}],"about":[{"href":"https:\/\/www.frankensicht.de\/index.php?rest_route=\/wp\/v2\/types\/post"}],"author":[{"embeddable":true,"href":"https:\/\/www.frankensicht.de\/index.php?rest_route=\/wp\/v2\/users\/7"}],"replies":[{"embeddable":true,"href":"https:\/\/www.frankensicht.de\/index.php?rest_route=%2Fwp%2Fv2%2Fcomments&post=13632"}],"version-history":[{"count":1,"href":"https:\/\/www.frankensicht.de\/index.php?rest_route=\/wp\/v2\/posts\/13632\/revisions"}],"predecessor-version":[{"id":13633,"href":"https:\/\/www.frankensicht.de\/index.php?rest_route=\/wp\/v2\/posts\/13632\/revisions\/13633"}],"wp:featuredmedia":[{"embeddable":true,"href":"https:\/\/www.frankensicht.de\/index.php?rest_route=\/wp\/v2\/media\/3276"}],"wp:attachment":[{"href":"https:\/\/www.frankensicht.de\/index.php?rest_route=%2Fwp%2Fv2%2Fmedia&parent=13632"}],"wp:term":[{"taxonomy":"category","embeddable":true,"href":"https:\/\/www.frankensicht.de\/index.php?rest_route=%2Fwp%2Fv2%2Fcategories&post=13632"},{"taxonomy":"post_tag","embeddable":true,"href":"https:\/\/www.frankensicht.de\/index.php?rest_route=%2Fwp%2Fv2%2Ftags&post=13632"}],"curies":[{"name":"wp","href":"https:\/\/api.w.org\/{rel}","templated":true}]}}