{"id":13589,"date":"2020-07-05T09:26:36","date_gmt":"2020-07-05T07:26:36","guid":{"rendered":"http:\/\/www.frankensicht.de\/?p=13589"},"modified":"2020-07-05T09:26:36","modified_gmt":"2020-07-05T07:26:36","slug":"wettbewerb-elektromobilitaet-und-integration-in-das-energiesystem","status":"publish","type":"post","link":"https:\/\/www.frankensicht.de\/?p=13589","title":{"rendered":"Wettbewerb Elektromobilit\u00e4t und Integration in das Energiesystem"},"content":{"rendered":"<p><span style=\"color: #ff0000;\">Berlin:<\/span><\/p>\n<p>F\u00f6rderaufruf des BMWi: Wettbewerb Elektromobilit\u00e4t und Integration in das Energiesystem<\/p>\n<p><a href=\"https:\/\/www.frankensicht.de\/?attachment_id=11865\" rel=\"attachment wp-att-11865\"><img loading=\"lazy\" decoding=\"async\" class=\"alignnone size-medium wp-image-11865\" src=\"https:\/\/www.frankensicht.de\/wp-content\/uploads\/2018\/08\/tesla-300x225.jpg\" alt=\"\" width=\"300\" height=\"225\" srcset=\"https:\/\/www.frankensicht.de\/wp-content\/uploads\/2018\/08\/tesla-300x225.jpg 300w, https:\/\/www.frankensicht.de\/wp-content\/uploads\/2018\/08\/tesla.jpg 640w\" sizes=\"auto, (max-width: 300px) 100vw, 300px\" \/><\/a><\/p>\n<p>In seinem vierten F\u00f6rderaufruf adressiert das Bundesministerium f\u00fcr Wirtschaft und Energie (BMWi)<br \/>\nForschungs- und Entwicklungsvorhaben, die die Energie- und Klimapotenziale der Elektromobilit\u00e4t<br \/>\nerschlie\u00dfen und gleichzeitig die Wettbewerbsposition deutscher Industriebranchen st\u00e4rken. Aus dem<br \/>\nKonjunkturpaket stehen hierf\u00fcr insgesamt rund 180 Mio. Euro bereit.<br \/>\nBundesminister Altmaier: \u201eWir wollen den Automobilsektor zukunftsf\u00e4hig machen. Daf\u00fcr m\u00fcssen wir ihn<br \/>\nerfolgreich transformieren und elektrifizieren. Mit unserem Aufruf f\u00f6rdern wir Projekte, die uns<br \/>\nbei unseren Energie- und Klimazielen voranbringen und gleichzeitig unsere industrielle<br \/>\nWettbewerbsposition st\u00e4rken.\u201c<br \/>\nUnternehmen, Gebietsk\u00f6rperschaften, Einrichtungen der \u00f6ffentlichen Verwaltung, Universit\u00e4ten oder<br \/>\nsonstige Forschungseinrichtungen k\u00f6nnen Projektskizzen bis zum 30.09.2020 \u00fcber<br \/>\nhttps:\/\/ptoutline.eu\/app\/emo_iv einreichen. Grundlage ist die gemeinsame F\u00f6rderrichtlinie des BMWi<br \/>\nund des Bundesministeriums f\u00fcr Umwelt, Naturschutz und nukleare Sicherheit (BMU) zur F\u00f6rderung von<br \/>\nForschung und Entwicklung im Bereich der Elektromobilit\u00e4t vom 8. Dezember 2017 (BAnz AT 15.12.2017<br \/>\nB4).<br \/>\nFokus dieser Ausschreibungsrunde ist die Integration von Elektromobilit\u00e4t in das Energiesystem mit<br \/>\nden Schwerpunkten: Hersteller- und L\u00e4nder\u00fcbergreifende Interoperabilit\u00e4t von Ladeinfrastrukturen<br \/>\nund Fahrzeugen, Schnell- und Hochleistungsladesysteme u.a. f\u00fcr den gewerblichen Verkehr und<br \/>\nSchwerlastverkehr, Automatische oder induktive Ladesysteme f\u00fcr automatisiertes Fahren und<br \/>\nDemonstration praxistauglicher Gesch\u00e4ftsmodelle zum Betrieb von Ladeinfrastrukturen und<br \/>\nStrommarktintegration, Ladeinfrastruktur 4.0: Intelligentes, sicheres und Strommarkt- und<br \/>\nNetzorientiertes Laden f\u00fcr die Energiewende \u00fcber Smart Meter Gateways, Innovationen zur deutlichen<br \/>\nKostensenkung, wesentlichen Funktionserweiterungen und der Fahrzeug- oder Flotten\u00fcbergreifenden<br \/>\nOptimierung.<br \/>\nDas BMWi begr\u00fc\u00dft die Beteiligung von mittelst\u00e4ndischen Unternehmen, Zulieferindustrie, Anbietern<br \/>\ninnovativer digitaler L\u00f6sungen und Herstellern von Fahrzeug- und Energietechnik sowie von<br \/>\nInstitutionen an der Schnittstelle zwischen Verkehr und Energiesektor. Weitere Informationen zum<br \/>\nGegenstand der F\u00f6rderung, zur Antragsberechtigung und zum Verfahren entnehmen Sie bitte dem und<br \/>\nder F\u00f6rderrichtlinie (ver\u00f6ffentlicht im Bundesanzeiger unter: BAnz AT 15.12.2017 B4).<br \/>\nAnsprechpartner ist:<br \/>\nDLR Projekttr\u00e4ger<br \/>\nTelefon: +49 22 03\/6 01-45 42<br \/>\nE-Mail: pt-em@dlr.de<br \/>\nLink zum Herunterladen des Skizzentemplates und zur Einreichung der Skizze:<br \/>\nhttps:\/\/ptoutline.eu\/app\/emo_iv<\/p>\n<p>https:\/\/www.bmwi.de\/Redaktion\/DE\/Pressemitteilungen\/2020\/20200702-foerderaufruf-des-bmwi-wettbewerb-elektromobilitaet-und-integration-in-das-energiesystem.html<\/p>\n<p>Quelle:bmwi.bund.de<\/p>\n","protected":false},"excerpt":{"rendered":"<p>Berlin: F\u00f6rderaufruf des BMWi: Wettbewerb Elektromobilit\u00e4t und Integration in das Energiesystem In seinem vierten F\u00f6rderaufruf adressiert das Bundesministerium f\u00fcr Wirtschaft und Energie (BMWi) Forschungs- und Entwicklungsvorhaben, die die Energie- und Klimapotenziale der Elektromobilit\u00e4t erschlie\u00dfen und gleichzeitig die Wettbewerbsposition deutscher Industriebranchen st\u00e4rken. Aus dem Konjunkturpaket stehen hierf\u00fcr insgesamt rund 180 Mio. Euro bereit. Bundesminister Altmaier: \u201eWir [&hellip;]<\/p>\n","protected":false},"author":7,"featured_media":11865,"comment_status":"closed","ping_status":"open","sticky":false,"template":"","format":"standard","meta":{"footnotes":""},"categories":[44,3],"tags":[2074],"class_list":["post-13589","post","type-post","status-publish","format-standard","has-post-thumbnail","hentry","category-deutschland-2","category-news","tag-elektromobilitaet"],"_links":{"self":[{"href":"https:\/\/www.frankensicht.de\/index.php?rest_route=\/wp\/v2\/posts\/13589","targetHints":{"allow":["GET"]}}],"collection":[{"href":"https:\/\/www.frankensicht.de\/index.php?rest_route=\/wp\/v2\/posts"}],"about":[{"href":"https:\/\/www.frankensicht.de\/index.php?rest_route=\/wp\/v2\/types\/post"}],"author":[{"embeddable":true,"href":"https:\/\/www.frankensicht.de\/index.php?rest_route=\/wp\/v2\/users\/7"}],"replies":[{"embeddable":true,"href":"https:\/\/www.frankensicht.de\/index.php?rest_route=%2Fwp%2Fv2%2Fcomments&post=13589"}],"version-history":[{"count":1,"href":"https:\/\/www.frankensicht.de\/index.php?rest_route=\/wp\/v2\/posts\/13589\/revisions"}],"predecessor-version":[{"id":13590,"href":"https:\/\/www.frankensicht.de\/index.php?rest_route=\/wp\/v2\/posts\/13589\/revisions\/13590"}],"wp:featuredmedia":[{"embeddable":true,"href":"https:\/\/www.frankensicht.de\/index.php?rest_route=\/wp\/v2\/media\/11865"}],"wp:attachment":[{"href":"https:\/\/www.frankensicht.de\/index.php?rest_route=%2Fwp%2Fv2%2Fmedia&parent=13589"}],"wp:term":[{"taxonomy":"category","embeddable":true,"href":"https:\/\/www.frankensicht.de\/index.php?rest_route=%2Fwp%2Fv2%2Fcategories&post=13589"},{"taxonomy":"post_tag","embeddable":true,"href":"https:\/\/www.frankensicht.de\/index.php?rest_route=%2Fwp%2Fv2%2Ftags&post=13589"}],"curies":[{"name":"wp","href":"https:\/\/api.w.org\/{rel}","templated":true}]}}