{"id":13568,"date":"2020-07-03T08:25:05","date_gmt":"2020-07-03T06:25:05","guid":{"rendered":"http:\/\/www.frankensicht.de\/?p=13568"},"modified":"2020-07-03T08:25:05","modified_gmt":"2020-07-03T06:25:05","slug":"schulze-wir-brauchen-eine-trendumkehr-beim-rueckgang-der-insekten-und-ihrer-artenvielfalt","status":"publish","type":"post","link":"https:\/\/www.frankensicht.de\/?p=13568","title":{"rendered":"Schulze: \u201eWir brauchen eine Trendumkehr beim R\u00fcckgang der Insekten und ihrer Artenvielfalt\u201c"},"content":{"rendered":"<p><span style=\"color: #ff0000;\">Berlin:<\/span><\/p>\n<p>Schulze: \u201eWir brauchen eine Trendumkehr beim R\u00fcckgang der Insekten und<br \/>\nihrer Artenvielfalt\u201c<\/p>\n<p>Zweiter Runder Tisch Insektenschutz findet im Bundesumweltministerium statt<\/p>\n<p>Auf Einladung von Bundesumweltministerin Svenja Schulze haben sich heute in<br \/>\nBerlin zentrale Akteure von Verb\u00e4nden, L\u00e4ndern, Kommunen und Wissenschaft<br \/>\nbeim zweiten Runden Tisch Insektenschutz \u00fcber die Ursachen des<br \/>\nInsektenr\u00fcckgangs und die erforderlichen Gegenma\u00dfnahmen ausgetauscht. Der<br \/>\nRunde Tisch findet zweimal j\u00e4hrlich statt und ist Teil des<br \/>\nAktionsprogramms Insektenschutz (API) der Bundesregierung, mit dem die<br \/>\nUrsachen f\u00fcr das Insektensterben umfassend angegangen werden. Neben<br \/>\nBundeslandwirtschaftsministerin Julia Kl\u00f6ckner nahmen an dem heutigen<br \/>\nTreffen hochrangige Vertreter*innen von Umwelt-, Naturschutz- und<br \/>\nLandwirtschaftsverb\u00e4nden teil, u.a. auch der Vereinigung \u201eLand schafft<br \/>\nVerbindung\u201c.<\/p>\n<p><a href=\"https:\/\/www.frankensicht.de\/?attachment_id=1410\" rel=\"attachment wp-att-1410\"><img loading=\"lazy\" decoding=\"async\" class=\"alignnone size-medium wp-image-1410\" src=\"https:\/\/www.frankensicht.de\/wp-content\/uploads\/2012\/05\/paragraf-300x187.jpg\" alt=\"\" width=\"300\" height=\"187\" srcset=\"https:\/\/www.frankensicht.de\/wp-content\/uploads\/2012\/05\/paragraf-300x187.jpg 300w, https:\/\/www.frankensicht.de\/wp-content\/uploads\/2012\/05\/paragraf.jpg 640w\" sizes=\"auto, (max-width: 300px) 100vw, 300px\" \/><\/a><\/p>\n<p>Bundesumweltministerin Svenja Schulze: \u201eDie Ursachen f\u00fcr das<br \/>\nInsektensterben sind sehr vielf\u00e4ltig. Wirksamer Insektenschutz muss daher<br \/>\nauf vielen verschiedenen Ebenen ansetzen: Handlungsbedarf besteht nicht nur<br \/>\nin der Landwirtschaft und auf den Agrarfl\u00e4chen, sondern auch in der Stadt<br \/>\nund auf den Gr\u00fcnfl\u00e4chen. Was hilft, ist nicht nur die Ausweitung von<br \/>\nPflanzen- und Biotopschutz, sondern auch weniger Lichtverschmutzung. N\u00f6tig<br \/>\nsind neben gezielt eingesetzten Finanzmitteln auch Forschung und neue<br \/>\nL\u00f6sungen f\u00fcr den Insektenschutz. Wir brauchen dringend eine Trendumkehr<br \/>\nbeim R\u00fcckgang der Insekten und ihrer Artenvielfalt. Das gelingt nur<br \/>\ngemeinsam. Deshalb ist mir der fortlaufende Dialog mit allen f\u00fcr den<br \/>\nInsektenschutz zentralen Akteuren wichtig.\u201c<\/p>\n<p>Insekten spielen f\u00fcr das Funktionieren von \u00d6kosystemen als integraler<br \/>\nBestandteil der biologischen Vielfalt eine zentrale Rolle. Das Ziel des<br \/>\nAktionsprogramms Insektenschutz ist es daher, dass es wieder mehr Insekten<br \/>\ngibt und sich der Bestand bedrohter Insektenarten wieder erholt.<\/p>\n<p>Die hierf\u00fcr erforderlichen Gesetzes\u00e4nderungen, die sich aus dem<br \/>\nAktionsprogramm Insektenschutz ergeben, sollen in einem<br \/>\nInsektenschutzgesetz geb\u00fcndelt und zeitnah auf den Weg gebracht werden.<br \/>\nAls Artikelgesetz wird das Insektenschutzgesetz Regelungen enthalten gegen<br \/>\nLichtverschmutzung, zur Ausweitung des Biotopschutzes zum Beispiel auf<br \/>\nartenreiches Gr\u00fcnland und Streuobstbest\u00e4nde, f\u00fcr Gew\u00e4sserabst\u00e4nde bei<br \/>\nder Anwendung von Pflanzenschutzmitteln sowie zur St\u00e4rkung der<br \/>\nLandschaftsplanung.<\/p>\n<p>Beim zweiten Runden Tisch Insektenschutz ging es neben dem Ausblick auch um<br \/>\neine Zwischenbilanz bereits umgesetzter Ma\u00dfnahmen aus dem Aktionsprogramm<br \/>\nInsektenschutz: So wurde zur Unterst\u00fctzung der Landwirtschaft ein<br \/>\nSonderrahmenplan f\u00fcr den Insektenschutz in der \u201eGemeinschaftsaufgabe<br \/>\nAgrarstruktur und K\u00fcstenschutz\u201c (GAK) eingerichtet. Schon ab diesem Jahr<br \/>\nunterst\u00fctzt der Bund Insektenschutz in der Agrarlandschaft mit 50<br \/>\nMillionen Euro pro Jahr. Im Rahmen des Bundesprogramms Biologische Vielfalt<br \/>\nsind bereits erste Themen-Projekte angelaufen, zum Beispiel der Wettbewerb<br \/>\nf\u00fcr insektenfreundliche Kommunen. Insgedamt flie\u00dfen in den n\u00e4chsten<br \/>\nsechs bis acht Jahren 60 Millionen Euro \u00fcber das Bundesprogramm<br \/>\nBiologische Vielfalt in den Insektenschutz. Auch das F\u00f6rderprogramm Auen<br \/>\nist erfolgreich gestartet. Die Konzeption des im API vorgesehenen<br \/>\nbundesweiten Insektenmonitorings ist so gut wie abgeschlossen, Basismodule<br \/>\nwerden bereits in einigen L\u00e4ndern erprobt.<\/p>\n<p>Am Nachmittag finden im Rahmen des Runden Tischs drei parallele<br \/>\nDiskussionsrunden auf Fachebene zu den Themen \u201eGesellschaftliches<br \/>\nEngagement, Kommunikation und Forschung\u201c, \u201eInsektenlebensr\u00e4ume in der<br \/>\nAgrarlandschaft\u201c und \u201eInsektenschutz im Siedlungsbereich (inklusive<br \/>\nLichtverschmutzung) und an Gew\u00e4ssern\u201c statt.<\/p>\n<p>Weitere Informationen zum Aktionsprogamm Insektenschutz finden Sie unter<br \/>\nhttps:\/\/www.bmu.de\/presseverteiler\/lt.php?tid=j63yXgvi3wGKcnl9weLI4qv31nzGDPhSjqcKgVVpzFSBuBNZyf8boKSsg41K6FIQ<br \/>\n. Fragen und Antworten zu Themen des Aktionsprogramms Insektenschutz finden<br \/>\nSie unter<br \/>\nhttps:\/\/www.bmu.de\/presseverteiler\/lt.php?tid=AR4AVOuDnS6yuZoQr3q4W6v31nzGDIhSjqcKgVVpzFSBuBNZyf9LoKSsg41K6FIQ<\/p>\n<p>Quelle : bmu.bund.de<\/p>\n","protected":false},"excerpt":{"rendered":"<p>Berlin: Schulze: \u201eWir brauchen eine Trendumkehr beim R\u00fcckgang der Insekten und ihrer Artenvielfalt\u201c Zweiter Runder Tisch Insektenschutz findet im Bundesumweltministerium statt Auf Einladung von Bundesumweltministerin Svenja Schulze haben sich heute in Berlin zentrale Akteure von Verb\u00e4nden, L\u00e4ndern, Kommunen und Wissenschaft beim zweiten Runden Tisch Insektenschutz \u00fcber die Ursachen des Insektenr\u00fcckgangs und die erforderlichen Gegenma\u00dfnahmen ausgetauscht. [&hellip;]<\/p>\n","protected":false},"author":7,"featured_media":1410,"comment_status":"closed","ping_status":"open","sticky":false,"template":"","format":"standard","meta":{"footnotes":""},"categories":[44,3],"tags":[3174],"class_list":["post-13568","post","type-post","status-publish","format-standard","has-post-thumbnail","hentry","category-deutschland-2","category-news","tag-insektenschutz-konzept"],"_links":{"self":[{"href":"https:\/\/www.frankensicht.de\/index.php?rest_route=\/wp\/v2\/posts\/13568","targetHints":{"allow":["GET"]}}],"collection":[{"href":"https:\/\/www.frankensicht.de\/index.php?rest_route=\/wp\/v2\/posts"}],"about":[{"href":"https:\/\/www.frankensicht.de\/index.php?rest_route=\/wp\/v2\/types\/post"}],"author":[{"embeddable":true,"href":"https:\/\/www.frankensicht.de\/index.php?rest_route=\/wp\/v2\/users\/7"}],"replies":[{"embeddable":true,"href":"https:\/\/www.frankensicht.de\/index.php?rest_route=%2Fwp%2Fv2%2Fcomments&post=13568"}],"version-history":[{"count":2,"href":"https:\/\/www.frankensicht.de\/index.php?rest_route=\/wp\/v2\/posts\/13568\/revisions"}],"predecessor-version":[{"id":13570,"href":"https:\/\/www.frankensicht.de\/index.php?rest_route=\/wp\/v2\/posts\/13568\/revisions\/13570"}],"wp:featuredmedia":[{"embeddable":true,"href":"https:\/\/www.frankensicht.de\/index.php?rest_route=\/wp\/v2\/media\/1410"}],"wp:attachment":[{"href":"https:\/\/www.frankensicht.de\/index.php?rest_route=%2Fwp%2Fv2%2Fmedia&parent=13568"}],"wp:term":[{"taxonomy":"category","embeddable":true,"href":"https:\/\/www.frankensicht.de\/index.php?rest_route=%2Fwp%2Fv2%2Fcategories&post=13568"},{"taxonomy":"post_tag","embeddable":true,"href":"https:\/\/www.frankensicht.de\/index.php?rest_route=%2Fwp%2Fv2%2Ftags&post=13568"}],"curies":[{"name":"wp","href":"https:\/\/api.w.org\/{rel}","templated":true}]}}