{"id":13429,"date":"2020-05-02T09:05:43","date_gmt":"2020-05-02T07:05:43","guid":{"rendered":"http:\/\/www.frankensicht.de\/?p=13429"},"modified":"2020-05-02T09:05:43","modified_gmt":"2020-05-02T07:05:43","slug":"bund-bringt-waldbrandpraevention-und-bewaeltigung-voran","status":"publish","type":"post","link":"https:\/\/www.frankensicht.de\/?p=13429","title":{"rendered":"Bund bringt Waldbrandpr\u00e4vention und -bew\u00e4ltigung voran"},"content":{"rendered":"<p><span style=\"color: #ff0000;\">Berlin:<\/span><\/p>\n<p>Naturschutz<\/p>\n<p>Bund bringt Waldbrandpr\u00e4vention und -bew\u00e4ltigung voran<\/p>\n<p>**BMEL und BMU reagieren auf steigende Waldbrandgefahr und die massiven<br \/>\nWaldsch\u00e4den und bewilligen 22 neue Forschungs- und Modellvorhaben**<\/p>\n<p>Aufgrund der hohen Temperaturen und der Trockenheit in den vergangenen<br \/>\nJahren kommt es in Deutschland vermehrt zu Waldbr\u00e4nden. Um diese Gefahr zu<br \/>\nminimieren und zielgerichtet zu bek\u00e4mpfen, f\u00f6rdern die Bundesministerien<br \/>\nf\u00fcr Ern\u00e4hrung und Landwirtschaft (BMEL) sowie Umwelt, Naturschutz und<br \/>\nnukleare Sicherheit (BMU) insgesamt 22 Forschungs- und Modellvorhaben.<br \/>\nAufgrund der Vielzahl von Waldbr\u00e4nden in den vergangenen zwei Jahren<br \/>\nhatten die beiden Ministerien 2019 einen entsprechenden F\u00f6rderaufruf<br \/>\ngestartet. Die Projekte starten nun bundesweit zum 1. Mai und haben ein<br \/>\nVolumen von insgesamt rund 11,3 Millionen Euro. Die Gelder stammen aus dem<br \/>\ngemeinschaftlich finanzierten Waldklimafonds (WKF).<\/p>\n<p><a href=\"https:\/\/www.frankensicht.de\/?attachment_id=10666\" rel=\"attachment wp-att-10666\"><img loading=\"lazy\" decoding=\"async\" class=\"alignnone size-medium wp-image-10666\" src=\"https:\/\/www.frankensicht.de\/wp-content\/uploads\/2017\/05\/trinkwasser-300x225.jpg\" alt=\"\" width=\"300\" height=\"225\" srcset=\"https:\/\/www.frankensicht.de\/wp-content\/uploads\/2017\/05\/trinkwasser-300x225.jpg 300w, https:\/\/www.frankensicht.de\/wp-content\/uploads\/2017\/05\/trinkwasser-768x576.jpg 768w, https:\/\/www.frankensicht.de\/wp-content\/uploads\/2017\/05\/trinkwasser-1024x768.jpg 1024w, https:\/\/www.frankensicht.de\/wp-content\/uploads\/2017\/05\/trinkwasser.jpg 1280w\" sizes=\"auto, (max-width: 300px) 100vw, 300px\" \/><\/a><\/p>\n<p>Bundeswaldministerin Julia Kl\u00f6ckner: \u201eUnsere W\u00e4lder sind dauerhaft<br \/>\ngestresst: Nach zwei trockenen Jahren droht nun eine Fr\u00fchjahrsd\u00fcrre, die<br \/>\nunseren B\u00e4umen stark zusetzt. Auch die Waldbrandgefahr ist aktuell wieder<br \/>\nhoch &#8211; allein in 2018 haben wir durch Br\u00e4nde eine Waldfl\u00e4che verloren,<br \/>\ndie rund 3300 Fu\u00dfballfeldern entspricht. Mit dem F\u00f6rderprogramm wollen<br \/>\nwir diese Gefahr effektiv eind\u00e4mmen, unsere W\u00e4lder besser davor<br \/>\nsch\u00fctzen. Dabei drehen wir an vielen Stellschrauben, gehen es umfassend<br \/>\nan: Mehr Aufkl\u00e4rungsarbeit, intensivere Forschung, eine bessere Vernetzung<br \/>\nsowie den klimastabilen Umbau unserer W\u00e4lder. Zudem stehen den L\u00e4ndern<br \/>\nauch Gelder aus unserem gemeinsamen 800 Millionen-Wald-Hilfspaket f\u00fcr<br \/>\nverschiedene Ma\u00dfnahmen zur Waldbrandpr\u00e4vention zur Verf\u00fcgung.\u201c<\/p>\n<p>Bundesumweltministerin Svenja Schulze: \u201eDer Klimawandel macht sich in<br \/>\nunseren W\u00e4ldern deutlich bemerkbar, das macht mir gro\u00dfe Sorgen. Die<br \/>\nD\u00fcrre der letzten beiden Jahre hat schlimme Folgen f\u00fcr die W\u00e4lder und<br \/>\nauch in diesem Jahr erleben wir bereits eine anhaltende Trockenheit und<br \/>\neine erh\u00f6hte Waldbrandgefahr. Zur Anpassung an den unvermeidbaren Teil des<br \/>\nKlimawandels braucht Deutschland einen Waldumbau. Misch- und Laubw\u00e4lder<br \/>\nk\u00f6nnen sich zum Beispiel meist besser an Extremwetter anpassen als reine<br \/>\nNadelholzw\u00e4lder. Mit den neuen Projekten wollen wir unsere W\u00e4lder<br \/>\nwiderstandsf\u00e4higer machen und erproben, wie sich Sch\u00e4den im Fall eines<br \/>\nWaldbrandes begrenzen lassen.\u201c<\/p>\n<p>Die Projekte sollen helfen, D\u00fcrreperioden in Zukunft besser zu \u00fcberstehen<br \/>\nund umfassen grundlegende Forschungsarbeiten &#8211; beispielsweise um das<br \/>\n\u00f6kologische, waldbauliche und technische Wissen zu Waldbr\u00e4nden zu<br \/>\nerweitern oder die Waldbrandgefahr mit fernerkundlichen und<br \/>\nmeteorologischen Daten kartieren zu k\u00f6nnen. Ebenso werden Strategien f\u00fcr<br \/>\ndie Entwicklung feuerbest\u00e4ndiger und klimaresilienter W\u00e4lder auf<br \/>\nBrandfl\u00e4chen entwickelt, wobei zugleich die Auswirkungen waldbaulicher<br \/>\nVer\u00e4nderungen auf Bodeneigenschaften und Bodenfauna, Pilze, Wild und<br \/>\nBrutv\u00f6gel untersucht werden. Au\u00dferdem soll eine vernetzte Datenplattform<br \/>\nf\u00fcr Feuerwehren zu Pr\u00e4vention, Management und Bew\u00e4ltigung von<br \/>\nSchadensereignissen entstehen. Mit einem weiteren Vorhaben soll eine<br \/>\ndigitale Informations- und Aufkl\u00e4rungskampagne f\u00fcr Jugendliche in<br \/>\nsozialen Medien zur Waldbrandpr\u00e4vention entwickelt werden. Auch<br \/>\nkampfmittelbelastete Waldfl\u00e4chen sind Gegenstand der Untersuchungen. Dabei<br \/>\nwerden beispielsweise der Einsatz gesch\u00fctzter Forsttechnik erprobt sowie<br \/>\nLeitf\u00e4den f\u00fcr Waldbesitzer zur Arbeitssicherheit und Haftung bei der<br \/>\nWaldbrandnachsorge erarbeitet.<\/p>\n<p>Eine \u00dcbersicht der durch den Waldklimafonds gef\u00f6rderten Vorhaben ist<br \/>\nunter<br \/>\nhttps:\/\/www.bmu.de\/presseverteiler\/lt.php?tid=T\/908B24RA+k2Ekqb0lL36YGPyVrRQ2jhXne+jHJHBqBuBNZyf+boKSsg41K6FIQ<br \/>\nzu finden. Weitere Details zu den Projekten stehen in der Projektdatenbank<br \/>\nder Fachagentur Nachwachsende Rohstoffe unter<br \/>\nhttps:\/\/www.bmu.de\/presseverteiler\/lt.php?tid=LrgwtUdTq021CTEt9Qp1n6YGPyVrRb2jhXne+jHJHBqBuBNZyf+LoKSsg41K6FIQ<br \/>\nzur Verf\u00fcgung.<\/p>\n<p>Hintergrund:<\/p>\n<p>Bei 1.708 Waldbr\u00e4nden waren im Jahr 2018 bundesweit 2.349 Hektar Wald<br \/>\nverbrannt. Das ist laut Bundesanstalt f\u00fcr Landwirtschaft und Ern\u00e4hrung<br \/>\n(BLE) die gr\u00f6\u00dfte Waldbrandfl\u00e4che seit 26 Jahren. Der vorbeugende<br \/>\nWaldbrandschutz liegt in Deutschland in der Zust\u00e4ndigkeit der<br \/>\nBundesl\u00e4nder und ist in den Landeswaldgesetzen formuliert. Der<br \/>\nWaldklimafonds wurde im Juni 2013 als Bestandteil des Energie- und<br \/>\nKlimafonds gemeinsam von BMEL und BMU aufgelegt. Er kann als flexibles<br \/>\nF\u00f6rderinstrument an der Schnittstelle Wald und Klima optimal f\u00fcr die<br \/>\nFragestellungen genutzt werden.<\/p>\n<p>Die Fachagentur Nachwachsende Rohstoffe ist seit 1993 als Projekttr\u00e4ger<br \/>\ndes BMEL f\u00fcr das F\u00f6rderprogramm Nachwachsende Rohstoffe aktiv. Sie<br \/>\nunterst\u00fctzt seit 1. Januar 2019 als Projekttr\u00e4ger auch Vorhaben der<br \/>\nF\u00f6rderrichtlinie Waldklimafonds.<\/p>\n<p>Quelle:bmu.bund.de<\/p>\n","protected":false},"excerpt":{"rendered":"<p>Berlin: Naturschutz Bund bringt Waldbrandpr\u00e4vention und -bew\u00e4ltigung voran **BMEL und BMU reagieren auf steigende Waldbrandgefahr und die massiven Waldsch\u00e4den und bewilligen 22 neue Forschungs- und Modellvorhaben** Aufgrund der hohen Temperaturen und der Trockenheit in den vergangenen Jahren kommt es in Deutschland vermehrt zu Waldbr\u00e4nden. Um diese Gefahr zu minimieren und zielgerichtet zu bek\u00e4mpfen, f\u00f6rdern die [&hellip;]<\/p>\n","protected":false},"author":7,"featured_media":1574,"comment_status":"closed","ping_status":"open","sticky":false,"template":"","format":"standard","meta":{"footnotes":""},"categories":[44,3],"tags":[3128],"class_list":["post-13429","post","type-post","status-publish","format-standard","has-post-thumbnail","hentry","category-deutschland-2","category-news","tag-waldbrandgefahr"],"_links":{"self":[{"href":"https:\/\/www.frankensicht.de\/index.php?rest_route=\/wp\/v2\/posts\/13429","targetHints":{"allow":["GET"]}}],"collection":[{"href":"https:\/\/www.frankensicht.de\/index.php?rest_route=\/wp\/v2\/posts"}],"about":[{"href":"https:\/\/www.frankensicht.de\/index.php?rest_route=\/wp\/v2\/types\/post"}],"author":[{"embeddable":true,"href":"https:\/\/www.frankensicht.de\/index.php?rest_route=\/wp\/v2\/users\/7"}],"replies":[{"embeddable":true,"href":"https:\/\/www.frankensicht.de\/index.php?rest_route=%2Fwp%2Fv2%2Fcomments&post=13429"}],"version-history":[{"count":1,"href":"https:\/\/www.frankensicht.de\/index.php?rest_route=\/wp\/v2\/posts\/13429\/revisions"}],"predecessor-version":[{"id":13430,"href":"https:\/\/www.frankensicht.de\/index.php?rest_route=\/wp\/v2\/posts\/13429\/revisions\/13430"}],"wp:featuredmedia":[{"embeddable":true,"href":"https:\/\/www.frankensicht.de\/index.php?rest_route=\/wp\/v2\/media\/1574"}],"wp:attachment":[{"href":"https:\/\/www.frankensicht.de\/index.php?rest_route=%2Fwp%2Fv2%2Fmedia&parent=13429"}],"wp:term":[{"taxonomy":"category","embeddable":true,"href":"https:\/\/www.frankensicht.de\/index.php?rest_route=%2Fwp%2Fv2%2Fcategories&post=13429"},{"taxonomy":"post_tag","embeddable":true,"href":"https:\/\/www.frankensicht.de\/index.php?rest_route=%2Fwp%2Fv2%2Ftags&post=13429"}],"curies":[{"name":"wp","href":"https:\/\/api.w.org\/{rel}","templated":true}]}}