{"id":13417,"date":"2020-04-24T08:09:34","date_gmt":"2020-04-24T06:09:34","guid":{"rendered":"http:\/\/www.frankensicht.de\/?p=13417"},"modified":"2020-04-24T08:09:34","modified_gmt":"2020-04-24T06:09:34","slug":"europaeische-hilfen-fuer-fischereibetriebe-waehrend-corona-pandemie-beschlossen","status":"publish","type":"post","link":"https:\/\/www.frankensicht.de\/?p=13417","title":{"rendered":"Europ\u00e4ische Hilfen f\u00fcr Fischereibetriebe w\u00e4hrend Corona-Pandemie beschlossen"},"content":{"rendered":"<p><span style=\"color: #ff0000;\">Berlin:<\/span><\/p>\n<p>Julia Kl\u00f6ckner: Europ\u00e4ische Hilfen f\u00fcr Fischereibetriebe w\u00e4hrend Corona-Pandemie beschlossen<\/p>\n<p>In Br\u00fcssel wurde eine \u00c4nderung der Verordnung \u00fcber den Europ\u00e4ischen Meeres- und Fischereifonds beschlossen, die flexible Hilfen f\u00fcr die Fischerei und Aquakulturbetriebe erm\u00f6glicht. Mit dieser \u00c4nderung k\u00f6nnen beispielsweise Betriebe unterst\u00fctzt werden, die angesichts der COVID 19-Pandemie vor\u00fcbergehend schlie\u00dfen m\u00fcssen.<\/p>\n<p><a href=\"https:\/\/www.frankensicht.de\/?attachment_id=8913\" rel=\"attachment wp-att-8913\"><img loading=\"lazy\" decoding=\"async\" class=\"alignnone size-medium wp-image-8913\" src=\"https:\/\/www.frankensicht.de\/wp-content\/uploads\/2015\/08\/angeln-300x225.jpg\" alt=\"\" width=\"300\" height=\"225\" srcset=\"https:\/\/www.frankensicht.de\/wp-content\/uploads\/2015\/08\/angeln-300x225.jpg 300w, https:\/\/www.frankensicht.de\/wp-content\/uploads\/2015\/08\/angeln.jpg 640w\" sizes=\"auto, (max-width: 300px) 100vw, 300px\" \/><\/a><\/p>\n<p>Die Bundesfischereiministerin Julia Kl\u00f6ckner begr\u00fc\u00dft das ausdr\u00fccklich: &#8222;Die K\u00fcstenfischerei hat bei uns eine lange Tradition, ist in den Regionen fest verankert. Viele Familien leben von diesem Handwerk. Sie wollen wir unterst\u00fctzen, die Auswirkungen der Pandemie abpuffern, Existenzen sichern. Es ist daher gut und wichtig, dass die Betriebe nun F\u00f6rdermittel als \u00dcberbr\u00fcckungshilfe f\u00fcr Zeiten in Anspruch nehmen k\u00f6nnen, in denen sie Corona-bedingt nicht auslaufen k\u00f6nnen. Auch im Bereich der Aquakultur sowie der Binnenfischerei ist das m\u00f6glich.&#8220;<\/p>\n<p>Deutschland habe bei den Abstimmungen zudem sehr deutlich gemacht, dass auch die bereits seit Herbst 2019 ausstehende \u00c4nderung zur Unterst\u00fctzung bei der endg\u00fcltigen Stilllegung in der Ostsee schnell verabschiedet und &#8211; wie vom Rat bereits beschlossen &#8211; auf die Fischerei der westlichen Dorsch- und Heringsbest\u00e4nde ausgeweitet werden sollte, so die Ministerin weiter.<\/p>\n<p>Die beschlossenen Unterst\u00fctzungsma\u00dfnahmen k\u00f6nnen flexibel innerhalb des derzeit geltenden Mehrj\u00e4hrigen Finanzrahmens erfolgen. Die Verordnungs\u00e4nderung hat damit keine Auswirkungen auf die EU-Haushaltsplanung in den Jahren 2021-2027.<\/p>\n<p>Quelle:bmel.bund,de<\/p>\n","protected":false},"excerpt":{"rendered":"<p>Berlin: Julia Kl\u00f6ckner: Europ\u00e4ische Hilfen f\u00fcr Fischereibetriebe w\u00e4hrend Corona-Pandemie beschlossen In Br\u00fcssel wurde eine \u00c4nderung der Verordnung \u00fcber den Europ\u00e4ischen Meeres- und Fischereifonds beschlossen, die flexible Hilfen f\u00fcr die Fischerei und Aquakulturbetriebe erm\u00f6glicht. Mit dieser \u00c4nderung k\u00f6nnen beispielsweise Betriebe unterst\u00fctzt werden, die angesichts der COVID 19-Pandemie vor\u00fcbergehend schlie\u00dfen m\u00fcssen. Die Bundesfischereiministerin Julia Kl\u00f6ckner begr\u00fc\u00dft das [&hellip;]<\/p>\n","protected":false},"author":7,"featured_media":8913,"comment_status":"closed","ping_status":"open","sticky":false,"template":"","format":"standard","meta":{"footnotes":""},"categories":[44,3],"tags":[3124],"class_list":["post-13417","post","type-post","status-publish","format-standard","has-post-thumbnail","hentry","category-deutschland-2","category-news","tag-fischereibeihilfen"],"_links":{"self":[{"href":"https:\/\/www.frankensicht.de\/index.php?rest_route=\/wp\/v2\/posts\/13417","targetHints":{"allow":["GET"]}}],"collection":[{"href":"https:\/\/www.frankensicht.de\/index.php?rest_route=\/wp\/v2\/posts"}],"about":[{"href":"https:\/\/www.frankensicht.de\/index.php?rest_route=\/wp\/v2\/types\/post"}],"author":[{"embeddable":true,"href":"https:\/\/www.frankensicht.de\/index.php?rest_route=\/wp\/v2\/users\/7"}],"replies":[{"embeddable":true,"href":"https:\/\/www.frankensicht.de\/index.php?rest_route=%2Fwp%2Fv2%2Fcomments&post=13417"}],"version-history":[{"count":1,"href":"https:\/\/www.frankensicht.de\/index.php?rest_route=\/wp\/v2\/posts\/13417\/revisions"}],"predecessor-version":[{"id":13418,"href":"https:\/\/www.frankensicht.de\/index.php?rest_route=\/wp\/v2\/posts\/13417\/revisions\/13418"}],"wp:featuredmedia":[{"embeddable":true,"href":"https:\/\/www.frankensicht.de\/index.php?rest_route=\/wp\/v2\/media\/8913"}],"wp:attachment":[{"href":"https:\/\/www.frankensicht.de\/index.php?rest_route=%2Fwp%2Fv2%2Fmedia&parent=13417"}],"wp:term":[{"taxonomy":"category","embeddable":true,"href":"https:\/\/www.frankensicht.de\/index.php?rest_route=%2Fwp%2Fv2%2Fcategories&post=13417"},{"taxonomy":"post_tag","embeddable":true,"href":"https:\/\/www.frankensicht.de\/index.php?rest_route=%2Fwp%2Fv2%2Ftags&post=13417"}],"curies":[{"name":"wp","href":"https:\/\/api.w.org\/{rel}","templated":true}]}}