{"id":13412,"date":"2020-04-20T05:19:36","date_gmt":"2020-04-20T03:19:36","guid":{"rendered":"http:\/\/www.frankensicht.de\/?p=13412"},"modified":"2020-04-20T05:19:36","modified_gmt":"2020-04-20T03:19:36","slug":"huml-grosses-interesse-am-bayerischen-corona-bonus-antragstellung-im-internet-beim-landesamt-fuer-pflege","status":"publish","type":"post","link":"https:\/\/www.frankensicht.de\/?p=13412","title":{"rendered":"Huml: Gro\u00dfes Interesse am bayerischen Corona-Bonus &#8211; Antragstellung im Internet beim Landesamt f\u00fcr Pflege"},"content":{"rendered":"<p><span style=\"color: #ff0000;\">M\u00fcnchen:<\/span><\/p>\n<p>Huml: Gro\u00dfes Interesse am bayerischen Corona-Bonus &#8211; Antragstellung im Internet beim Landesamt f\u00fcr Pflege<\/p>\n<p>Der neue Corona-Bonus im Gesundheits- und Pflegebereich st\u00f6\u00dft auf gro\u00dfes Interesse. Darauf hat Bayerns Gesundheits- und Pflegeministerin Melanie Huml am Freitag hingewiesen. Huml betonte: &#8222;Wir haben seit dem Beschluss des Kabinetts vor rund einer Woche bereits zahlreiche Anfragen zum Corona-Bonus bekommen. Das ist sehr erfreulich!&#8220;<\/p>\n<p><a href=\"https:\/\/www.frankensicht.de\/?attachment_id=4845\" rel=\"attachment wp-att-4845\"><img loading=\"lazy\" decoding=\"async\" class=\"alignnone size-medium wp-image-4845\" src=\"https:\/\/www.frankensicht.de\/wp-content\/uploads\/2012\/12\/1euro-300x225.jpg\" alt=\"\" width=\"300\" height=\"225\" srcset=\"https:\/\/www.frankensicht.de\/wp-content\/uploads\/2012\/12\/1euro-300x225.jpg 300w, https:\/\/www.frankensicht.de\/wp-content\/uploads\/2012\/12\/1euro.jpg 640w\" sizes=\"auto, (max-width: 300px) 100vw, 300px\" \/><\/a><\/p>\n<p>Das bayerische Kabinett hatte am 7. April als Zeichen der Anerkennung des au\u00dfergew\u00f6hnlichen Engagements den neuen Bonus beschlossen. Diese einmalige finanzielle Zuwendung bekommen insbesondere Pflegekr\u00e4fte in Krankenh\u00e4usern, Rehabilitationskliniken, Alten-, Pflege- und Behinderteneinrichtungen und ambulanten Pflegediensten sowie nicht\u00e4rztliches Rettungsdienstpersonal. Wer regelm\u00e4\u00dfig mehr als 25 Stunden pro Woche arbeitet, erh\u00e4lt 500 Euro. Berechtigte, die regelm\u00e4\u00dfig 25 Stunden pro Woche oder weniger arbeiten, erhalten 300 Euro.<\/p>\n<p>Die Finanzierung erfolgt aus dem Sonderfonds Corona-Pandemie. Wer Anspruch auf die Pr\u00e4mie hat, kann den Antrag online unter www.corona-pflegebonus.bayern.de an das Bayerische Landesamt f\u00fcr Pflege (LfP) stellen. Ben\u00f6tigt werden lediglich eine Best\u00e4tigung des Arbeitgebers und eine Kopie des Personalausweises. Der Antrag kann auch via Smartphone oder Tablet gestellt werden, die erforderlichen Nachweise k\u00f6nnen einfach mit dem mobilen Endger\u00e4t abfotografiert und hochgeladen werden. Nach aktuellem Stand soll die Pr\u00e4mie unabh\u00e4ngig vom derzeit auf Bundesebene diskutierten Pflegebonus in H\u00f6he von 1.500 Euro gew\u00e4hrt werden.<\/p>\n<p>Der Pr\u00e4sident des Landesamtes f\u00fcr Pflege, Dr. Dr. Markus Schick, unterstrich: &#8222;Wir werden den Bonus so schnell wie m\u00f6glich ausbezahlen. \u00dcber die Osterfeiertage konnten wir dank der guten Zusammenarbeit aller beteiligten Beh\u00f6rden den Antrag und notwendige Unterlagen erarbeiten und online stellen. Zu finden sind diese unter www.lfp.bayern.de. Dort werden auch die h\u00e4ufigsten Fragen rund um den Corona-Pflegebonus beantwortet.&#8220;<\/p>\n<p>Zus\u00e4tzlich unterst\u00fctzt das Landesamt f\u00fcr Pflege den \u00e4rztlichen Bereitschaftsdienst unter der Rufnummer 116 117. Obwohl diese Nummer keine Corona-Hotline ist, rufen viele Menschen dort an, weil sie Fragen zum Virus haben. Deshalb sind die Anruferzahlen dort so rapide angestiegen, dass es immer wieder zu Engp\u00e4ssen kommt. Zur Entlastung \u00fcbernehmen deshalb die Mitarbeiterinnen und Mitarbeiter des LfP momentan einen Teil der Anrufe.<\/p>\n<p>Au\u00dferdem l\u00e4uft die Auszahlung der Krankenhaus-Liquidit\u00e4tshilfe \u00fcber das Landesamt f\u00fcr Pflege. Dr. Dr. Schick erl\u00e4uterte: &#8222;Dadurch sollen Krankenh\u00e4user und Pflege- und Rehabilitationseinrichtungen unterst\u00fctzt werden, die beispielsweise Kapazit\u00e4ten f\u00fcr Corona-Patienten freihalten. Wir bereiten die Auszahlung gerade vor, damit die Gelder schnell und unb\u00fcrokratisch ausgezahlt werden k\u00f6nnen.&#8220;<\/p>\n<p>Quelle:stmgp.bayern.de<\/p>\n","protected":false},"excerpt":{"rendered":"<p>M\u00fcnchen: Huml: Gro\u00dfes Interesse am bayerischen Corona-Bonus &#8211; Antragstellung im Internet beim Landesamt f\u00fcr Pflege Der neue Corona-Bonus im Gesundheits- und Pflegebereich st\u00f6\u00dft auf gro\u00dfes Interesse. Darauf hat Bayerns Gesundheits- und Pflegeministerin Melanie Huml am Freitag hingewiesen. Huml betonte: &#8222;Wir haben seit dem Beschluss des Kabinetts vor rund einer Woche bereits zahlreiche Anfragen zum Corona-Bonus [&hellip;]<\/p>\n","protected":false},"author":7,"featured_media":4845,"comment_status":"closed","ping_status":"open","sticky":false,"template":"","format":"standard","meta":{"footnotes":""},"categories":[78,71],"tags":[3122],"class_list":["post-13412","post","type-post","status-publish","format-standard","has-post-thumbnail","hentry","category-bayern","category-menue","tag-corona-bonus"],"_links":{"self":[{"href":"https:\/\/www.frankensicht.de\/index.php?rest_route=\/wp\/v2\/posts\/13412","targetHints":{"allow":["GET"]}}],"collection":[{"href":"https:\/\/www.frankensicht.de\/index.php?rest_route=\/wp\/v2\/posts"}],"about":[{"href":"https:\/\/www.frankensicht.de\/index.php?rest_route=\/wp\/v2\/types\/post"}],"author":[{"embeddable":true,"href":"https:\/\/www.frankensicht.de\/index.php?rest_route=\/wp\/v2\/users\/7"}],"replies":[{"embeddable":true,"href":"https:\/\/www.frankensicht.de\/index.php?rest_route=%2Fwp%2Fv2%2Fcomments&post=13412"}],"version-history":[{"count":1,"href":"https:\/\/www.frankensicht.de\/index.php?rest_route=\/wp\/v2\/posts\/13412\/revisions"}],"predecessor-version":[{"id":13413,"href":"https:\/\/www.frankensicht.de\/index.php?rest_route=\/wp\/v2\/posts\/13412\/revisions\/13413"}],"wp:featuredmedia":[{"embeddable":true,"href":"https:\/\/www.frankensicht.de\/index.php?rest_route=\/wp\/v2\/media\/4845"}],"wp:attachment":[{"href":"https:\/\/www.frankensicht.de\/index.php?rest_route=%2Fwp%2Fv2%2Fmedia&parent=13412"}],"wp:term":[{"taxonomy":"category","embeddable":true,"href":"https:\/\/www.frankensicht.de\/index.php?rest_route=%2Fwp%2Fv2%2Fcategories&post=13412"},{"taxonomy":"post_tag","embeddable":true,"href":"https:\/\/www.frankensicht.de\/index.php?rest_route=%2Fwp%2Fv2%2Ftags&post=13412"}],"curies":[{"name":"wp","href":"https:\/\/api.w.org\/{rel}","templated":true}]}}