{"id":13409,"date":"2020-04-19T05:01:23","date_gmt":"2020-04-19T03:01:23","guid":{"rendered":"http:\/\/www.frankensicht.de\/?p=13409"},"modified":"2020-04-19T05:01:23","modified_gmt":"2020-04-19T03:01:23","slug":"digitale-lehre-an-hochschulen-ueber-500-dozentinnen-und-dozenten-bilden-sich-seit-beginn-der-corona-pandemie-ueber-webinare-des-zentrums-fuer-hochschuldidaktik-weiter","status":"publish","type":"post","link":"https:\/\/www.frankensicht.de\/?p=13409","title":{"rendered":"Digitale Lehre an Hochschulen: \u00dcber 500 Dozentinnen und Dozenten bilden sich seit Beginn der Corona-Pandemie \u00fcber Webinare des Zentrums f\u00fcr Hochschuldidaktik weiter"},"content":{"rendered":"<p><span style=\"color: #ff0000;\">Ingoldstadt &#8211; M\u00fcnchen:<\/span><\/p>\n<p>Digitale Lehre an Hochschulen: \u00dcber 500 Dozentinnen und Dozenten bilden sich seit Beginn der Corona-Pandemie \u00fcber Webinare des Zentrums f\u00fcr Hochschuldidaktik weiter<\/p>\n<p>Wissenschaftsminister Bernd Sibler: \u201egro\u00dfe, positive Dynamik sp\u00fcrbar\u201c \u2013 Sommersemester im Freistaat startet am 20. April zun\u00e4chst digital<\/p>\n<p>Mehr als 500 Dozentinnen und Dozenten aus allen bayerischen Hochschulen f\u00fcr angewandte Wissenschaften (HaW) nahmen seit Beginn der Corona-Pandemie im Freistaat an den Zusatzangeboten des DiZ \u2013 Zentrums f\u00fcr Hochschuldidaktik im Bereich Digitalisierung der Lehre teil. Dar\u00fcber informierte Wissenschaftsminister Bernd Sibler heute in M\u00fcnchen. Schwerpunkt der Webinare waren insbesondere die Produktion von Lernvideos, Webinaren und Webkonferenzen.<\/p>\n<p><a href=\"https:\/\/www.frankensicht.de\/?attachment_id=9169\" rel=\"attachment wp-att-9169\"><img loading=\"lazy\" decoding=\"async\" class=\"alignnone size-medium wp-image-9169\" src=\"https:\/\/www.frankensicht.de\/wp-content\/uploads\/2016\/01\/computer1-300x225.jpeg\" alt=\"\" width=\"300\" height=\"225\" srcset=\"https:\/\/www.frankensicht.de\/wp-content\/uploads\/2016\/01\/computer1-300x225.jpeg 300w, https:\/\/www.frankensicht.de\/wp-content\/uploads\/2016\/01\/computer1.jpeg 430w\" sizes=\"auto, (max-width: 300px) 100vw, 300px\" \/><\/a><\/p>\n<p>Sibler zeigte sich begeistert vom Engagement der Hochschullehrenden: \u201eDie Corona-Pandemie stellt uns alle vor gro\u00dfe Herausforderungen, die wir gemeinsam meistern wollen. Die beeindruckende Zahl von \u00fcber 500 Teilnehmerinnen und Teilnehmern an den zus\u00e4tzlich seit 16. M\u00e4rz eingerichteten Webinaren des DiZ im Bereich Digitalisierung der Lehre verdeutlicht die gro\u00dfe Bereitschaft der Dozentinnen und Dozenten, ihre bestehenden Kenntnisse zu vertiefen und passgenaue Online-Formate zu entwickeln.\u201c Bei seinen Besuchen an den Hochschulen in Bayern sp\u00fcre er eine gro\u00dfe, positive Dynamik: \u201eDie gesamte Hochschulfamilie arbeitet entschieden und voller Elan daran, dass dieses Sommersemester trotz der herausfordernden Rahmenbedingungen ein erfolgreiches werden kann. Ich bin stolz darauf, dass dieser Kraftakt gemeinsam angegangen wird,\u201c so der Wissenschaftsminister. Er hatte sich in den vergangenen Wochen an den Universit\u00e4ten, Hochschulen f\u00fcr angewandte Wissenschaften und Kunsthochschulen \u00fcber deren Vorbereitungen auf das Sommersemester 2020 informiert, das am 20. April aufgrund der Corona-Pandemie zun\u00e4chst digital startet.<\/p>\n<p>Lehrmethoden werden wissenschaftlichen Erkenntnissen angepasst<\/p>\n<p>Seit seiner Gr\u00fcndung im Jahr 1996 unterst\u00fctzt das DiZ als gemeinsame wissenschaftliche Einrichtung aller bayerischen Hochschulen f\u00fcr angewandte Wissenschaften die Dozentinnen und Dozenten aktiv dabei, ihre Lehrmethoden entsprechend den aktuellen wissenschaftlichen Erkenntnissen zur Didaktik zu erneuern und anzupassen. Besonders positiv wirken sich derzeit die Erfahrungen aus den bew\u00e4hrten Fortbildungsangeboten und Workshops zum Thema Digitalisierung sowie der beiden Arbeitskreise am DiZ \u201eAK E-Learning\u201c und \u201eAK Digitalisierung\u201c aus, in denen Erfahrungen im Bereich von digitalen Lehrmethoden ausgetauscht und neue Konzepte vorgestellt werden. Das \u00fcber viele Semester aufgebaute Netzwerk an Expertinnen und Experten f\u00fcr E-Learning bringt den bayerischen Hochschulen und betroffenen Lehrenden sowie Mitarbeiterinnen und Mitarbeitern gerade in der aktuellen Situation einen unsch\u00e4tzbaren Mehrwert. Am DiZ bilden sich j\u00e4hrlich etwa 1.500 Lehrende der bayerischen Hochschulen wissenschaftlich fundiert f\u00fcr gute Lehre weiter. Mehr als 500 Personen haben hier inzwischen das \u201eZertifikat Hochschullehre Bayern\u201c erworben, das 120 Schulungsstunden in verschiedenen didaktischen Bereichen umfasst.<\/p>\n<p>Weitere Informationen zu den Besuchen von Wissenschaftsminister Bernd Sibler an den bayerischen Hochschulen sowie zu ihren digitalen Angeboten finden Sie unter: www.stmwk.bayern.de\/digitalelehre<\/p>\n<p>Quelle: stmwk.bayern.de<\/p>\n","protected":false},"excerpt":{"rendered":"<p>Ingoldstadt &#8211; M\u00fcnchen: Digitale Lehre an Hochschulen: \u00dcber 500 Dozentinnen und Dozenten bilden sich seit Beginn der Corona-Pandemie \u00fcber Webinare des Zentrums f\u00fcr Hochschuldidaktik weiter Wissenschaftsminister Bernd Sibler: \u201egro\u00dfe, positive Dynamik sp\u00fcrbar\u201c \u2013 Sommersemester im Freistaat startet am 20. April zun\u00e4chst digital Mehr als 500 Dozentinnen und Dozenten aus allen bayerischen Hochschulen f\u00fcr angewandte Wissenschaften [&hellip;]<\/p>\n","protected":false},"author":7,"featured_media":9169,"comment_status":"closed","ping_status":"open","sticky":false,"template":"","format":"standard","meta":{"footnotes":""},"categories":[78,71],"tags":[3121],"class_list":["post-13409","post","type-post","status-publish","format-standard","has-post-thumbnail","hentry","category-bayern","category-menue","tag-digitale-lehre"],"_links":{"self":[{"href":"https:\/\/www.frankensicht.de\/index.php?rest_route=\/wp\/v2\/posts\/13409","targetHints":{"allow":["GET"]}}],"collection":[{"href":"https:\/\/www.frankensicht.de\/index.php?rest_route=\/wp\/v2\/posts"}],"about":[{"href":"https:\/\/www.frankensicht.de\/index.php?rest_route=\/wp\/v2\/types\/post"}],"author":[{"embeddable":true,"href":"https:\/\/www.frankensicht.de\/index.php?rest_route=\/wp\/v2\/users\/7"}],"replies":[{"embeddable":true,"href":"https:\/\/www.frankensicht.de\/index.php?rest_route=%2Fwp%2Fv2%2Fcomments&post=13409"}],"version-history":[{"count":2,"href":"https:\/\/www.frankensicht.de\/index.php?rest_route=\/wp\/v2\/posts\/13409\/revisions"}],"predecessor-version":[{"id":13411,"href":"https:\/\/www.frankensicht.de\/index.php?rest_route=\/wp\/v2\/posts\/13409\/revisions\/13411"}],"wp:featuredmedia":[{"embeddable":true,"href":"https:\/\/www.frankensicht.de\/index.php?rest_route=\/wp\/v2\/media\/9169"}],"wp:attachment":[{"href":"https:\/\/www.frankensicht.de\/index.php?rest_route=%2Fwp%2Fv2%2Fmedia&parent=13409"}],"wp:term":[{"taxonomy":"category","embeddable":true,"href":"https:\/\/www.frankensicht.de\/index.php?rest_route=%2Fwp%2Fv2%2Fcategories&post=13409"},{"taxonomy":"post_tag","embeddable":true,"href":"https:\/\/www.frankensicht.de\/index.php?rest_route=%2Fwp%2Fv2%2Ftags&post=13409"}],"curies":[{"name":"wp","href":"https:\/\/api.w.org\/{rel}","templated":true}]}}