{"id":13406,"date":"2020-04-21T07:52:13","date_gmt":"2020-04-21T05:52:13","guid":{"rendered":"http:\/\/www.frankensicht.de\/?p=13406"},"modified":"2020-04-21T07:52:13","modified_gmt":"2020-04-21T05:52:13","slug":"wissenschaftsminister-bernd-sibler-engagiert-und-durchdacht-auf-rein-digitalen-vorlesungsbetrieb-eingestellt","status":"publish","type":"post","link":"https:\/\/www.frankensicht.de\/?p=13406","title":{"rendered":"Wissenschaftsminister Bernd Sibler: \u201eEngagiert und durchdacht auf rein digitalen Vorlesungsbetrieb eingestellt\u201c"},"content":{"rendered":"<p><span style=\"color: #ff0000;\">M\u00fcnchen-Regensburg:<\/span><\/p>\n<pre class=\"moz-quote-pre\">Studium in Corona-Zeiten: Universit\u00e4t Regensburg baut Online-Lehre kraftvoll aus\r\n\r\nWissenschaftsminister Bernd Sibler: \u201eEngagiert und durchdacht auf rein digitalen Vorlesungsbetrieb eingestellt\u201c\r\n\r\nDie Universit\u00e4t Regensburg bereitet sich seit mehreren Wochen intensiv auf den \r\nStart des digitalen Vorlesungsbetriebs im Sommersemester 2020 am 20. April vor: Quer durch alle \r\nFakult\u00e4ten stehen sowohl f\u00fcr Studentinnen und Studenten als auch f\u00fcr Dozentinnen und Dozenten \r\numfassende Online- und Unterst\u00fctzungsangebote zur Verf\u00fcgung. Sie erm\u00f6glichen der gesamten Hochschulfamilie \u2013 \r\nunabh\u00e4ngig von ihren bisherigen Erfahrungen \u2013 qualit\u00e4tsvolle digitale Lehre anzubieten und effektiv zu nutzen. \r\nWelche konkreten Ma\u00dfnahmen die Universit\u00e4t Regensburg in Zeiten der Corona-Pandemie ergreift, damit der \r\nLehrbetrieb digital gesichert ist und Studentinnen und Studenten weiterhin erfolgreich an ihrem \r\nLernfortschritt arbeiten k\u00f6nnen, lie\u00df sich Wissenschaftsminister Bernd Sibler heute vom Pr\u00e4sidenten der \r\nUniversit\u00e4t Regensburg Prof. Dr. Udo Hebel zeigen. \u201eEngagiert und durchdacht hat sich die Hochschulfamilie \r\nan der Universit\u00e4t Regensburg auf die au\u00dfergew\u00f6hnliche Situation, den Vorlesungsbetrieb rein digital \r\nabhalten zu m\u00fcssen, eingestellt. Unbestritten ist das eine gro\u00dfe Herausforderung, doch alle Beteiligten \r\nin Regensburg stellen sich dieser mit enormer Einsatzbereitschaft. Auch dieses Semester wird dank dieser \r\nGemeinschaftsleistung ein gutes werden! Herzlichen Dank allen Beteiligten f\u00fcr Ihre Tatkraft!\u201c, so der \r\nMinister. Prof. Dr. Udo Hebel, Pr\u00e4sident der Universit\u00e4t Regensburg, erl\u00e4uterte: \u201eAlle unsere Fakult\u00e4ten \r\nhaben sich mit sehr viel Innovationskraft und gro\u00dfer Kreativit\u00e4t den au\u00dfergew\u00f6hnlichen Herausforderungen \r\nder Corona-Situation gestellt und f\u00fcr unsere Studierenden in k\u00fcrzester Zeit das bestm\u00f6gliche digitale \r\nLehrprogramm erarbeitet. Ich danke den Lehrenden der Universit\u00e4t Regensburg f\u00fcr ihr enormes Engagement \r\nund f\u00fcr ihre hohe Einsatzbereitschaft in dieser f\u00fcr uns alle schwierigen und belastenden Zeit.\u201c\r\n<a href=\"https:\/\/www.frankensicht.de\/?attachment_id=13195\" rel=\"attachment wp-att-13195\"><img loading=\"lazy\" decoding=\"async\" class=\"alignnone size-medium wp-image-13195\" src=\"https:\/\/www.frankensicht.de\/wp-content\/uploads\/2020\/01\/P1000484-300x225.jpg\" alt=\"\" width=\"300\" height=\"225\" srcset=\"https:\/\/www.frankensicht.de\/wp-content\/uploads\/2020\/01\/P1000484-300x225.jpg 300w, https:\/\/www.frankensicht.de\/wp-content\/uploads\/2020\/01\/P1000484.jpg 640w\" sizes=\"auto, (max-width: 300px) 100vw, 300px\" \/><\/a>\r\nMit einem Unterst\u00fctzungsfonds in H\u00f6he von 200.000 Euro stellt die Hochschulleitung Mittel bereit, um \r\netwa in Personal und technische Ausstattung kurzfristig investieren und so die digitale Lehre in allen \r\nStudieng\u00e4ngen weiter ausbauen zu k\u00f6nnen. Zudem gibt es an der Hochschule umfassende Beratungs- und \r\nUnterst\u00fctzungsangebote: Ein eigens aufgestelltes Support-Team, bestehend aus Expertinnen und Experten \r\nf\u00fcr digitale Lehre aus dem Zentrum f\u00fcr Hochschul- und Wissenschaftsdidaktik (ZHW) und dem Rechenzentrum (RZ) \r\nist f\u00fcr alle Lehrenden kompetenter Ansprechpartner bei s\u00e4mtlichen Fragen rund um die Umsetzung digitaler Lehrformate.\r\n\r\nQuelle:stmwk.bayern.de<\/pre>\n","protected":false},"excerpt":{"rendered":"<p>M\u00fcnchen-Regensburg: Studium in Corona-Zeiten: Universit\u00e4t Regensburg baut Online-Lehre kraftvoll aus Wissenschaftsminister Bernd Sibler: \u201eEngagiert und durchdacht auf rein digitalen Vorlesungsbetrieb eingestellt\u201c Die Universit\u00e4t Regensburg bereitet sich seit mehreren Wochen intensiv auf den Start des digitalen Vorlesungsbetriebs im Sommersemester 2020 am 20. April vor: Quer durch alle Fakult\u00e4ten stehen sowohl f\u00fcr Studentinnen und Studenten als auch [&hellip;]<\/p>\n","protected":false},"author":7,"featured_media":13195,"comment_status":"closed","ping_status":"open","sticky":false,"template":"","format":"standard","meta":{"footnotes":""},"categories":[78,71],"tags":[3120],"class_list":["post-13406","post","type-post","status-publish","format-standard","has-post-thumbnail","hentry","category-bayern","category-menue","tag-hochschule-regensburg"],"_links":{"self":[{"href":"https:\/\/www.frankensicht.de\/index.php?rest_route=\/wp\/v2\/posts\/13406","targetHints":{"allow":["GET"]}}],"collection":[{"href":"https:\/\/www.frankensicht.de\/index.php?rest_route=\/wp\/v2\/posts"}],"about":[{"href":"https:\/\/www.frankensicht.de\/index.php?rest_route=\/wp\/v2\/types\/post"}],"author":[{"embeddable":true,"href":"https:\/\/www.frankensicht.de\/index.php?rest_route=\/wp\/v2\/users\/7"}],"replies":[{"embeddable":true,"href":"https:\/\/www.frankensicht.de\/index.php?rest_route=%2Fwp%2Fv2%2Fcomments&post=13406"}],"version-history":[{"count":2,"href":"https:\/\/www.frankensicht.de\/index.php?rest_route=\/wp\/v2\/posts\/13406\/revisions"}],"predecessor-version":[{"id":13408,"href":"https:\/\/www.frankensicht.de\/index.php?rest_route=\/wp\/v2\/posts\/13406\/revisions\/13408"}],"wp:featuredmedia":[{"embeddable":true,"href":"https:\/\/www.frankensicht.de\/index.php?rest_route=\/wp\/v2\/media\/13195"}],"wp:attachment":[{"href":"https:\/\/www.frankensicht.de\/index.php?rest_route=%2Fwp%2Fv2%2Fmedia&parent=13406"}],"wp:term":[{"taxonomy":"category","embeddable":true,"href":"https:\/\/www.frankensicht.de\/index.php?rest_route=%2Fwp%2Fv2%2Fcategories&post=13406"},{"taxonomy":"post_tag","embeddable":true,"href":"https:\/\/www.frankensicht.de\/index.php?rest_route=%2Fwp%2Fv2%2Ftags&post=13406"}],"curies":[{"name":"wp","href":"https:\/\/api.w.org\/{rel}","templated":true}]}}