{"id":13403,"date":"2020-04-16T05:20:45","date_gmt":"2020-04-16T03:20:45","guid":{"rendered":"http:\/\/www.frankensicht.de\/?p=13403"},"modified":"2020-04-16T05:20:45","modified_gmt":"2020-04-16T03:20:45","slug":"das-neue-museum-hat-sich-weit-ueber-die-grenzen-des-freistaats-hinaus-einen-namen-gemacht","status":"publish","type":"post","link":"https:\/\/www.frankensicht.de\/?p=13403","title":{"rendered":"\u201eDas Neue Museum hat sich weit \u00fcber die Grenzen des Freistaats hinaus einen Namen gemacht\u201c"},"content":{"rendered":"<p><span style=\"color: #ff0000;\">M\u00fcnchen:<\/span><\/p>\n<p>Neues Museum N\u00fcrnberg: eine zwanzigj\u00e4hrige Erfolgsgeschichte f\u00fcr Kunst und Design<\/p>\n<p>Kunstminister Bernd Sibler gratuliert: \u201eDas Neue Museum hat sich weit \u00fcber die Grenzen des Freistaats hinaus einen Namen gemacht\u201c<\/p>\n<p>Das Neue Museum \u2013 Staatliches Museum f\u00fcr Kunst und Design N\u00fcrnberg feiert heute sein zwanzigj\u00e4hriges Jubil\u00e4um. Kunstminister Bernd Sibler betont anl\u00e4sslich des runden Geburtstags: \u201eIch gratuliere dem Neuen Museum herzlich zu seiner zwanzigj\u00e4hrigen Erfolgsgeschichte! Innerhalb kurzer Zeit hat es sich weit \u00fcber die Grenzen des Freistaats hinaus einen Namen gemacht. Mit seiner faszinierenden Mischung aus zeitgen\u00f6ssischer Kunst und aktuellem Design lockt es zahlreiche Kunst- und Kulturbegeisterte Jahr f\u00fcr Jahr nach Bayern.\u201c Als \u201eOrt der Begegnung und des kulturellen Treffpunkts\u201c biete es seinen Besucherinnen und Besuchern die Gelegenheit zu einem \u201elebendigen, demokratischen Dialog\u201c. \u201eDas neue Museum N\u00fcrnberg lebt die Kunst und ihren gesellschaftlichen Auftrag. Das freut mich gerade in diesen herausfordernden Zeiten besonders\u201c, so der Minister.<\/p>\n<p><a href=\"https:\/\/www.frankensicht.de\/?attachment_id=10701\" rel=\"attachment wp-att-10701\"><img loading=\"lazy\" decoding=\"async\" class=\"alignnone size-medium wp-image-10701\" src=\"https:\/\/www.frankensicht.de\/wp-content\/uploads\/2017\/05\/kaesekuchen1-225x300.jpg\" alt=\"\" width=\"225\" height=\"300\" srcset=\"https:\/\/www.frankensicht.de\/wp-content\/uploads\/2017\/05\/kaesekuchen1-225x300.jpg 225w, https:\/\/www.frankensicht.de\/wp-content\/uploads\/2017\/05\/kaesekuchen1.jpg 480w\" sizes=\"auto, (max-width: 225px) 100vw, 225px\" \/><\/a><\/p>\n<p>Das Neue Museum \u2013 Staatliches Museum f\u00fcr Kunst und Design N\u00fcrnberg wurde am 15. April 2000 er\u00f6ffnet. In dem preisgekr\u00f6nten Geb\u00e4ude des Architekten Volker Staab zeigt das Museum Kunst und Design ab den 1950er Jahren. Anl\u00e4sslich des runden Geburtstags hat das Museum ein abwechslungsreiches Jubil\u00e4umsprogramm zusammengestellt. Dieses wird zu sehen sein, sobald die coronabedingten Schlie\u00dfungen aufgehoben sind. Ein Blick auf das Instagram- und Facebook-Profil des Neuen Museums mit seinen Posts zu k\u00fcnftigen Pr\u00e4sentationen und Ausstellungen kann die Wartezeit jedoch verk\u00fcrzen.<\/p>\n<p>N\u00e4here Informationen zum Neuen Museum \u2013 Staatliches Museum f\u00fcr Kunst und Design N\u00fcrnberg finden Sie unter: https:\/\/www.nmn.de\/de\/museum\/presse\/202020.htm<\/p>\n<p>Quelle:stmwk.bayern.de<\/p>\n","protected":false},"excerpt":{"rendered":"<p>M\u00fcnchen: Neues Museum N\u00fcrnberg: eine zwanzigj\u00e4hrige Erfolgsgeschichte f\u00fcr Kunst und Design Kunstminister Bernd Sibler gratuliert: \u201eDas Neue Museum hat sich weit \u00fcber die Grenzen des Freistaats hinaus einen Namen gemacht\u201c Das Neue Museum \u2013 Staatliches Museum f\u00fcr Kunst und Design N\u00fcrnberg feiert heute sein zwanzigj\u00e4hriges Jubil\u00e4um. Kunstminister Bernd Sibler betont anl\u00e4sslich des runden Geburtstags: \u201eIch [&hellip;]<\/p>\n","protected":false},"author":7,"featured_media":10701,"comment_status":"closed","ping_status":"open","sticky":false,"template":"","format":"standard","meta":{"footnotes":""},"categories":[78,71],"tags":[1564],"class_list":["post-13403","post","type-post","status-publish","format-standard","has-post-thumbnail","hentry","category-bayern","category-menue","tag-museum"],"_links":{"self":[{"href":"https:\/\/www.frankensicht.de\/index.php?rest_route=\/wp\/v2\/posts\/13403","targetHints":{"allow":["GET"]}}],"collection":[{"href":"https:\/\/www.frankensicht.de\/index.php?rest_route=\/wp\/v2\/posts"}],"about":[{"href":"https:\/\/www.frankensicht.de\/index.php?rest_route=\/wp\/v2\/types\/post"}],"author":[{"embeddable":true,"href":"https:\/\/www.frankensicht.de\/index.php?rest_route=\/wp\/v2\/users\/7"}],"replies":[{"embeddable":true,"href":"https:\/\/www.frankensicht.de\/index.php?rest_route=%2Fwp%2Fv2%2Fcomments&post=13403"}],"version-history":[{"count":1,"href":"https:\/\/www.frankensicht.de\/index.php?rest_route=\/wp\/v2\/posts\/13403\/revisions"}],"predecessor-version":[{"id":13404,"href":"https:\/\/www.frankensicht.de\/index.php?rest_route=\/wp\/v2\/posts\/13403\/revisions\/13404"}],"wp:featuredmedia":[{"embeddable":true,"href":"https:\/\/www.frankensicht.de\/index.php?rest_route=\/wp\/v2\/media\/10701"}],"wp:attachment":[{"href":"https:\/\/www.frankensicht.de\/index.php?rest_route=%2Fwp%2Fv2%2Fmedia&parent=13403"}],"wp:term":[{"taxonomy":"category","embeddable":true,"href":"https:\/\/www.frankensicht.de\/index.php?rest_route=%2Fwp%2Fv2%2Fcategories&post=13403"},{"taxonomy":"post_tag","embeddable":true,"href":"https:\/\/www.frankensicht.de\/index.php?rest_route=%2Fwp%2Fv2%2Ftags&post=13403"}],"curies":[{"name":"wp","href":"https:\/\/api.w.org\/{rel}","templated":true}]}}