{"id":13396,"date":"2020-04-13T05:05:53","date_gmt":"2020-04-13T03:05:53","guid":{"rendered":"http:\/\/www.frankensicht.de\/?p=13396"},"modified":"2020-04-13T05:05:53","modified_gmt":"2020-04-13T03:05:53","slug":"huml-dankt-fuer-welle-der-solidaritaet","status":"publish","type":"post","link":"https:\/\/www.frankensicht.de\/?p=13396","title":{"rendered":"Huml dankt f\u00fcr Welle der Solidarit\u00e4t"},"content":{"rendered":"<p><span style=\"color: #ff0000;\">M\u00fcnchen:<\/span><\/p>\n<p>Huml dankt f\u00fcr Welle der Solidarit\u00e4t &#8211; Bayerns Gesundheits- und Pflegeministerin: Die Menschen in Bayern halten im Kampf gegen die Corona-Pandemie zusammen &#8211; Kampagne #bayerngemeinsam l\u00e4uft erfolgreich<\/p>\n<p><a href=\"https:\/\/www.frankensicht.de\/?attachment_id=12574\" rel=\"attachment wp-att-12574\"><img loading=\"lazy\" decoding=\"async\" class=\"alignnone size-medium wp-image-12574\" src=\"https:\/\/www.frankensicht.de\/wp-content\/uploads\/2019\/05\/fisch-300x225.jpg\" alt=\"\" width=\"300\" height=\"225\" srcset=\"https:\/\/www.frankensicht.de\/wp-content\/uploads\/2019\/05\/fisch-300x225.jpg 300w, https:\/\/www.frankensicht.de\/wp-content\/uploads\/2019\/05\/fisch.jpg 640w\" sizes=\"auto, (max-width: 300px) 100vw, 300px\" \/><\/a><\/p>\n<p>Bayerns Gesundheits- und Pflegeministerin Melanie Huml hat auf die zahlreichen Hilfsangebote aus der bayerischen Bev\u00f6lkerung im Kampf gegen die Corona-Pandemie hingewiesen. Huml betonte am Samstag: &#8222;Wir bekommen von \u00fcberall her Unterst\u00fctzung: So spenden Unternehmen Masken aus ihren Betriebsbest\u00e4nden und Hallenbetreiber stellen Fl\u00e4chen f\u00fcr Teststationen zur Verf\u00fcgung. Au\u00dferdem stellen Brennereien ihren Betrieb f\u00fcr die Herstellung von Desinfektionsmitteln um. Das sind nur einige Beispiele einer Welle der Solidarit\u00e4t in Bayern. Daf\u00fcr danke ich sehr herzlich!&#8220;<\/p>\n<p>Die Ministerin zeigte sich auch erfreut \u00fcber die weitgehende Einhaltung der Ausgangsbeschr\u00e4nkungen in Bayern. Huml unterstrich: &#8222;Die Ausgangsbeschr\u00e4nkungen bedeuten gro\u00dfe Herausforderungen. Mein Eindruck ist jedoch, dass die bayerische Bev\u00f6lkerung diesen Test gut besteht. Mit unserer Kampagne #bayerngemeinsam laden wir die Menschen in Bayern in verschiedenen Formaten ein, Gemeinsamkeiten in Zeiten der Ausgangsbeschr\u00e4nkung zu teilen. Dazu nutzen wir diverse Kommunikationsmittel, unsere Seite www.coronavirus.bayern.de und nat\u00fcrlich die sozialen Medien.&#8220;<\/p>\n<p>Die Ministerin verwies darauf, dass die Social-Media-Kampagne schon viele Menschen erreicht hat. Sie betonte: &#8222;Seit Ende M\u00e4rz haben rund 2,6 Millionen Menschen in Social Media die Videos angesehen. Allein bei Instagram wurden unsere Beitr\u00e4ge \u00fcber 3.700 mal geteilt. Unser Instagram-Account wurden \u00fcber 1,1 Millionen Mal aufgerufen. Das ist ein gro\u00dfer Erfolg.&#8220;<\/p>\n<p>Huml f\u00fcgte hinzu: &#8222;In Bayern meistern wir Krisen gemeinsam. Auch dieses Mal wollen wir es gemeinsam und solidarisch schaffen.&#8220;<\/p>\n<p>Quelle:stmgp.bayern.de<\/p>\n","protected":false},"excerpt":{"rendered":"<p>M\u00fcnchen: Huml dankt f\u00fcr Welle der Solidarit\u00e4t &#8211; Bayerns Gesundheits- und Pflegeministerin: Die Menschen in Bayern halten im Kampf gegen die Corona-Pandemie zusammen &#8211; Kampagne #bayerngemeinsam l\u00e4uft erfolgreich Bayerns Gesundheits- und Pflegeministerin Melanie Huml hat auf die zahlreichen Hilfsangebote aus der bayerischen Bev\u00f6lkerung im Kampf gegen die Corona-Pandemie hingewiesen. Huml betonte am Samstag: &#8222;Wir bekommen [&hellip;]<\/p>\n","protected":false},"author":7,"featured_media":12574,"comment_status":"closed","ping_status":"open","sticky":false,"template":"","format":"standard","meta":{"footnotes":""},"categories":[78],"tags":[3118],"class_list":["post-13396","post","type-post","status-publish","format-standard","has-post-thumbnail","hentry","category-bayern","tag-solidaritaet-in-bayern"],"_links":{"self":[{"href":"https:\/\/www.frankensicht.de\/index.php?rest_route=\/wp\/v2\/posts\/13396","targetHints":{"allow":["GET"]}}],"collection":[{"href":"https:\/\/www.frankensicht.de\/index.php?rest_route=\/wp\/v2\/posts"}],"about":[{"href":"https:\/\/www.frankensicht.de\/index.php?rest_route=\/wp\/v2\/types\/post"}],"author":[{"embeddable":true,"href":"https:\/\/www.frankensicht.de\/index.php?rest_route=\/wp\/v2\/users\/7"}],"replies":[{"embeddable":true,"href":"https:\/\/www.frankensicht.de\/index.php?rest_route=%2Fwp%2Fv2%2Fcomments&post=13396"}],"version-history":[{"count":1,"href":"https:\/\/www.frankensicht.de\/index.php?rest_route=\/wp\/v2\/posts\/13396\/revisions"}],"predecessor-version":[{"id":13397,"href":"https:\/\/www.frankensicht.de\/index.php?rest_route=\/wp\/v2\/posts\/13396\/revisions\/13397"}],"wp:featuredmedia":[{"embeddable":true,"href":"https:\/\/www.frankensicht.de\/index.php?rest_route=\/wp\/v2\/media\/12574"}],"wp:attachment":[{"href":"https:\/\/www.frankensicht.de\/index.php?rest_route=%2Fwp%2Fv2%2Fmedia&parent=13396"}],"wp:term":[{"taxonomy":"category","embeddable":true,"href":"https:\/\/www.frankensicht.de\/index.php?rest_route=%2Fwp%2Fv2%2Fcategories&post=13396"},{"taxonomy":"post_tag","embeddable":true,"href":"https:\/\/www.frankensicht.de\/index.php?rest_route=%2Fwp%2Fv2%2Ftags&post=13396"}],"curies":[{"name":"wp","href":"https:\/\/api.w.org\/{rel}","templated":true}]}}