{"id":13393,"date":"2020-04-10T08:44:14","date_gmt":"2020-04-10T06:44:14","guid":{"rendered":"http:\/\/www.frankensicht.de\/?p=13393"},"modified":"2020-04-10T08:44:14","modified_gmt":"2020-04-10T06:44:14","slug":"universitaet-wuerzburg-erhaelt-rund-2-millionen-euro-fuer-weiterbildung-von-mitarbeiterinnen-und-mitarbeitern-kleiner-und-mittlerer-betriebe-in-der-region","status":"publish","type":"post","link":"https:\/\/www.frankensicht.de\/?p=13393","title":{"rendered":"Universit\u00e4t W\u00fcrzburg erh\u00e4lt rund 2 Millionen Euro f\u00fcr Weiterbildung von Mitarbeiterinnen und Mitarbeitern kleiner und mittlerer Betriebe in der Region"},"content":{"rendered":"<p><span style=\"color: #ff0000;\">W\u00fcrzburg:<\/span><\/p>\n<p>Universit\u00e4t W\u00fcrzburg erh\u00e4lt rund 2 Millionen Euro f\u00fcr Weiterbildung von Mitarbeiterinnen und Mitarbeitern kleiner und mittlerer Betriebe in der Region<\/p>\n<p>Wissenschaftsminister Bernd Sibler: erfolgreicher Start des ESF-Projekts ZDEX \u2013 Zentrum f\u00fcr digitales Experimentieren 4.0 \u2013 \u201ewichtiger Schritt zur Qualifizierung f\u00fcr die Arbeitswelt 4.0\u201c<\/p>\n<p>Die Julius-Maximilians-Universit\u00e4t W\u00fcrzburg (JMU) hat f\u00fcr die Weiterbildung von Mitarbeiterinnen und Mitarbeitern kleiner und mittlerer Unternehmen (KMU) rund 2 Millionen Euro an F\u00f6rdermitteln aus dem Europ\u00e4ischen Sozialfonds (ESF) erhalten. Das gab Wissenschaftsminister Bernd Sibler heute in M\u00fcnchen bekannt. Ziel des Projektes ZDEX &#8211; Zentrum f\u00fcr digitales Experimentieren 4.0 ist es, dass Mitarbeiterinnen und Mitarbeiter von KMU in der Region ihre Kompetenzen in der Arbeitswelt 4.0 durch gemeinsames Lernen und Experimentieren selbstkritisch erproben und erweitern k\u00f6nnen. Fachlich stehen die Bereiche Bioinformatik und Bildanalyse, digitale Transformation, Data Mining und K\u00fcnstliche Intelligenz (KI), Datenanalyse und nat\u00fcrliche Sprache sowie Digitale Medien und Roboter im Vordergrund.<\/p>\n<p><a href=\"https:\/\/www.frankensicht.de\/?attachment_id=4845\" rel=\"attachment wp-att-4845\"><img loading=\"lazy\" decoding=\"async\" class=\"alignnone size-medium wp-image-4845\" src=\"https:\/\/www.frankensicht.de\/wp-content\/uploads\/2012\/12\/1euro-300x225.jpg\" alt=\"\" width=\"300\" height=\"225\" srcset=\"https:\/\/www.frankensicht.de\/wp-content\/uploads\/2012\/12\/1euro-300x225.jpg 300w, https:\/\/www.frankensicht.de\/wp-content\/uploads\/2012\/12\/1euro.jpg 640w\" sizes=\"auto, (max-width: 300px) 100vw, 300px\" \/><\/a>Wissenschaftsminister Sibler betonte: \u201eEs ist gro\u00dfartig, wie unsere bayerischen Hochschulen die ESF-F\u00f6rdermittel dazu nutzen, um hochaktuelles wissenschaftliches Know-how an kleine und mittlere Unternehmen in ihrer Region weiterzugeben. Wissenschaft und regionale Wirtschaft ziehen hier gemeinsam an einem Strang.\u201c Die Arbeitswelt 4.0 sei insbesondere f\u00fcr kleine und mittlere Unternehmen Chance und Herausforderung zu gleich. Das Vorhaben ZDEX leiste einen wichtigen Beitrag zur Qualifizierung ihrer Mitarbeiterinnen und Mitarbeiter in zukunftsrelevanten Fragestellungen und beruflichen Kompetenzen, so Sibler.<\/p>\n<p>Der Europ\u00e4ische Sozialfonds (ESF) z\u00e4hlt zu den Strukturfonds der Europ\u00e4ischen Union. Im F\u00f6rderzeitraum 2014 bis 2020 stehen dem Bayerischen Wissenschaftsministerium insgesamt rund 17 Millionen Euro an F\u00f6rdermitteln f\u00fcr Netzwerkt\u00e4tigkeiten und den Wissenstransfer von Hochschulen an Unternehmen zur Verf\u00fcgung. \u00dcber den Europ\u00e4ischen Sozialfonds (ESF) werden F\u00f6rdermittel f\u00fcr Bildungs-, Ausbildungs- und Qualifizierungsma\u00dfnahmen vergeben, um die Besch\u00e4ftigungschancen der Menschen in Europa zu verbessern. Im Mittelpunkt der Initiative im Hochschulbereich steht die st\u00e4rkere Vernetzung von Wirtschaft und Wissenschaft.<\/p>\n<p>Weitere Informationen zum Europ\u00e4ischen Sozialfonds finden Sie hier:<\/p>\n<p>https:\/\/www.stmwk.bayern.de\/ministerium\/bund-und-europa\/esf-programm.html<\/p>\n<p>Ralf Huber, Externe Kommunikation, 089 2186 2654<\/p>\n<p>Quelle:stmwk.bayern.de<\/p>\n","protected":false},"excerpt":{"rendered":"<p>W\u00fcrzburg: Universit\u00e4t W\u00fcrzburg erh\u00e4lt rund 2 Millionen Euro f\u00fcr Weiterbildung von Mitarbeiterinnen und Mitarbeitern kleiner und mittlerer Betriebe in der Region Wissenschaftsminister Bernd Sibler: erfolgreicher Start des ESF-Projekts ZDEX \u2013 Zentrum f\u00fcr digitales Experimentieren 4.0 \u2013 \u201ewichtiger Schritt zur Qualifizierung f\u00fcr die Arbeitswelt 4.0\u201c Die Julius-Maximilians-Universit\u00e4t W\u00fcrzburg (JMU) hat f\u00fcr die Weiterbildung von Mitarbeiterinnen und [&hellip;]<\/p>\n","protected":false},"author":7,"featured_media":4845,"comment_status":"closed","ping_status":"open","sticky":false,"template":"","format":"standard","meta":{"footnotes":""},"categories":[78,71,84,87],"tags":[3117],"class_list":["post-13393","post","type-post","status-publish","format-standard","has-post-thumbnail","hentry","category-bayern","category-menue","category-unterfranken","category-wurzburg-unterfranken","tag-universitaet-wuerzbung"],"_links":{"self":[{"href":"https:\/\/www.frankensicht.de\/index.php?rest_route=\/wp\/v2\/posts\/13393","targetHints":{"allow":["GET"]}}],"collection":[{"href":"https:\/\/www.frankensicht.de\/index.php?rest_route=\/wp\/v2\/posts"}],"about":[{"href":"https:\/\/www.frankensicht.de\/index.php?rest_route=\/wp\/v2\/types\/post"}],"author":[{"embeddable":true,"href":"https:\/\/www.frankensicht.de\/index.php?rest_route=\/wp\/v2\/users\/7"}],"replies":[{"embeddable":true,"href":"https:\/\/www.frankensicht.de\/index.php?rest_route=%2Fwp%2Fv2%2Fcomments&post=13393"}],"version-history":[{"count":1,"href":"https:\/\/www.frankensicht.de\/index.php?rest_route=\/wp\/v2\/posts\/13393\/revisions"}],"predecessor-version":[{"id":13394,"href":"https:\/\/www.frankensicht.de\/index.php?rest_route=\/wp\/v2\/posts\/13393\/revisions\/13394"}],"wp:featuredmedia":[{"embeddable":true,"href":"https:\/\/www.frankensicht.de\/index.php?rest_route=\/wp\/v2\/media\/4845"}],"wp:attachment":[{"href":"https:\/\/www.frankensicht.de\/index.php?rest_route=%2Fwp%2Fv2%2Fmedia&parent=13393"}],"wp:term":[{"taxonomy":"category","embeddable":true,"href":"https:\/\/www.frankensicht.de\/index.php?rest_route=%2Fwp%2Fv2%2Fcategories&post=13393"},{"taxonomy":"post_tag","embeddable":true,"href":"https:\/\/www.frankensicht.de\/index.php?rest_route=%2Fwp%2Fv2%2Ftags&post=13393"}],"curies":[{"name":"wp","href":"https:\/\/api.w.org\/{rel}","templated":true}]}}