{"id":13388,"date":"2020-04-11T08:25:18","date_gmt":"2020-04-11T06:25:18","guid":{"rendered":"http:\/\/www.frankensicht.de\/?p=13388"},"modified":"2020-04-11T08:25:18","modified_gmt":"2020-04-11T06:25:18","slug":"gemeinsam-gegen-corona-an-bayerischen-universitaetsklinika","status":"publish","type":"post","link":"https:\/\/www.frankensicht.de\/?p=13388","title":{"rendered":"Gemeinsam gegen Corona an bayerischen Universit\u00e4tsklinika:"},"content":{"rendered":"<p><span style=\"color: #ff0000;\">M\u00fcnchen-W\u00fcrzburg:<\/span><\/p>\n<p>Gemeinsam gegen Corona an bayerischen Universit\u00e4tsklinika: \u00dcber 7.000 Mitarbeiterinnen und Mitarbeiter am Universit\u00e4tsklinikum W\u00fcrzburg sichern tagt\u00e4glich umfassende Patientenversorgung<\/p>\n<p>Wissenschaftsminister Bernd Sibler dankt Reinigungskr\u00e4ften: \u201eOhne Sie alle w\u00fcrde das Universit\u00e4tsklinikum W\u00fcrzburg nicht laufen\u201c<\/p>\n<p><a href=\"https:\/\/www.frankensicht.de\/?attachment_id=4951\" rel=\"attachment wp-att-4951\"><img loading=\"lazy\" decoding=\"async\" class=\"alignnone size-medium wp-image-4951\" src=\"https:\/\/www.frankensicht.de\/wp-content\/uploads\/2013\/01\/krankenhaus-300x187.jpg\" alt=\"\" width=\"300\" height=\"187\" srcset=\"https:\/\/www.frankensicht.de\/wp-content\/uploads\/2013\/01\/krankenhaus-300x187.jpg 300w, https:\/\/www.frankensicht.de\/wp-content\/uploads\/2013\/01\/krankenhaus.jpg 640w\" sizes=\"auto, (max-width: 300px) 100vw, 300px\" \/><\/a><\/p>\n<p>Am Universit\u00e4tsklinikum W\u00fcrzburg (UKW) leisten t\u00e4glich \u00fcber 7.000 Mitarbeiterinnen und Mitarbeiter einen unverzichtbaren Beitrag im Kampf gegen das Corona-Virus. Neben dem medizinischen Personal ist der gro\u00dfe Einsatz von vielen Kr\u00e4ften in verschiedensten Bereichen gefragt. Eine entscheidende Rolle kommt dabei den Reinigungskr\u00e4ften zu. Bei diesen bedankte sich Wissenschaftsminister Bernd Sibler Anfang der Woche in W\u00fcrzburg besonders: \u201eJeder von uns bekommt die Auswirkungen der Corona-Pandemie zu sp\u00fcren. Die Mitarbeiterinnen und Mitarbeiter eines Klinikums stehen jedoch in vorderster Reihe. Ohne Sie alle w\u00fcrde das Universit\u00e4tsklinikum W\u00fcrzburg nicht laufen.\u201c Sibler besuchte in den vergangenen Tagen bayerische Universit\u00e4tsklinika, um sich bei verschiedenen Berufsgruppen besonders zu bedanken. In W\u00fcrzburg standen die Reinigungskr\u00e4fte im Fokus.<\/p>\n<p>Der strikten Einhaltung der ohnehin durchweg h\u00f6chsten Hygiene- und Sauberkeitsstandards, die in den Universit\u00e4tsklinika gelten, komme angesichts der Corona-Pandemie eine absolut essentielle Bedeutung zu, so der Minister. \u201eDaf\u00fcr sorgen Sie, die Reinigungskr\u00e4fte, jeden Tag. Sie helfen entscheidend mit, damit die Grundvoraussetzungen f\u00fcr die Arbeit in einem Klinikum gegeben sind.\u201c<\/p>\n<p>Enge Abstimmung und st\u00e4ndiger Austausch notwendig<\/p>\n<p>Die Reinigungskr\u00e4fte m\u00fcssen aufgrund des st\u00e4ndigen Bestrebens, den Schutz der Patientinnen und Patienten im Klinikum in h\u00f6chstm\u00f6glichem Ma\u00df sicherzustellen, immer wieder weitere und auch neue Ma\u00dfnahmen ergreifen. Die hygienischen Vorgaben sind entsprechend den unterschiedlichen Bereichen des Klinikums streng zu beachten, gerade auch in den Schleusenbereichen zwischen OP-Bereich und den Stationen. Eine enge Abstimmung und ein st\u00e4ndiger Austausch mit dem Pflegepersonal ist wichtiger denn je f\u00fcr die Sicherung der Keimfreiheit. Dar\u00fcber hinaus m\u00fcssen die Reinigungskr\u00e4fte \u2013 auch zu ihrem eigenen Schutz \u2013 entsprechende Schutzkleidung tragen, was die k\u00f6rperlich ohnehin anstrengende Arbeit erschwert.<\/p>\n<p>Spezielle Arbeitsgruppe eingerichtet<\/p>\n<p>Das Universit\u00e4tsklinikum W\u00fcrzburg hat bereits im Januar eine AG SARS eingerichtet, die sich speziell mit Ma\u00dfnahmen in Zusammenhang mit dem Corona-Virus besch\u00e4ftigt. Eine fach\u00fcbergreifende Task Force \u201eSARS unter katastrophenmedizinischen Aspekten\u201c hat dar\u00fcber hinaus einen Katastrophenplan f\u00fcr einen stark erh\u00f6hten Bedarf an Beatmungspl\u00e4tzen ausgearbeitet, sodass die Kapazit\u00e4ten schrittweise von rund 80 auf \u00fcber 140 Pl\u00e4tze erh\u00f6ht werden k\u00f6nnen. Die Task Force tauscht sich t\u00e4glich aus, erhebt den jeweils aktuellen Status in von der Corona-Pandemie betroffenen Bereichen und setzt entsprechende Ma\u00dfnahmen, insbesondere auch den von der Bayerischen Staatsregierung erlassenen Notfallplan Corona-Pandemie, um. Mit den umliegenden Krankenh\u00e4usern und der Kassen\u00e4rztlichen Vereinigung Bayern\/ W\u00fcrzburg organisiert das UKW die station\u00e4re wie ambulante Versorgung von Corona-Patientinnen und -Patienten und arbeitet insbesondere auch mit den Altenheimen eng zusammen. \u201eDie Region ist uns immer wichtig, aber in einer solchen Krisensituation ist der \u00fcber Jahrzehnte gewachsene Zusammenhalt von gr\u00f6\u00dfter Bedeutung\u201c, meinte Prof. Dr. Georg Ertl, der \u00c4rztliche Direktor des Universit\u00e4tsklinikums W\u00fcrzburg. Einen hohen Stellenwert haben am UKW zudem die interne und externe Kommunikation, sowohl im Sinne einer umfassenden Aufkl\u00e4rung als auch Beruhigung.<\/p>\n<p>Ebenso wie das Universit\u00e4tsklinikum W\u00fcrzburg setzen auch die weiteren f\u00fcnf Universit\u00e4tsklinika im Freistaat und das Deutsche Herzzentrum alles daran, um der Corona-Pandemie zu begegnen: Staatsregierung und Universit\u00e4tsklinika stehen in t\u00e4glichem Austausch, etwa zur Zahl der verf\u00fcgbaren Betten \u2013 aktuell halten die Universit\u00e4tsklinika und das Deutsche Herzzentrum insgesamt rund 3.000 insbesondere f\u00fcr Corona-Patientinnen und -Patienten frei. \u201eIn dieser Ausnahmesituation brauchen wir jede helfende Hand!\u201c, so der Minister.<br \/>\nQuelle:stmwk.bayern.de<\/p>\n","protected":false},"excerpt":{"rendered":"<p>M\u00fcnchen-W\u00fcrzburg: Gemeinsam gegen Corona an bayerischen Universit\u00e4tsklinika: \u00dcber 7.000 Mitarbeiterinnen und Mitarbeiter am Universit\u00e4tsklinikum W\u00fcrzburg sichern tagt\u00e4glich umfassende Patientenversorgung Wissenschaftsminister Bernd Sibler dankt Reinigungskr\u00e4ften: \u201eOhne Sie alle w\u00fcrde das Universit\u00e4tsklinikum W\u00fcrzburg nicht laufen\u201c Am Universit\u00e4tsklinikum W\u00fcrzburg (UKW) leisten t\u00e4glich \u00fcber 7.000 Mitarbeiterinnen und Mitarbeiter einen unverzichtbaren Beitrag im Kampf gegen das Corona-Virus. Neben dem medizinischen [&hellip;]<\/p>\n","protected":false},"author":7,"featured_media":4951,"comment_status":"closed","ping_status":"open","sticky":false,"template":"","format":"standard","meta":{"footnotes":""},"categories":[78,71,84,87],"tags":[3115],"class_list":["post-13388","post","type-post","status-publish","format-standard","has-post-thumbnail","hentry","category-bayern","category-menue","category-unterfranken","category-wurzburg-unterfranken","tag-universotaetskliniken"],"_links":{"self":[{"href":"https:\/\/www.frankensicht.de\/index.php?rest_route=\/wp\/v2\/posts\/13388","targetHints":{"allow":["GET"]}}],"collection":[{"href":"https:\/\/www.frankensicht.de\/index.php?rest_route=\/wp\/v2\/posts"}],"about":[{"href":"https:\/\/www.frankensicht.de\/index.php?rest_route=\/wp\/v2\/types\/post"}],"author":[{"embeddable":true,"href":"https:\/\/www.frankensicht.de\/index.php?rest_route=\/wp\/v2\/users\/7"}],"replies":[{"embeddable":true,"href":"https:\/\/www.frankensicht.de\/index.php?rest_route=%2Fwp%2Fv2%2Fcomments&post=13388"}],"version-history":[{"count":2,"href":"https:\/\/www.frankensicht.de\/index.php?rest_route=\/wp\/v2\/posts\/13388\/revisions"}],"predecessor-version":[{"id":13392,"href":"https:\/\/www.frankensicht.de\/index.php?rest_route=\/wp\/v2\/posts\/13388\/revisions\/13392"}],"wp:featuredmedia":[{"embeddable":true,"href":"https:\/\/www.frankensicht.de\/index.php?rest_route=\/wp\/v2\/media\/4951"}],"wp:attachment":[{"href":"https:\/\/www.frankensicht.de\/index.php?rest_route=%2Fwp%2Fv2%2Fmedia&parent=13388"}],"wp:term":[{"taxonomy":"category","embeddable":true,"href":"https:\/\/www.frankensicht.de\/index.php?rest_route=%2Fwp%2Fv2%2Fcategories&post=13388"},{"taxonomy":"post_tag","embeddable":true,"href":"https:\/\/www.frankensicht.de\/index.php?rest_route=%2Fwp%2Fv2%2Ftags&post=13388"}],"curies":[{"name":"wp","href":"https:\/\/api.w.org\/{rel}","templated":true}]}}