{"id":13382,"date":"2020-04-08T05:24:42","date_gmt":"2020-04-08T03:24:42","guid":{"rendered":"http:\/\/www.frankensicht.de\/?p=13382"},"modified":"2020-04-08T05:24:42","modified_gmt":"2020-04-08T03:24:42","slug":"netzwerkprogramm-engagierte-stadt-wird-fortgefuehrt","status":"publish","type":"post","link":"https:\/\/www.frankensicht.de\/?p=13382","title":{"rendered":"Netzwerkprogramm \u201eEngagierte Stadt\u201c wird fortgef\u00fchrt"},"content":{"rendered":"<p><span style=\"color: #ff0000;\">Berlin:<\/span><\/p>\n<p>Netzwerkprogramm \u201eEngagierte Stadt\u201c wird fortgef\u00fchrt<\/p>\n<p>Bundesfamilienministerium f\u00f6rdert das Netzwerk f\u00fcr b\u00fcrgerschaftliches Engagement bis 2023 mit 1,65 Millionen Euro<\/p>\n<p>Das Bundesministerium f\u00fcr Familie, Senioren, Frauen und Jugend (BMFSFJ) setzt seine Unterst\u00fctzung f\u00fcr das Netzwerkprogramm \u201eEngagierte Stadt\u201c fort: In den kommenden drei Jahren f\u00f6rdert das Ministerium das seit 2015 bestehende Netzwerk mit insgesamt 1,65 Millionen Euro. In der dritten Phase des Programms steht die weitere Vernetzung im Vordergrund. Das Programm soll zum gr\u00f6\u00dften bundesweiten Lernnetzwerk von St\u00e4dten und Gemeinden sowie Engagementf\u00f6rderern werden.<\/p>\n<p><a href=\"https:\/\/www.frankensicht.de\/?attachment_id=11843\" rel=\"attachment wp-att-11843\"><img loading=\"lazy\" decoding=\"async\" class=\"alignnone size-medium wp-image-11843\" src=\"https:\/\/www.frankensicht.de\/wp-content\/uploads\/2018\/08\/P1020812-300x225.jpg\" alt=\"\" width=\"300\" height=\"225\" srcset=\"https:\/\/www.frankensicht.de\/wp-content\/uploads\/2018\/08\/P1020812-300x225.jpg 300w, https:\/\/www.frankensicht.de\/wp-content\/uploads\/2018\/08\/P1020812.jpg 640w\" sizes=\"auto, (max-width: 300px) 100vw, 300px\" \/><\/a><\/p>\n<p>Bundesfamilienministerin Dr. Franziska Giffey: \u201eDie \u201eEngagierte Stadt\u201c ist ein Erfolgsmodell. Seit f\u00fcnf Jahren arbeiten wir mit Stiftungen zusammen, um das lokale Engagement im Zusammenspiel mit Politik, Verwaltung und den Unternehmen vor Ort zu aktivieren und zu st\u00e4rken. Und das zeigt Wirkung: Viele Engagierte St\u00e4dte in ganz Deutschland haben Ansprechpersonen f\u00fcr Engagierte und Vereine in der Verwaltung geschaffen, Online-Portale aufgebaut, die \u00fcber \u00f6rtliche Mitmachm\u00f6glichkeiten informieren, und sogar lokale Engagementstrategien f\u00fcr b\u00fcrgerschaftliches Engagement etabliert. Sie sind dadurch als Wohn- und Lebensort attraktiver geworden. Wie wichtig diese Netzwerke aus Engagierten sind, wird derzeit im Kampf gegen die Corona-Pandemie deutlich: Die St\u00e4dte und Gemeinden k\u00f6nnen rasch und effizient ehrenamtliche Helferinnen und Helfer mobilisieren \u2013 zum Beispiel f\u00fcr Hilfe in der Nachbarschaft oder f\u00fcr \u00e4ltere Menschen.\u201c<\/p>\n<p>Im Netzwerkprogramm \u201eEngagierte Stadt\u201c f\u00f6rdern das BMFSFJ, die Bertelsmann Stiftung, die K\u00f6rber-Stiftung, die Robert Bosch Stiftung, die Breuninger Stiftung, die Joachim Herz Stiftung und die Bethe Stiftung b\u00fcrgerschaftliches Engagement in 50 ausgew\u00e4hlten St\u00e4dten und Gemeinden Deutschlands: Vom Engagement des Einzelnen bis hin zu einer Verantwortungsgemeinschaft, die b\u00fcrgerschaftliches Engagement vor Ort gemeinsam f\u00f6rdert, indem sie neue Formen der strategischen Zusammenarbeit von Zivilgesellschaft, Politik, Verwaltung und Wirtschaft auf Augenh\u00f6he entwickelt und erprobt.<\/p>\n<p>Die St\u00e4dte und Gemeinden sollen sich in st\u00e4dte\u00fcbergreifenden Partnerschaften vernetzen und von- sowie miteinander lernen. In ihrer Arbeit vor Ort werden sie durch professionelle Prozessberatungs- und Qualifizierungsangebote durch die Programmpartner und das Programmb\u00fcro unterst\u00fctzt zu Themen wie \u201eKooperation erfolgreich gestalten\u201c, \u201eStrategieentwicklung\u201c, \u201eEngagierte gewinnen und halten\u201c, \u201eFundraising\u201c oder \u201e\u00d6ffentlichkeitsarbeit und Social Media\u201c. Ziel ist die Entwicklung von individuellen L\u00f6sungen zur St\u00e4rkung von Engagementstrukturen durch eine engere Zusammenarbeit.<\/p>\n<p>Netzwerk soll auf bis zu 100 St\u00e4dte und Gemeinden anwachsen<\/p>\n<p>Bis 2023 soll das Netzwerk von den 50 bisherigen auf bis zu 100 St\u00e4dte und Gemeinden anwachsen, die schrittweise ab Juli 2020 aufgenommen werden. Teilnehmen k\u00f6nnen St\u00e4dte, Gemeinden und Quartiere mit 10.000 bis 250.000 Einwohnerinnen und Einwohnern. Das bereits gestartete Interessenbekundungsverfahren l\u00e4uft bis zum 15. Mai 2020 und ist unter folgendem Link zu finden: www.engagiertestadt.de\/mitmachen\/.<\/p>\n<p>Bundesfamilienministerin Giffey ruft zur Teilnahme auf: \u201eIch ermutige alle B\u00fcrgermeisterinnen und B\u00fcrgermeister, sich f\u00fcr die dritte Phase des Programms zu bewerben. Profitieren Sie als Stadt oder Gemeinde von den vielf\u00e4ltigen Erfahrungen der Engagierten St\u00e4dte und den Angeboten des Programms. Es lohnt sich.\u201c<\/p>\n<p>Die Weiterentwicklung vom F\u00f6rder- zum Netzwerkprogramm wird verst\u00e4rkt durch die k\u00fcnftige Ansiedlung des Programmb\u00fcros der Engagierten Stadt beim Bundesnetzwerk B\u00fcrgerschaftliches Engagement (BBE). Au\u00dferdem konnten mit dem Deutschen St\u00e4dtetag sowie Rheinland-Pfalz neue Partner f\u00fcr die dritte Phase des Programms gewonnen werden. Mit Rheinland-Pfalz schlie\u00dft sich zum ersten Mal ein Bundesland dem Netzwerkprogramm an. Das Land plant eine finanzielle F\u00f6rderung der am Programm beteiligten St\u00e4dte in Rheinland-Pfalz.<\/p>\n<p>Weitere Informationen finden Sie unter www.engagiertestadt.de<\/p>\n<p>Bisher sind folgende St\u00e4dte im Programm vertreten:<\/p>\n<p>In Phase I + II (2015-2020)<\/p>\n<p>Ahrensburg (SH)<\/p>\n<p>Heidenheim (BW)<\/p>\n<p>Neustadt (Aisch) \u2013 Bad Windesheim (BY)<\/p>\n<p>Ammerbuch (BW)<\/p>\n<p>Herzberg am Harz (NI)<\/p>\n<p>Radebeul (SN)<\/p>\n<p>Apolda (TH)<\/p>\n<p>Hohe B\u00f6rde (ST)<\/p>\n<p>Rheinfelden (BW)<\/p>\n<p>Bitburg (RP)<\/p>\n<p>Holzkirchen (BY)<\/p>\n<p>Ribnitz-Damgarten (MV)<\/p>\n<p>Bocholt (NW)<\/p>\n<p>Illingen (SL)<\/p>\n<p>R\u00f6srath (NW)<\/p>\n<p>Buchholz in der Nordheide (NI)<\/p>\n<p>Kaufbeuren (BY)<\/p>\n<p>Schmalkalden (TH)<\/p>\n<p>Cuxhaven (NI)<\/p>\n<p>K\u00f6nigswinter (NW)<\/p>\n<p>Schwerte (NW)<\/p>\n<p>Daun (Verbandsgemeinde) (RP)<\/p>\n<p>Kronach (BY)<\/p>\n<p>Sondershausen (TH)<\/p>\n<p>Ebersbach-Neugersdorf (SN)<\/p>\n<p>Lilienthal (NI)<\/p>\n<p>Stendal (ST)<\/p>\n<p>Elmshorn (SH)<\/p>\n<p>Marburg (HE)<\/p>\n<p>Titisee-Neustadt (BW)<\/p>\n<p>Flensburg (SH)<\/p>\n<p>Marienberg (SN)<\/p>\n<p>Wei\u00dfwasser (SN)<\/p>\n<p>Forst (Lausitz) (BB)<\/p>\n<p>Memmingen (BY)<\/p>\n<p>Wetzlar (HE)<\/p>\n<p>Freiberg (SN)<\/p>\n<p>Naumburg (ST)<\/p>\n<p>Wilhelmshaven (NI)<\/p>\n<p>Gersthofen (BY)<\/p>\n<p>Neu-Ulm (BY)<\/p>\n<p>Worms (RP)<\/p>\n<p>G\u00f6rlitz (SN)<\/p>\n<p>Neubrandenburg (MV)<\/p>\n<p>Zwickau (SN)<\/p>\n<p>Guben (BB)<\/p>\n<p>Neuenhagen (BB)<\/p>\n<p>&nbsp;<\/p>\n<p>In Phase I (2015-2017)<\/p>\n<p>Bautzen (SN)<\/p>\n<p>Dessau-Ro\u00dflau (ST)<\/p>\n<p>Gie\u00dfen (HE)<\/p>\n<p>&nbsp;<\/p>\n<p>Web-Ansicht: http:\/\/www.bmfsfj.de\/bmfsfj\/aktuelles\/presse\/pressemitteilungen\/netzwerkprogramm&#8211;engagierte-stadt&#8211;wird-fortgefuehrt\/154510<\/p>\n<p>Abonnieren: http:\/\/www.bmfsfj.de\/bmfsfj\/service\/newsletter\/abonnieren<\/p>\n<p>Archiv: http:\/\/www.bmfsfj.de\/bmfsfj\/service\/newsletter\/newsletter-archiv<\/p>\n<p>Abmelden: http:\/\/www.bmfsfj.de\/bmfsfj\/service\/newsletter\/abmelden<\/p>\n<p>Quelle: bmfsfj.bund.de<\/p>\n","protected":false},"excerpt":{"rendered":"<p>Berlin: Netzwerkprogramm \u201eEngagierte Stadt\u201c wird fortgef\u00fchrt Bundesfamilienministerium f\u00f6rdert das Netzwerk f\u00fcr b\u00fcrgerschaftliches Engagement bis 2023 mit 1,65 Millionen Euro Das Bundesministerium f\u00fcr Familie, Senioren, Frauen und Jugend (BMFSFJ) setzt seine Unterst\u00fctzung f\u00fcr das Netzwerkprogramm \u201eEngagierte Stadt\u201c fort: In den kommenden drei Jahren f\u00f6rdert das Ministerium das seit 2015 bestehende Netzwerk mit insgesamt 1,65 Millionen Euro. [&hellip;]<\/p>\n","protected":false},"author":7,"featured_media":11843,"comment_status":"closed","ping_status":"open","sticky":false,"template":"","format":"standard","meta":{"footnotes":""},"categories":[44,3],"tags":[1770],"class_list":["post-13382","post","type-post","status-publish","format-standard","has-post-thumbnail","hentry","category-deutschland-2","category-news","tag-engagierte-stadt"],"_links":{"self":[{"href":"https:\/\/www.frankensicht.de\/index.php?rest_route=\/wp\/v2\/posts\/13382","targetHints":{"allow":["GET"]}}],"collection":[{"href":"https:\/\/www.frankensicht.de\/index.php?rest_route=\/wp\/v2\/posts"}],"about":[{"href":"https:\/\/www.frankensicht.de\/index.php?rest_route=\/wp\/v2\/types\/post"}],"author":[{"embeddable":true,"href":"https:\/\/www.frankensicht.de\/index.php?rest_route=\/wp\/v2\/users\/7"}],"replies":[{"embeddable":true,"href":"https:\/\/www.frankensicht.de\/index.php?rest_route=%2Fwp%2Fv2%2Fcomments&post=13382"}],"version-history":[{"count":1,"href":"https:\/\/www.frankensicht.de\/index.php?rest_route=\/wp\/v2\/posts\/13382\/revisions"}],"predecessor-version":[{"id":13383,"href":"https:\/\/www.frankensicht.de\/index.php?rest_route=\/wp\/v2\/posts\/13382\/revisions\/13383"}],"wp:featuredmedia":[{"embeddable":true,"href":"https:\/\/www.frankensicht.de\/index.php?rest_route=\/wp\/v2\/media\/11843"}],"wp:attachment":[{"href":"https:\/\/www.frankensicht.de\/index.php?rest_route=%2Fwp%2Fv2%2Fmedia&parent=13382"}],"wp:term":[{"taxonomy":"category","embeddable":true,"href":"https:\/\/www.frankensicht.de\/index.php?rest_route=%2Fwp%2Fv2%2Fcategories&post=13382"},{"taxonomy":"post_tag","embeddable":true,"href":"https:\/\/www.frankensicht.de\/index.php?rest_route=%2Fwp%2Fv2%2Ftags&post=13382"}],"curies":[{"name":"wp","href":"https:\/\/api.w.org\/{rel}","templated":true}]}}