{"id":13380,"date":"2020-04-07T08:17:13","date_gmt":"2020-04-07T06:17:13","guid":{"rendered":"http:\/\/www.frankensicht.de\/?p=13380"},"modified":"2020-04-07T08:17:13","modified_gmt":"2020-04-07T06:17:13","slug":"ueber-320-000-euro-aus-dem-entschaedigungsfonds-fuer-die-stadtmauer-in-augsburg","status":"publish","type":"post","link":"https:\/\/www.frankensicht.de\/?p=13380","title":{"rendered":"\u00dcber 320.000 Euro aus dem Entsch\u00e4digungsfonds f\u00fcr die Stadtmauer in Augsburg"},"content":{"rendered":"<p><span style=\"color: #ff0000;\">M\u00fcnchen &#8211; Augsburg:<\/span><\/p>\n<p>\u00dcber 320.000 Euro aus dem Entsch\u00e4digungsfonds f\u00fcr die Stadtmauer in Augsburg<\/p>\n<p>Kunstminister Bernd Sibler gibt Mittel f\u00fcr Instandsetzung des Baudenkmals bekannt \u2013 \u201eStadtmauer hat sp\u00fcrbaren Einfluss auf das Stadtleben\u201c<\/p>\n<p>Die Instandsetzung der Stadtmauer in Augsburg wird mit 324.000 Euro aus dem Entsch\u00e4digungsfonds unterst\u00fctzt. Das gab Kunstminister Bernd Sibler heute bekannt. \u201eDie Stadtmauer mit ihrer Bastion, ihren Toren und Pforten ist pr\u00e4gend f\u00fcr das Augsburger Stadtbild. Zudem hat sie einen sp\u00fcrbaren Einfluss auf das heutige Stadtleben: Stra\u00dfen tragen in Anlehnung an die alten Befestigungen ihren Namen und Teile der Stadtmauer wurden in j\u00fcngere Geb\u00e4ude integriert. Ich freue mich daher sehr, dass wir sie mit Mitteln aus dem Entsch\u00e4digungsfonds sanieren k\u00f6nnen!\u201c, so der Minister.<\/p>\n<p><a href=\"https:\/\/www.frankensicht.de\/?attachment_id=4845\" rel=\"attachment wp-att-4845\"><img loading=\"lazy\" decoding=\"async\" class=\"alignnone size-medium wp-image-4845\" src=\"https:\/\/www.frankensicht.de\/wp-content\/uploads\/2012\/12\/1euro-300x225.jpg\" alt=\"\" width=\"300\" height=\"225\" srcset=\"https:\/\/www.frankensicht.de\/wp-content\/uploads\/2012\/12\/1euro-300x225.jpg 300w, https:\/\/www.frankensicht.de\/wp-content\/uploads\/2012\/12\/1euro.jpg 640w\" sizes=\"auto, (max-width: 300px) 100vw, 300px\" \/><\/a><\/p>\n<p>Die Befestigung der Stadt Augsburg ist in mehreren Schritten entstanden und \u00fcber die Jahrhunderte mehrfach erneuert und instandgesetzt worden. Kern der mittelalterlichen Anlage ist ein erster gemauerter Ring um die Domstadt aus der ersten H\u00e4lfte des 12. Jahrhunderts. Bis Mitte des 14. Jahrhunderts wurde Augsburg sukzessive um weitere Stadtgebiete erweitert.<\/p>\n<p>Weite Teile der Stadtbefestigung sind mittlerweile witterungsbedingt besch\u00e4digt. In einem ersten Bauabschnitt wird die Stadtmauer \u00f6stlich des Fischertors statisch instandgesetzt. Zudem werden die Mauerkronen \u00fcberarbeitet.<\/p>\n<p>Eigent\u00fcmerin ist die Stadt Augsburg.<\/p>\n<p>Der Entsch\u00e4digungsfonds wird vom Bayerischen Staatsministerium f\u00fcr Wissenschaft und Kunst verwaltet und gemeinsam vom Freistaat und den Kommunen getragen. Die Ma\u00dfnahme ist mit dem Bayerischen Landesamt f\u00fcr Denkmalpflege abgestimmt und wird von diesem fachlich begleitet.<\/p>\n<p>Quelle: stmwk.bayern.de<\/p>\n","protected":false},"excerpt":{"rendered":"<p>M\u00fcnchen &#8211; Augsburg: \u00dcber 320.000 Euro aus dem Entsch\u00e4digungsfonds f\u00fcr die Stadtmauer in Augsburg Kunstminister Bernd Sibler gibt Mittel f\u00fcr Instandsetzung des Baudenkmals bekannt \u2013 \u201eStadtmauer hat sp\u00fcrbaren Einfluss auf das Stadtleben\u201c Die Instandsetzung der Stadtmauer in Augsburg wird mit 324.000 Euro aus dem Entsch\u00e4digungsfonds unterst\u00fctzt. Das gab Kunstminister Bernd Sibler heute bekannt. \u201eDie Stadtmauer [&hellip;]<\/p>\n","protected":false},"author":7,"featured_media":4845,"comment_status":"closed","ping_status":"open","sticky":false,"template":"","format":"standard","meta":{"footnotes":""},"categories":[78,71],"tags":[3113],"class_list":["post-13380","post","type-post","status-publish","format-standard","has-post-thumbnail","hentry","category-bayern","category-menue","tag-historische-stadtmauer"],"_links":{"self":[{"href":"https:\/\/www.frankensicht.de\/index.php?rest_route=\/wp\/v2\/posts\/13380","targetHints":{"allow":["GET"]}}],"collection":[{"href":"https:\/\/www.frankensicht.de\/index.php?rest_route=\/wp\/v2\/posts"}],"about":[{"href":"https:\/\/www.frankensicht.de\/index.php?rest_route=\/wp\/v2\/types\/post"}],"author":[{"embeddable":true,"href":"https:\/\/www.frankensicht.de\/index.php?rest_route=\/wp\/v2\/users\/7"}],"replies":[{"embeddable":true,"href":"https:\/\/www.frankensicht.de\/index.php?rest_route=%2Fwp%2Fv2%2Fcomments&post=13380"}],"version-history":[{"count":1,"href":"https:\/\/www.frankensicht.de\/index.php?rest_route=\/wp\/v2\/posts\/13380\/revisions"}],"predecessor-version":[{"id":13381,"href":"https:\/\/www.frankensicht.de\/index.php?rest_route=\/wp\/v2\/posts\/13380\/revisions\/13381"}],"wp:featuredmedia":[{"embeddable":true,"href":"https:\/\/www.frankensicht.de\/index.php?rest_route=\/wp\/v2\/media\/4845"}],"wp:attachment":[{"href":"https:\/\/www.frankensicht.de\/index.php?rest_route=%2Fwp%2Fv2%2Fmedia&parent=13380"}],"wp:term":[{"taxonomy":"category","embeddable":true,"href":"https:\/\/www.frankensicht.de\/index.php?rest_route=%2Fwp%2Fv2%2Fcategories&post=13380"},{"taxonomy":"post_tag","embeddable":true,"href":"https:\/\/www.frankensicht.de\/index.php?rest_route=%2Fwp%2Fv2%2Ftags&post=13380"}],"curies":[{"name":"wp","href":"https:\/\/api.w.org\/{rel}","templated":true}]}}