{"id":13374,"date":"2020-04-04T08:32:35","date_gmt":"2020-04-04T06:32:35","guid":{"rendered":"http:\/\/www.frankensicht.de\/?p=13374"},"modified":"2024-01-18T08:48:56","modified_gmt":"2024-01-18T07:48:56","slug":"bayerischer-justizvollzug-naeht-150-000-schutzmasken-im-kampf-gegen-das-corona-virus","status":"publish","type":"post","link":"https:\/\/www.frankensicht.de\/?p=13374","title":{"rendered":"Bayerischer Justizvollzug n\u00e4ht 150 000 Schutzmasken im Kampf gegen das Corona-Virus"},"content":{"rendered":"<p><span style=\"color: #ff0000;\">M\u00fcnchen:<\/span><\/p>\n<p>Bayerischer Justizvollzug n\u00e4ht 150 000 Schutzmasken im Kampf gegen das Corona-Virus \/ Justizminister Georg Eisenreich: &#8222;Ich bin sehr stolz auf den Beitrag, den Gefangene und Mitarbeiter unserer JVAs in der Krise leisten.&#8220;<\/p>\n<p>Gefangene aus Bayern steigen in die Produktion von Mund-Nasen-Schutzmasken (MNS) ein. In der Justizvollzugsanstalt Aichach hat die Serien-Produktion am 26. M\u00e4rz 2020 begonnen. Seitdem haben inhaftierte Frauen bereits mehr als 10 000 Schutzmasken hergestellt. Ab heute (2. April 2020) beteiligen sich auch die Justizvollzugsanstalten Amberg, Kaisheim und M\u00fcnchen. Insgesamt werden in den Gef\u00e4ngnis-Schneidereien in n\u00e4chster Zeit 150 000 Schutzmasken gen\u00e4ht. Bis zu 45 Gefangene helfen mit.<\/p>\n<p><a href=\"https:\/\/www.frankensicht.de\/?attachment_id=3276\" rel=\"attachment wp-att-3276\"><img loading=\"lazy\" decoding=\"async\" class=\"alignnone size-medium wp-image-3276\" src=\"https:\/\/www.frankensicht.de\/wp-content\/uploads\/2012\/07\/knast-300x225.png\" alt=\"\" width=\"300\" height=\"225\" srcset=\"https:\/\/www.frankensicht.de\/wp-content\/uploads\/2012\/07\/knast-300x225.png 300w, https:\/\/www.frankensicht.de\/wp-content\/uploads\/2012\/07\/knast.png 840w\" sizes=\"auto, (max-width: 300px) 100vw, 300px\" \/><\/a><\/p>\n<p>Der bayerische Justizminister Georg Eisenreich freut sich \u00fcber die Unterst\u00fctzung aus dem bayerischen Justizvollzug: &#8222;Ich bin sehr stolz auf den Beitrag, den Gefangene und Mitarbeiter unserer JVAs in der Krise leisten. In der aktuellen Situation m\u00fcssen alle zusammenhelfen. Daf\u00fcr m\u00f6chte ich mich herzlich bedanken.&#8220;<\/p>\n<p>Der Justizvollzug n\u00e4ht f\u00fcr einen bayerischen Textilzulieferer der Automobilindustrie, der den Freistaat beliefert. Die Firma schickt Masken-Rohlinge in die Gef\u00e4ngnisse, die Gefangenen verarbeiten diese weiter (n\u00e4hen z.B. die Gummilitze an). Dann nimmt die Firma die Ware zur\u00fcck und liefert sie in das Zentrallager der Staatsregierung.<\/p>\n<p>Quelle:stmj.bayern.de<\/p>\n","protected":false},"excerpt":{"rendered":"<p>M\u00fcnchen: Bayerischer Justizvollzug n\u00e4ht 150 000 Schutzmasken im Kampf gegen das Corona-Virus \/ Justizminister Georg Eisenreich: &#8222;Ich bin sehr stolz auf den Beitrag, den Gefangene und Mitarbeiter unserer JVAs in der Krise leisten.&#8220; Gefangene aus Bayern steigen in die Produktion von Mund-Nasen-Schutzmasken (MNS) ein. In der Justizvollzugsanstalt Aichach hat die Serien-Produktion am 26. M\u00e4rz 2020 [&hellip;]<\/p>\n","protected":false},"author":7,"featured_media":3276,"comment_status":"closed","ping_status":"open","sticky":false,"template":"","format":"standard","meta":{"footnotes":""},"categories":[78,71],"tags":[3111],"class_list":["post-13374","post","type-post","status-publish","format-standard","has-post-thumbnail","hentry","category-bayern","category-menue","tag-jva"],"_links":{"self":[{"href":"https:\/\/www.frankensicht.de\/index.php?rest_route=\/wp\/v2\/posts\/13374","targetHints":{"allow":["GET"]}}],"collection":[{"href":"https:\/\/www.frankensicht.de\/index.php?rest_route=\/wp\/v2\/posts"}],"about":[{"href":"https:\/\/www.frankensicht.de\/index.php?rest_route=\/wp\/v2\/types\/post"}],"author":[{"embeddable":true,"href":"https:\/\/www.frankensicht.de\/index.php?rest_route=\/wp\/v2\/users\/7"}],"replies":[{"embeddable":true,"href":"https:\/\/www.frankensicht.de\/index.php?rest_route=%2Fwp%2Fv2%2Fcomments&post=13374"}],"version-history":[{"count":1,"href":"https:\/\/www.frankensicht.de\/index.php?rest_route=\/wp\/v2\/posts\/13374\/revisions"}],"predecessor-version":[{"id":13375,"href":"https:\/\/www.frankensicht.de\/index.php?rest_route=\/wp\/v2\/posts\/13374\/revisions\/13375"}],"wp:featuredmedia":[{"embeddable":true,"href":"https:\/\/www.frankensicht.de\/index.php?rest_route=\/wp\/v2\/media\/3276"}],"wp:attachment":[{"href":"https:\/\/www.frankensicht.de\/index.php?rest_route=%2Fwp%2Fv2%2Fmedia&parent=13374"}],"wp:term":[{"taxonomy":"category","embeddable":true,"href":"https:\/\/www.frankensicht.de\/index.php?rest_route=%2Fwp%2Fv2%2Fcategories&post=13374"},{"taxonomy":"post_tag","embeddable":true,"href":"https:\/\/www.frankensicht.de\/index.php?rest_route=%2Fwp%2Fv2%2Ftags&post=13374"}],"curies":[{"name":"wp","href":"https:\/\/api.w.org\/{rel}","templated":true}]}}