{"id":13364,"date":"2020-04-02T09:00:59","date_gmt":"2020-04-02T07:00:59","guid":{"rendered":"http:\/\/www.frankensicht.de\/?p=13364"},"modified":"2020-04-02T09:03:59","modified_gmt":"2020-04-02T07:03:59","slug":"bayern-hat-corona-testkapazitaeten-massiv-ausgebaut","status":"publish","type":"post","link":"https:\/\/www.frankensicht.de\/?p=13364","title":{"rendered":"Bayern hat Corona-Testkapazit\u00e4ten massiv ausgebaut"},"content":{"rendered":"<p><span style=\"color: #ff0000;\">M\u00fcnchen:<\/span><\/p>\n<p>Huml: Bayern hat Corona-Testkapazit\u00e4ten massiv ausgebaut &#8211; Bayerns Gesundheitsministerin: K\u00fcnftig bis zu 13.000 Tests t\u00e4glich<\/p>\n<p>Bayern hat im Kampf gegen die Corona-Pandemie die Testkapazit\u00e4ten massiv ausgebaut. Darauf hat Bayerns Gesundheitsministerin Melanie Huml am Mittwoch hingewiesen. Huml betonte: &#8222;Unser Ziel ist es, m\u00f6glichst rasch Klarheit bei Verdachtsf\u00e4llen zu bekommen. Dies ist sehr wichtig, um weitere Infektionen einzud\u00e4mmen. Deshalb freue ich mich, dass die bayernweite Testkapazit\u00e4t sogar auf circa 13.000 Tests pro Tag steigen kann.&#8220;<\/p>\n<p><a href=\"https:\/\/www.frankensicht.de\/?attachment_id=12585\" rel=\"attachment wp-att-12585\"><img loading=\"lazy\" decoding=\"async\" class=\"alignnone size-medium wp-image-12585\" src=\"https:\/\/www.frankensicht.de\/wp-content\/uploads\/2019\/05\/schildkroeten-300x225.jpg\" alt=\"\" width=\"300\" height=\"225\" srcset=\"https:\/\/www.frankensicht.de\/wp-content\/uploads\/2019\/05\/schildkroeten-300x225.jpg 300w, https:\/\/www.frankensicht.de\/wp-content\/uploads\/2019\/05\/schildkroeten.jpg 640w\" sizes=\"auto, (max-width: 300px) 100vw, 300px\" \/><\/a><\/p>\n<p>Davon entfallen rund 11.000 Tests auf Privatlabore, rund 2.000 auf das Landesamt f\u00fcr Gesundheit und Lebensmittelsicherheit (LGL). Voraussetzung ist, dass gen\u00fcgend Probenmaterial zur Verf\u00fcgung steht.<\/p>\n<p>Die Ministerin verwies darauf, dass es in Bayern nach Angaben des LGL bereits mehr als 110.000 Testungen gab. Davon waren rund 8,7 Prozent positiv.<\/p>\n<p>Huml erl\u00e4uterte: &#8222;Bayern verfolgt die Strategie, die Laborkapazit\u00e4ten gezielt zur Testung von begr\u00fcndeten Verdachtsf\u00e4llen und engen Kontaktpersonen einzusetzen. Bevorzugt getestet werden sollen vor allem Personen aus der Gesundheitsversorgung und der Pflege.&#8220;<\/p>\n<p>Quelle: stmgp.bayern.de<\/p>\n","protected":false},"excerpt":{"rendered":"<p>M\u00fcnchen: Huml: Bayern hat Corona-Testkapazit\u00e4ten massiv ausgebaut &#8211; Bayerns Gesundheitsministerin: K\u00fcnftig bis zu 13.000 Tests t\u00e4glich Bayern hat im Kampf gegen die Corona-Pandemie die Testkapazit\u00e4ten massiv ausgebaut. Darauf hat Bayerns Gesundheitsministerin Melanie Huml am Mittwoch hingewiesen. Huml betonte: &#8222;Unser Ziel ist es, m\u00f6glichst rasch Klarheit bei Verdachtsf\u00e4llen zu bekommen. Dies ist sehr wichtig, um weitere [&hellip;]<\/p>\n","protected":false},"author":7,"featured_media":12585,"comment_status":"closed","ping_status":"open","sticky":false,"template":"","format":"standard","meta":{"footnotes":""},"categories":[78],"tags":[3108],"class_list":["post-13364","post","type-post","status-publish","format-standard","has-post-thumbnail","hentry","category-bayern","tag-huml"],"_links":{"self":[{"href":"https:\/\/www.frankensicht.de\/index.php?rest_route=\/wp\/v2\/posts\/13364","targetHints":{"allow":["GET"]}}],"collection":[{"href":"https:\/\/www.frankensicht.de\/index.php?rest_route=\/wp\/v2\/posts"}],"about":[{"href":"https:\/\/www.frankensicht.de\/index.php?rest_route=\/wp\/v2\/types\/post"}],"author":[{"embeddable":true,"href":"https:\/\/www.frankensicht.de\/index.php?rest_route=\/wp\/v2\/users\/7"}],"replies":[{"embeddable":true,"href":"https:\/\/www.frankensicht.de\/index.php?rest_route=%2Fwp%2Fv2%2Fcomments&post=13364"}],"version-history":[{"count":2,"href":"https:\/\/www.frankensicht.de\/index.php?rest_route=\/wp\/v2\/posts\/13364\/revisions"}],"predecessor-version":[{"id":13370,"href":"https:\/\/www.frankensicht.de\/index.php?rest_route=\/wp\/v2\/posts\/13364\/revisions\/13370"}],"wp:featuredmedia":[{"embeddable":true,"href":"https:\/\/www.frankensicht.de\/index.php?rest_route=\/wp\/v2\/media\/12585"}],"wp:attachment":[{"href":"https:\/\/www.frankensicht.de\/index.php?rest_route=%2Fwp%2Fv2%2Fmedia&parent=13364"}],"wp:term":[{"taxonomy":"category","embeddable":true,"href":"https:\/\/www.frankensicht.de\/index.php?rest_route=%2Fwp%2Fv2%2Fcategories&post=13364"},{"taxonomy":"post_tag","embeddable":true,"href":"https:\/\/www.frankensicht.de\/index.php?rest_route=%2Fwp%2Fv2%2Ftags&post=13364"}],"curies":[{"name":"wp","href":"https:\/\/api.w.org\/{rel}","templated":true}]}}