{"id":13360,"date":"2020-03-31T08:33:54","date_gmt":"2020-03-31T06:33:54","guid":{"rendered":"http:\/\/www.frankensicht.de\/?p=13360"},"modified":"2020-03-31T08:33:54","modified_gmt":"2020-03-31T06:33:54","slug":"notfallplan-corona-pandemie","status":"publish","type":"post","link":"https:\/\/www.frankensicht.de\/?p=13360","title":{"rendered":"Notfallplan Corona-Pandemie"},"content":{"rendered":"<p><span style=\"color: #ff0000;\">M\u00fcnchen:<\/span><\/p>\n<p>Huml: &#8222;Notfallplan Corona-Pandemie&#8220; stellt auch Arztversorgung sicher &#8211; Bayerns Gesundheitsministerin: Landr\u00e4te und Oberb\u00fcrgermeister setzen &#8222;Versorgungs\u00e4rzte&#8220; zur Planung und Koordination vor Ort ein<\/p>\n<p>Der vom bayerischen Gesundheitsministerium erarbeiteteNotfallplan Corona-Pandemie stellt auch die ambulante Arztversorgung in Bayern im aktuellen Katastrophenfall sicher. Darauf hat Bayerns Gesundheitsministerin Melanie Huml am Montag hingewiesen. Huml betonte: &#8222;In jedem Landkreis und in jeder kreisfreien Stadt wird ein Mediziner mit dem Titel Versorgungsarzt; eingesetzt. Dieser hat die Aufgabe, eine ausreichende Versorgung im jeweiligen Zust\u00e4ndigkeitsbereich mit \u00e4rztlichen Leistungen zu planen und zu koordinieren.&#8220;<\/p>\n<p><a href=\"https:\/\/www.frankensicht.de\/?attachment_id=1235\" rel=\"attachment wp-att-1235\"><img loading=\"lazy\" decoding=\"async\" class=\"alignnone size-full wp-image-1235\" src=\"https:\/\/www.frankensicht.de\/wp-content\/uploads\/2012\/05\/stop.png\" alt=\"\" width=\"274\" height=\"258\" \/><\/a><\/p>\n<p>Die Ministerin unterstrich: &#8222;Der Versorgungsarzt ist unmittelbar an die \u00f6rtliche Katastrophenschutzbeh\u00f6rde angebunden. So sollen vom Versorgungsarzt beispielsweise Schwerpunktpraxen f\u00fcr die Untersuchung und Behandlung von COVID-19-Patienten und die Rekrutierung des hierf\u00fcr erforderlichen Personals eingerichtet werden. Der Versorgungsarzt trifft au\u00dferdem alle notwendigen Ma\u00dfnahmen, um die \u00e4rztliche Grundversorgung im Katastrophenfall aufrechtzuerhalten.&#8220;<\/p>\n<p>Huml hob hervor: &#8222;Klar ist: Die Versorgungs\u00e4rzte sollen ihre Aufgaben soweit m\u00f6glich\u00a0 im Konsens mit den niedergelassenen \u00c4rzten vor Ort und den \u00e4rztlichen Standesorganisationen sowie insbesondere im Benehmen mit der Kassen\u00e4rztlichen Vereinigung Bayerns bzw. der Kassenzahn\u00e4rztlichen Vereinigung Bayerns erf\u00fcllen. Im Fall der F\u00e4lle m\u00fcssen die geplanten Ma\u00dfnahmen im Einzelfall aber auch mittels Anordnung umgesetzt werden k\u00f6nnen, wenn ein Konsens dar\u00fcber vor Ort nicht oder nicht rechtzeitig erzielt werden kann.&#8220;<\/p>\n<p>Die Ministerin erl\u00e4uterte: &#8222;Dies kann zum Beispiel dann der Fall sein, wenn vor Ort keine Einigung \u00fcber die Festlegung von Schwerpunktpraxen f\u00fcr die Untersuchung und Behandlung von COVID-19-Patienten m\u00f6glich ist oder sich auf freiwilliger Basis nicht ausreichend Personal zum Betrieb von Schwerpunktpraxen, \u00f6rtlichen Testzentren oder f\u00fcr die Aufrechterhaltung der \u00e4rztlichen Grundversorgung gewinnen l\u00e4sst.&#8220;<\/p>\n<p>Dem Versorgungsarzt wird ein Arbeitsstab zugeordnet, dem die Kassen\u00e4rztliche Vereinigung Bayerns (KVB) sowie die \u00e4rztlichen Kreis- und Bezirksverb\u00e4nde auf Anforderung des Versorgungsarztes ausreichendes und geeignetes Personal zu stellen haben. Die Mitarbeiter des Arbeitsstabes unterstehen insoweit ausschlie\u00dflich den Weisungen des Versorgungsarztes, der Versorgungsarzt untersteht den Weisungen des Landrats bzw. Oberb\u00fcrgermeisters.<\/p>\n<p>Die Gemeinsame Bekanntmachung der Bayerischen Staatsministerien des Innern, f\u00fcr Sport und Integration und f\u00fcr Gesundheit und Pflege zum Thema Notfallplan Corona-Pandemie: Aufrechterhaltung der Arztversorgung w\u00e4hrend des festgestellten Katastrophenfalls ist abrufbar unter: https:\/\/www.verkuendung-bayern.de\/files\/baymbl\/2020\/157\/baymbl-2020-157.pdf.<\/p>\n<p>Quelle:stmgp.bayern.de<\/p>\n","protected":false},"excerpt":{"rendered":"<p>M\u00fcnchen: Huml: &#8222;Notfallplan Corona-Pandemie&#8220; stellt auch Arztversorgung sicher &#8211; Bayerns Gesundheitsministerin: Landr\u00e4te und Oberb\u00fcrgermeister setzen &#8222;Versorgungs\u00e4rzte&#8220; zur Planung und Koordination vor Ort ein Der vom bayerischen Gesundheitsministerium erarbeiteteNotfallplan Corona-Pandemie stellt auch die ambulante Arztversorgung in Bayern im aktuellen Katastrophenfall sicher. Darauf hat Bayerns Gesundheitsministerin Melanie Huml am Montag hingewiesen. Huml betonte: &#8222;In jedem Landkreis und [&hellip;]<\/p>\n","protected":false},"author":7,"featured_media":1235,"comment_status":"closed","ping_status":"open","sticky":false,"template":"","format":"standard","meta":{"footnotes":""},"categories":[78,71],"tags":[3106],"class_list":["post-13360","post","type-post","status-publish","format-standard","has-post-thumbnail","hentry","category-bayern","category-menue","tag-pandemie"],"_links":{"self":[{"href":"https:\/\/www.frankensicht.de\/index.php?rest_route=\/wp\/v2\/posts\/13360","targetHints":{"allow":["GET"]}}],"collection":[{"href":"https:\/\/www.frankensicht.de\/index.php?rest_route=\/wp\/v2\/posts"}],"about":[{"href":"https:\/\/www.frankensicht.de\/index.php?rest_route=\/wp\/v2\/types\/post"}],"author":[{"embeddable":true,"href":"https:\/\/www.frankensicht.de\/index.php?rest_route=\/wp\/v2\/users\/7"}],"replies":[{"embeddable":true,"href":"https:\/\/www.frankensicht.de\/index.php?rest_route=%2Fwp%2Fv2%2Fcomments&post=13360"}],"version-history":[{"count":1,"href":"https:\/\/www.frankensicht.de\/index.php?rest_route=\/wp\/v2\/posts\/13360\/revisions"}],"predecessor-version":[{"id":13361,"href":"https:\/\/www.frankensicht.de\/index.php?rest_route=\/wp\/v2\/posts\/13360\/revisions\/13361"}],"wp:featuredmedia":[{"embeddable":true,"href":"https:\/\/www.frankensicht.de\/index.php?rest_route=\/wp\/v2\/media\/1235"}],"wp:attachment":[{"href":"https:\/\/www.frankensicht.de\/index.php?rest_route=%2Fwp%2Fv2%2Fmedia&parent=13360"}],"wp:term":[{"taxonomy":"category","embeddable":true,"href":"https:\/\/www.frankensicht.de\/index.php?rest_route=%2Fwp%2Fv2%2Fcategories&post=13360"},{"taxonomy":"post_tag","embeddable":true,"href":"https:\/\/www.frankensicht.de\/index.php?rest_route=%2Fwp%2Fv2%2Ftags&post=13360"}],"curies":[{"name":"wp","href":"https:\/\/api.w.org\/{rel}","templated":true}]}}