{"id":13274,"date":"2020-02-25T07:59:40","date_gmt":"2020-02-25T06:59:40","guid":{"rendered":"http:\/\/www.frankensicht.de\/?p=13274"},"modified":"2020-02-25T07:59:40","modified_gmt":"2020-02-25T06:59:40","slug":"anlaesslich-seiner-reise-nach-genf-zum-menschenrechtsrat-sagte-aussenminister-heiko-maas","status":"publish","type":"post","link":"https:\/\/www.frankensicht.de\/?p=13274","title":{"rendered":"Anl\u00e4sslich seiner Reise nach Genf zum Menschenrechtsrat sagte Au\u00dfenminister Heiko Maas"},"content":{"rendered":"<p><span style=\"color: #ff0000;\">Berlin -Genf:<\/span><\/p>\n<p>Anl\u00e4sslich seiner Reise nach Genf zum Menschenrechtsrat sagte Au\u00dfenminister Heiko Maas\u00a0 (24.2.):<\/p>\n<p>&#8222;Deutsche Au\u00dfenpolitik ist multilaterale Au\u00dfenpolitik. Diese Woche steht besonders in diesem Zeichen. Ich werde heute beim Menschenrechtsrat in Genf sein und vor Ort anschlie\u00dfend ein Treffen der Allianz f\u00fcr den Multilateralismus veranstalten. Morgen werde ich meine Amtskollegen zum Treffen der Stockholm-Initiative f\u00fcr nukleare Abr\u00fcstung in Berlin empfangen. Anschlie\u00dfend geht es weiter nach New York, wo wir am Mittwoch und Donnerstag \u00fcber den Nichtverbreitungsvertrag beraten. Damit senden wir ein deutliches Signal: Deutschland macht sich stark f\u00fcr eine regelbasierte internationale Ordnung. Und wir finden gro\u00dfe Unterst\u00fctzung f\u00fcr unseren Kurs, den Multilateralismus zu sch\u00fctzen und neu zu st\u00e4rken.<\/p>\n<p><a href=\"https:\/\/www.frankensicht.de\/?attachment_id=12574\" rel=\"attachment wp-att-12574\"><img loading=\"lazy\" decoding=\"async\" class=\"alignnone size-medium wp-image-12574\" src=\"https:\/\/www.frankensicht.de\/wp-content\/uploads\/2019\/05\/fisch-300x225.jpg\" alt=\"\" width=\"300\" height=\"225\" srcset=\"https:\/\/www.frankensicht.de\/wp-content\/uploads\/2019\/05\/fisch-300x225.jpg 300w, https:\/\/www.frankensicht.de\/wp-content\/uploads\/2019\/05\/fisch.jpg 640w\" sizes=\"auto, (max-width: 300px) 100vw, 300px\" \/><\/a><\/p>\n<p>Als gro\u00dfe Exportnation machen wir uns Sorgen \u00fcber den zunehmenden Streit in globalen Handelsfragen. Daher werde ich heute auch ein Gespr\u00e4ch mit der WTO f\u00fchren. Wir machen uns gro\u00dfe Sorgen wegen der Blockade des Appellate Body durch die USA. Wir sehen aber auch, dass wir eine weitergehende Reform der WTO ben\u00f6tigen.<\/p>\n<p>Au\u00dferdem werde ich den Generaldirektor der Weltgesundheitsorganisation Dr. Tedros \u00a0treffen. Die Corona-Epidemie hat uns einmal mehr gezeigt, wie wichtig die Arbeit der WHO ist \u2013 gerade in Notzeiten. Deutschland unterst\u00fctzt die WHO als mit Abstand gr\u00f6\u00dfter Geber des WHO-Nothilfefonds.<br \/>\n&#8220;<br \/>\nReise im Zeichen des Multilateralismus \u2013 Au\u00dfenminister Maas in Genf https:\/\/www.auswaertiges-amt.de\/de\/aussenpolitik\/themen\/menschenrechte\/maas-genf\/2309120<\/p>\n<p>Quelle:ausw\u00e4rtiges-amt.de<\/p>\n","protected":false},"excerpt":{"rendered":"<p>Berlin -Genf: Anl\u00e4sslich seiner Reise nach Genf zum Menschenrechtsrat sagte Au\u00dfenminister Heiko Maas\u00a0 (24.2.): &#8222;Deutsche Au\u00dfenpolitik ist multilaterale Au\u00dfenpolitik. Diese Woche steht besonders in diesem Zeichen. Ich werde heute beim Menschenrechtsrat in Genf sein und vor Ort anschlie\u00dfend ein Treffen der Allianz f\u00fcr den Multilateralismus veranstalten. Morgen werde ich meine Amtskollegen zum Treffen der Stockholm-Initiative [&hellip;]<\/p>\n","protected":false},"author":7,"featured_media":12574,"comment_status":"closed","ping_status":"open","sticky":false,"template":"","format":"standard","meta":{"footnotes":""},"categories":[44],"tags":[3077],"class_list":["post-13274","post","type-post","status-publish","format-standard","has-post-thumbnail","hentry","category-deutschland-2","tag-menschenrechtsrat"],"_links":{"self":[{"href":"https:\/\/www.frankensicht.de\/index.php?rest_route=\/wp\/v2\/posts\/13274","targetHints":{"allow":["GET"]}}],"collection":[{"href":"https:\/\/www.frankensicht.de\/index.php?rest_route=\/wp\/v2\/posts"}],"about":[{"href":"https:\/\/www.frankensicht.de\/index.php?rest_route=\/wp\/v2\/types\/post"}],"author":[{"embeddable":true,"href":"https:\/\/www.frankensicht.de\/index.php?rest_route=\/wp\/v2\/users\/7"}],"replies":[{"embeddable":true,"href":"https:\/\/www.frankensicht.de\/index.php?rest_route=%2Fwp%2Fv2%2Fcomments&post=13274"}],"version-history":[{"count":1,"href":"https:\/\/www.frankensicht.de\/index.php?rest_route=\/wp\/v2\/posts\/13274\/revisions"}],"predecessor-version":[{"id":13275,"href":"https:\/\/www.frankensicht.de\/index.php?rest_route=\/wp\/v2\/posts\/13274\/revisions\/13275"}],"wp:featuredmedia":[{"embeddable":true,"href":"https:\/\/www.frankensicht.de\/index.php?rest_route=\/wp\/v2\/media\/12574"}],"wp:attachment":[{"href":"https:\/\/www.frankensicht.de\/index.php?rest_route=%2Fwp%2Fv2%2Fmedia&parent=13274"}],"wp:term":[{"taxonomy":"category","embeddable":true,"href":"https:\/\/www.frankensicht.de\/index.php?rest_route=%2Fwp%2Fv2%2Fcategories&post=13274"},{"taxonomy":"post_tag","embeddable":true,"href":"https:\/\/www.frankensicht.de\/index.php?rest_route=%2Fwp%2Fv2%2Ftags&post=13274"}],"curies":[{"name":"wp","href":"https:\/\/api.w.org\/{rel}","templated":true}]}}