{"id":13265,"date":"2020-02-21T08:06:17","date_gmt":"2020-02-21T07:06:17","guid":{"rendered":"http:\/\/www.frankensicht.de\/?p=13265"},"modified":"2020-02-21T08:06:17","modified_gmt":"2020-02-21T07:06:17","slug":"peter-altmaier-und-bruno-le-maire-begruessen-die-initiativen-der-europaeischen-kommission-zum-daten-binnenmarkt-und-zur-kuenstlichen-intelligenz","status":"publish","type":"post","link":"https:\/\/www.frankensicht.de\/?p=13265","title":{"rendered":"Peter Altmaier und Bruno Le\u00a0Maire begr\u00fc\u00dfen die Initiativen der Europ\u00e4ischen Kommission zum Daten-Binnenmarkt und zur k\u00fcnstlichen Intelligenz"},"content":{"rendered":"<p>Berlin\u00a0 :<\/p>\n<p>Peter Altmaier und Bruno Le\u00a0Maire begr\u00fc\u00dfen die Initiativen der Europ\u00e4ischen Kommission zum<br \/>\nDaten-Binnenmarkt und zur k\u00fcnstlichen Intelligenz<\/p>\n<p><a href=\"https:\/\/www.frankensicht.de\/?attachment_id=3002\" rel=\"attachment wp-att-3002\"><img loading=\"lazy\" decoding=\"async\" class=\"alignnone size-medium wp-image-3002\" src=\"https:\/\/www.frankensicht.de\/wp-content\/uploads\/2012\/06\/handy-300x225.jpg\" alt=\"\" width=\"300\" height=\"225\" srcset=\"https:\/\/www.frankensicht.de\/wp-content\/uploads\/2012\/06\/handy-300x225.jpg 300w, https:\/\/www.frankensicht.de\/wp-content\/uploads\/2012\/06\/handy.jpg 640w\" sizes=\"auto, (max-width: 300px) 100vw, 300px\" \/><\/a><\/p>\n<p>Der Bundesminister f\u00fcr Wirtschaft und Energie, Peter Altmaier, und Bruno Le Maire, franz\u00f6sischer<br \/>\nMinister f\u00fcr Wirtschaft und Finanzen, begr\u00fc\u00dfen die heute von der Europ\u00e4ischen Kommission<br \/>\nvorgestellten Vorhaben im Bereich des Daten-Binnenmarktes und der k\u00fcnstlichen Intelligenz.<br \/>\nSie begr\u00fc\u00dfen, dass die neue Kommission die Digitalisierung zu einem ihrer Schl\u00fcsselthemen macht.<br \/>\nDabei geht es vor allem um die F\u00f6rderung einer europ\u00e4ischen Datenstrategie.<br \/>\nPeter Altmaier: \u201eDaten sind der Schl\u00fcssel f\u00fcr eine gelingende Digitalisierung der europ\u00e4ischen<br \/>\nWirtschaft und unserer Unternehmen. Es ist ein wichtiges Signal, dass die neue Kommission gleich zu<br \/>\nBeginn ihrer Amtszeit dieses Thema ganz nach oben auf ihre Priorit\u00e4tenliste setzt. Mit unseren<br \/>\ngemeinsamen Initiativen in der Industriepolitik und f\u00fcr eine gemeinsame<br \/>\neurop\u00e4ische\u00a0Dateninfrastruktur unterst\u00fctzen Deutschland und Frankreich diesen Prozess aktiv.\u201c<br \/>\nBruno Le Maire: \u201eDurch die Initiativen der Europ\u00e4ischen Kommission kann Europa seine technologische<br \/>\nSouver\u00e4nit\u00e4t st\u00e4rken und bei der Entwicklung der k\u00fcnstlichen Intelligenz global wettbewerbsf\u00e4hig<br \/>\nsein. Europa muss auf Offenheit und Interoperabilit\u00e4t basierende Technologien entwickeln, mit denen<br \/>\ndie Unternehmen Daten f\u00fcr Innovationen sammeln und nutzen k\u00f6nnen. So wird es den Mitgliedstaaten,<br \/>\ndie dies w\u00fcnschen, auch erm\u00f6glicht, ihre digitalen G\u00fcter besser zu sch\u00fctzen.\u201c<br \/>\nIn ihrem Manifest f\u00fcr eine Industriepolitik f\u00fcr das 21. Jahrhundert, das Deutschland und Frankreich<br \/>\nbereits im Februar 2019 vorgestellt haben, haben beide L\u00e4nder eine verst\u00e4rkte Zusammenarbeit im<br \/>\nBereich der k\u00fcnstlichen Intelligenz auf den Weg gebracht. Altmaier und Le\u00a0Maire werden die<br \/>\ndeutsch-franz\u00f6sische Arbeit zu diesem Thema weiter vorantreiben und der Europ\u00e4ischen Kommission<br \/>\nauch neue Ideen vorschlagen, die ihre heutigen Initiativen erg\u00e4nzen.<\/p>\n<p>https:\/\/www.bmwi.de\/Redaktion\/DE\/Pressemitteilungen\/2020\/20200219-altmaier-le-maire-begruessen-die-initiativen-der-europaeischen-kommission-zum-daten-binnenmarkt.html<\/p>\n<p>Quelle:bmwi.bund.de<\/p>\n","protected":false},"excerpt":{"rendered":"<p>Berlin\u00a0 : Peter Altmaier und Bruno Le\u00a0Maire begr\u00fc\u00dfen die Initiativen der Europ\u00e4ischen Kommission zum Daten-Binnenmarkt und zur k\u00fcnstlichen Intelligenz Der Bundesminister f\u00fcr Wirtschaft und Energie, Peter Altmaier, und Bruno Le Maire, franz\u00f6sischer Minister f\u00fcr Wirtschaft und Finanzen, begr\u00fc\u00dfen die heute von der Europ\u00e4ischen Kommission vorgestellten Vorhaben im Bereich des Daten-Binnenmarktes und der k\u00fcnstlichen Intelligenz. Sie [&hellip;]<\/p>\n","protected":false},"author":7,"featured_media":3002,"comment_status":"closed","ping_status":"open","sticky":false,"template":"","format":"standard","meta":{"footnotes":""},"categories":[44,75,3],"tags":[3073],"class_list":["post-13265","post","type-post","status-publish","format-standard","has-post-thumbnail","hentry","category-deutschland-2","category-europa-2","category-news","tag-datenbinnenmarkt"],"_links":{"self":[{"href":"https:\/\/www.frankensicht.de\/index.php?rest_route=\/wp\/v2\/posts\/13265","targetHints":{"allow":["GET"]}}],"collection":[{"href":"https:\/\/www.frankensicht.de\/index.php?rest_route=\/wp\/v2\/posts"}],"about":[{"href":"https:\/\/www.frankensicht.de\/index.php?rest_route=\/wp\/v2\/types\/post"}],"author":[{"embeddable":true,"href":"https:\/\/www.frankensicht.de\/index.php?rest_route=\/wp\/v2\/users\/7"}],"replies":[{"embeddable":true,"href":"https:\/\/www.frankensicht.de\/index.php?rest_route=%2Fwp%2Fv2%2Fcomments&post=13265"}],"version-history":[{"count":1,"href":"https:\/\/www.frankensicht.de\/index.php?rest_route=\/wp\/v2\/posts\/13265\/revisions"}],"predecessor-version":[{"id":13266,"href":"https:\/\/www.frankensicht.de\/index.php?rest_route=\/wp\/v2\/posts\/13265\/revisions\/13266"}],"wp:featuredmedia":[{"embeddable":true,"href":"https:\/\/www.frankensicht.de\/index.php?rest_route=\/wp\/v2\/media\/3002"}],"wp:attachment":[{"href":"https:\/\/www.frankensicht.de\/index.php?rest_route=%2Fwp%2Fv2%2Fmedia&parent=13265"}],"wp:term":[{"taxonomy":"category","embeddable":true,"href":"https:\/\/www.frankensicht.de\/index.php?rest_route=%2Fwp%2Fv2%2Fcategories&post=13265"},{"taxonomy":"post_tag","embeddable":true,"href":"https:\/\/www.frankensicht.de\/index.php?rest_route=%2Fwp%2Fv2%2Ftags&post=13265"}],"curies":[{"name":"wp","href":"https:\/\/api.w.org\/{rel}","templated":true}]}}