{"id":13194,"date":"2020-01-22T08:37:22","date_gmt":"2020-01-22T07:37:22","guid":{"rendered":"http:\/\/www.frankensicht.de\/?p=13194"},"modified":"2020-01-22T08:37:22","modified_gmt":"2020-01-22T07:37:22","slug":"staatssekretaer-dr-nussbaum-kuenstliche-intelligenz-bietet-fuer-den-handel-ein-enormes-potential","status":"publish","type":"post","link":"https:\/\/www.frankensicht.de\/?p=13194","title":{"rendered":"Staatssekret\u00e4r Dr. Nussbaum: \u201eK\u00fcnstliche Intelligenz bietet f\u00fcr den Handel ein enormes Potential\u201c"},"content":{"rendered":"<p><span style=\"color: #ff0000;\">Berlin:<\/span><\/p>\n<p>Staatssekret\u00e4r Dr. Nussbaum: \u201eK\u00fcnstliche Intelligenz bietet f\u00fcr den Handel ein enormes Potential\u201c<\/p>\n<p>Staatssekret\u00e4r Dr. Ulrich Nussbaum hat heute im Bundesministerium f\u00fcr Wirtschaft und Energie die<br \/>\nStudie \u201ePerspektiven der K\u00fcnstlichen Intelligenz f\u00fcr den Einzelhandel in Deutschland\u201c vorgestellt.<br \/>\nStaatssekret\u00e4r Dr. Nussbaum erkl\u00e4rt dazu: \u201eK\u00fcnstliche Intelligenz bietet f\u00fcr den Handel ein enormes<br \/>\nPotential. Das Spektrum reicht von der Preis- und Sortimentsplanung \u00fcber die Logistik bis hin zum<br \/>\nKontakt mit dem Kunden. Die Studie hat aber auch gezeigt, dass der Einsatz von K\u00fcnstlicher<br \/>\nIntelligenz gerade kleine und mittelst\u00e4ndische H\u00e4ndlerinnen und H\u00e4ndler vor Herausforderungen<br \/>\nstellt. Hier setzt das BMWi z.B. mit dem Mittelstand 4.0-Kompetenzzentrum Handel an. Wir<br \/>\nunterst\u00fctzen Unternehmen mit einem vielf\u00e4ltigen Informationsangebot, damit es ihnen gelingt, die<br \/>\nChancen von Digitalisierung und K\u00fcnstlicher Intelligenz zu nutzen.\u201c<\/p>\n<p><a href=\"https:\/\/www.frankensicht.de\/?attachment_id=13195\" rel=\"attachment wp-att-13195\"><img loading=\"lazy\" decoding=\"async\" class=\"alignnone size-medium wp-image-13195\" src=\"https:\/\/www.frankensicht.de\/wp-content\/uploads\/2020\/01\/P1000484-300x225.jpg\" alt=\"\" width=\"300\" height=\"225\" srcset=\"https:\/\/www.frankensicht.de\/wp-content\/uploads\/2020\/01\/P1000484-300x225.jpg 300w, https:\/\/www.frankensicht.de\/wp-content\/uploads\/2020\/01\/P1000484.jpg 640w\" sizes=\"auto, (max-width: 300px) 100vw, 300px\" \/><\/a><br \/>\nDie Studie betrachtet die aktuellen und voraussichtlich zuk\u00fcnftigen Anwendungsfelder f\u00fcr K\u00fcnstliche<br \/>\nIntelligenz im Einzelhandel. Durchgef\u00fchrt wurde sie von dem Konsortium YOUSE, DFKI und EHI Retail<br \/>\nInstitute. Neben dem klassischen Studienbericht wird ein ver\u00f6ffentlicht, welches konkrete<br \/>\nAnwendungen der K\u00fcnstlichen Intelligenz im Einzelhandel aufzeigt sowie deren Potential f\u00fcr die<br \/>\neinzelnen H\u00e4ndler analysiert. Zus\u00e4tzlich wird eine anschauliche und leicht verst\u00e4ndliche<br \/>\nangeboten, die sich einen ersten \u00dcberblick \u00fcber Handlungsoptionen in Bezug auf K\u00fcnstliche<br \/>\nIntelligenz verschaffen wollen.<br \/>\nDie Studie ist auf der Homepage des BMWi abrufbar.<\/p>\n<p>https:\/\/www.bmwi.de\/Redaktion\/DE\/Pressemitteilungen\/2020\/20200121-kuenstliche-intelligenz-bietet-fuer-handel-enormes-potential.html<\/p>\n<p>Quelle:bmwi.bund.de<\/p>\n","protected":false},"excerpt":{"rendered":"<p>Berlin: Staatssekret\u00e4r Dr. Nussbaum: \u201eK\u00fcnstliche Intelligenz bietet f\u00fcr den Handel ein enormes Potential\u201c Staatssekret\u00e4r Dr. Ulrich Nussbaum hat heute im Bundesministerium f\u00fcr Wirtschaft und Energie die Studie \u201ePerspektiven der K\u00fcnstlichen Intelligenz f\u00fcr den Einzelhandel in Deutschland\u201c vorgestellt. Staatssekret\u00e4r Dr. Nussbaum erkl\u00e4rt dazu: \u201eK\u00fcnstliche Intelligenz bietet f\u00fcr den Handel ein enormes Potential. Das Spektrum reicht von [&hellip;]<\/p>\n","protected":false},"author":7,"featured_media":13195,"comment_status":"closed","ping_status":"open","sticky":false,"template":"","format":"standard","meta":{"footnotes":""},"categories":[44,3],"tags":[2496,3048],"class_list":["post-13194","post","type-post","status-publish","format-standard","has-post-thumbnail","hentry","category-deutschland-2","category-news","tag-ki","tag-ki-um-handel"],"_links":{"self":[{"href":"https:\/\/www.frankensicht.de\/index.php?rest_route=\/wp\/v2\/posts\/13194","targetHints":{"allow":["GET"]}}],"collection":[{"href":"https:\/\/www.frankensicht.de\/index.php?rest_route=\/wp\/v2\/posts"}],"about":[{"href":"https:\/\/www.frankensicht.de\/index.php?rest_route=\/wp\/v2\/types\/post"}],"author":[{"embeddable":true,"href":"https:\/\/www.frankensicht.de\/index.php?rest_route=\/wp\/v2\/users\/7"}],"replies":[{"embeddable":true,"href":"https:\/\/www.frankensicht.de\/index.php?rest_route=%2Fwp%2Fv2%2Fcomments&post=13194"}],"version-history":[{"count":1,"href":"https:\/\/www.frankensicht.de\/index.php?rest_route=\/wp\/v2\/posts\/13194\/revisions"}],"predecessor-version":[{"id":13196,"href":"https:\/\/www.frankensicht.de\/index.php?rest_route=\/wp\/v2\/posts\/13194\/revisions\/13196"}],"wp:featuredmedia":[{"embeddable":true,"href":"https:\/\/www.frankensicht.de\/index.php?rest_route=\/wp\/v2\/media\/13195"}],"wp:attachment":[{"href":"https:\/\/www.frankensicht.de\/index.php?rest_route=%2Fwp%2Fv2%2Fmedia&parent=13194"}],"wp:term":[{"taxonomy":"category","embeddable":true,"href":"https:\/\/www.frankensicht.de\/index.php?rest_route=%2Fwp%2Fv2%2Fcategories&post=13194"},{"taxonomy":"post_tag","embeddable":true,"href":"https:\/\/www.frankensicht.de\/index.php?rest_route=%2Fwp%2Fv2%2Ftags&post=13194"}],"curies":[{"name":"wp","href":"https:\/\/api.w.org\/{rel}","templated":true}]}}