{"id":1291,"date":"2012-05-04T14:49:33","date_gmt":"2012-05-04T12:49:33","guid":{"rendered":"http:\/\/www.frankensicht.de\/?p=1291"},"modified":"2012-05-04T14:49:33","modified_gmt":"2012-05-04T12:49:33","slug":"klimaforschung-mit-dem-luftschiff","status":"publish","type":"post","link":"https:\/\/www.frankensicht.de\/?p=1291","title":{"rendered":"Klimaforschung mit dem Luftschiff"},"content":{"rendered":"<p><span style=\"color: #ff0000;\">Berlin:<\/span><br \/>\nZeppelin NT untersucht Atmosph\u00e4re \u00fcber Europa \/ Mission ist Teil des EU-Gro\u00dfprojektes PEGASOS \/ Schavan: &#8222;Wichtiger Beitrag zum Klimaschutz&#8220;<\/p>\n<div>\n<p>In wenigen Tagen startet der bisher l\u00e4ngste Einsatz des Zeppelins NT f\u00fcr die Klimaforschung. Bundesforschungsministerin Annette Schavan er\u00f6ffnete heute in Friedrichshafen das Projekt gemeinsam mit dem Generaldirektor Forschung und Innovation der Europ\u00e4ischen Kommission, Robert-Jan Smits, und Vertretern der Wissenschaft. Insgesamt zwanzig Wochen wird das Luftschiff quer durch Europa fliegen und die Luftzusammensetzung in den Niederlanden, Italien, \u00fcber der Adria und schlie\u00dflich 2013 \u00fcber Finnland messen. Die von Wissenschaftlern des Forschungszentrums J\u00fclich koordinierten Fl\u00fcge sind Teil des EU-Gro\u00dfforschungsprojekts &#8222;PEGASOS&#8220;, (Pan-European-Gas-AeroSOl-Climate Interaction Study), das von der Europ\u00e4ischen Kommission im siebten Forschungsrahmenprogramm gef\u00f6rdert wird.<\/p>\n<p>&#8222;Das europ\u00e4ische Gro\u00dfprojekt Pegasos und die Forschungsfl\u00fcge des Zeppelins NT leisten einen wichtigen Beitrag f\u00fcr den Klimaschutz und die moderne Nachhaltigkeitsforschung&#8220;, sagte Schavan. &#8222;Die Erforschung und der Schutz des Klimas sind eine Aufgabe, die in nur in internationaler Zusammenarbeit zu bew\u00e4ltigen ist. Pegasos ist ein besonders eindrucksvolles Beispiel f\u00fcr die erfolgreiche Zusammenarbeit in der europ\u00e4ischen Forschungspolitik. Der Zeppelin NT und die Wissenschaftlerinnen und Wissenschaftler vom Forschungszentrum J\u00fclich leisten hierzu einen entscheidenden Beitrag.&#8220; In Deutschland sind au\u00dferdem das Max-Planck-Institut f\u00fcr Chemie in Mainz, das Leibniz-Institut f\u00fcr Troposph\u00e4renforschung in Leipzig und das Helmholtz Zentrum Geesthacht beteiligt.<\/p>\n<p>Klimaforschung ist ein Schwerpunkt der F\u00f6rderpolitik des Bundesforschungsministeriums. Unter dem Motto &#8222;Zukunftsprojekt Erde&#8220; steht das Wissenschaftsjahr 2012 ganz im Zeichen der Forschung f\u00fcr nachhaltige Entwicklungen. Das Klima spielt dabei eine zentrale Rolle.<\/p>\n<p>Die Kampagne mit dem Zeppelin NT will den Einfluss der Atmosph\u00e4renchemie auf den Klimawandeln messen und die entscheidenden Prozesse kl\u00e4ren. Die gewonnenen Erkenntnisse sollen Grundlagen liefern, um EU-weite Ma\u00dfnahmen zur Verbesserung der Luftqualit\u00e4t unter der Ber\u00fccksichtigung ihrer Auswirkungen auf den Klimawandel zu ergreifen. Auch f\u00fcr die weltweite Klimapolitik werden die Untersuchungen zur Verf\u00fcgung stehen, da Projektpartner in die Arbeit des Weltklimarates (IPCC) eingebunden sind.<\/p>\n<p>Bereits zum dritten Mal nutzen Wissenschaftlerinnen und Wissenschaftler aus J\u00fclich den Zeppelin NT als Forschungsplattform &#8211; diesmal erstmals europaweit. In den beiden voran gegangenen Missionen in den Jahren 2007 und 2008 flogen die Klimaforscher mit Unterst\u00fctzung des Bundesforschungsministeriums vorwiegend in der Bodenseeregion und erprobten und entwickelten dabei die jetzige Ausstattung des Zeppelins mit Messger\u00e4ten. Sie wollen damit vor allem zwei Akteure in bodennahen Luftschichten bis 1400 Metern H\u00f6he genauer unter die Lupe nehmen: Hydroxylradikale, die als &#8222;Waschmittel&#8220; der Atmosph\u00e4re dienen, und die Aerosole, also kleine Schwebeteilchen. Daten zu deren Entstehung und ihrer Mitwirkung im Klimageschehen sollen unter anderem Aufschluss \u00fcber die Selbstreinigungskraft der Atmosph\u00e4re geben. Zeppelin NT kann im Gegensatz zu Flugzeugen langsam schweben, in der Luft anhalten, vertikal auf- und absteigen und bis zu 24 Stunden ununterbrochen fliegen. Er<br \/>\ntransportiert bei diesem Projekt \u00fcber eine Tonne schweres Messger\u00e4t und erg\u00e4nzt so Messungen aus Flugzeugen und von fest installierten Bodenstationen in idealer Weise.<\/p>\n<p>Quelle: bmbf.de<\/p>\n<\/div>\n<p>&nbsp;<\/p>\n<p>&nbsp;<\/p>\n","protected":false},"excerpt":{"rendered":"<p>Berlin: Zeppelin NT untersucht Atmosph\u00e4re \u00fcber Europa \/ Mission ist Teil des EU-Gro\u00dfprojektes PEGASOS \/ Schavan: &#8222;Wichtiger Beitrag zum Klimaschutz&#8220; In wenigen Tagen startet der bisher l\u00e4ngste Einsatz des Zeppelins NT f\u00fcr die Klimaforschung. Bundesforschungsministerin Annette Schavan er\u00f6ffnete heute in Friedrichshafen das Projekt gemeinsam mit dem Generaldirektor Forschung und Innovation der Europ\u00e4ischen Kommission, Robert-Jan Smits, [&hellip;]<\/p>\n","protected":false},"author":7,"featured_media":0,"comment_status":"open","ping_status":"open","sticky":false,"template":"","format":"standard","meta":{"footnotes":""},"categories":[334],"tags":[347,348],"class_list":["post-1291","post","type-post","status-publish","format-standard","hentry","category-wissenschaft","tag-klimaforschung","tag-luftschiff"],"_links":{"self":[{"href":"https:\/\/www.frankensicht.de\/index.php?rest_route=\/wp\/v2\/posts\/1291","targetHints":{"allow":["GET"]}}],"collection":[{"href":"https:\/\/www.frankensicht.de\/index.php?rest_route=\/wp\/v2\/posts"}],"about":[{"href":"https:\/\/www.frankensicht.de\/index.php?rest_route=\/wp\/v2\/types\/post"}],"author":[{"embeddable":true,"href":"https:\/\/www.frankensicht.de\/index.php?rest_route=\/wp\/v2\/users\/7"}],"replies":[{"embeddable":true,"href":"https:\/\/www.frankensicht.de\/index.php?rest_route=%2Fwp%2Fv2%2Fcomments&post=1291"}],"version-history":[{"count":0,"href":"https:\/\/www.frankensicht.de\/index.php?rest_route=\/wp\/v2\/posts\/1291\/revisions"}],"wp:attachment":[{"href":"https:\/\/www.frankensicht.de\/index.php?rest_route=%2Fwp%2Fv2%2Fmedia&parent=1291"}],"wp:term":[{"taxonomy":"category","embeddable":true,"href":"https:\/\/www.frankensicht.de\/index.php?rest_route=%2Fwp%2Fv2%2Fcategories&post=1291"},{"taxonomy":"post_tag","embeddable":true,"href":"https:\/\/www.frankensicht.de\/index.php?rest_route=%2Fwp%2Fv2%2Ftags&post=1291"}],"curies":[{"name":"wp","href":"https:\/\/api.w.org\/{rel}","templated":true}]}}