{"id":12898,"date":"2019-09-28T07:58:36","date_gmt":"2019-09-28T05:58:36","guid":{"rendered":"http:\/\/www.frankensicht.de\/?p=12898"},"modified":"2019-09-28T07:58:36","modified_gmt":"2019-09-28T05:58:36","slug":"das-sprachprojekt-hallo-klexi-wir-lernen-deutsch-wird-erweitert","status":"publish","type":"post","link":"https:\/\/www.frankensicht.de\/?p=12898","title":{"rendered":"Das Sprachprojekt \u201eHallo Klexi \u2013 wir lernen Deutsch\u201c wird erweitert"},"content":{"rendered":"<p><span style=\"color: #ff0000;\">M\u00fcnchen &#8211; Bayreuth:<\/span><\/p>\n<p>Kindgerechte Sprachf\u00f6rderung ist Schl\u00fcssel zu gelingender Integration &#8211; Das Sprachprojekt \u201eHallo Klexi \u2013 wir lernen Deutsch\u201c wird erweitert \u2013 Kultusstaatssekret\u00e4rin Anna Stolz: \u201esinnvolle Bereicherung der schulischen Sprachf\u00f6rderung\u201c<\/p>\n<p>Das Sprachprojekt \u201eHallo Klexi \u2013 wir lernen Deutsch\u201c steht nun auch an Kindertageseinrichtungen und Grundschulen in Oberfranken zur Verf\u00fcgung. Nachdem das kindgerechte Lernprogramm bereits in Mittelfranken gro\u00dfen Anklang fand, k\u00f6nnen nun auch die P\u00e4dagogen in Oberfranken auf das kindgerechte Lernprogramm zur\u00fcckgreifen. Staatssekret\u00e4rin Anna Stolz erkl\u00e4rte bei der Auftaktveranstaltung: \u201eSprachkompetenz ist eine Grundvoraussetzung f\u00fcr schulischen Erfolg und f\u00fcr die Teilnahme am gesellschaftlichen und kulturellen Leben. Sie ist der Schl\u00fcssel und der Weg zu einer erfolgreichen Integration.\u201c<\/p>\n<p><a href=\"https:\/\/www.frankensicht.de\/?attachment_id=10702\" rel=\"attachment wp-att-10702\"><img loading=\"lazy\" decoding=\"async\" class=\"alignnone size-medium wp-image-10702\" src=\"https:\/\/www.frankensicht.de\/wp-content\/uploads\/2017\/05\/kartoffelherz-300x225.jpg\" alt=\"\" width=\"300\" height=\"225\" srcset=\"https:\/\/www.frankensicht.de\/wp-content\/uploads\/2017\/05\/kartoffelherz-300x225.jpg 300w, https:\/\/www.frankensicht.de\/wp-content\/uploads\/2017\/05\/kartoffelherz.jpg 640w\" sizes=\"auto, (max-width: 300px) 100vw, 300px\" \/><\/a><\/p>\n<p>Im bayerischen Bildungssystem werden Kinder bei Bedarf bereits vor Beginn der Grundschule gezielt mit dem Vorkurs Deutsch 240 in Kindertageseinrichtungen gef\u00f6rdert. \u201eUnsere Unterst\u00fctzung wird in den Grundschulen mit verschiedenen Programmen wie den DeutschPLUS-Kursen oder den DeutschPLUS-Differenzierungsstunden fortgesetzt, um ein gemeinsames Unterrichten mit deutschsprachigen Gleichaltrigen zu erm\u00f6glichen\u201c, erkl\u00e4rte Anna Stolz, die im Sprachprojekt \u201eHallo Klexi \u2013 wir lernen Deutsch\u201c, eine \u201esinnvolle Bereicherung unserer schulischen Sprachf\u00f6rderung\u201c sieht.<\/p>\n<p>P\u00e4dagogen sind Wegbegleiter und Bezugspersonen<\/p>\n<p>Anna Stolz nutzte die Gelegenheit und bedankte sich bei den Lehrerinnen und Lehrern der Bayreuther Luitpold-Grundschule stellvertretend f\u00fcr alle in der Sprachf\u00f6rderung engagierten P\u00e4dagogen des Freistaates: \u201eMit Ihrem Engagement und Ihrer wertvollen Arbeit sind Sie Wegbegleiter und Bezugsperson, insbesondere \u00a0f\u00fcr Kinder mit nichtdeutscher Muttersprache. Denn je fr\u00fcher Kinder Deutsch lernen, umso schneller er\u00f6ffen sich ihnen die vielf\u00e4ltigsten Zukunftsperspektiven.\u201c<\/p>\n<p>Vom Nutzen des Programms, das bereits jetzt an \u00fcber 3.000 Kindertageseinrichtungen und Grundschulen angeboten wird, konnte sich die Staatssekret\u00e4rin in einer kurzen Vorf\u00fchrung der Kinder aus der Bayreuther katholischen Kindertageseinrichtung St. Hedwig sowie der dortigen Luitpold-Grundschule \u00fcberzeugen.<\/p>\n","protected":false},"excerpt":{"rendered":"<p>M\u00fcnchen &#8211; Bayreuth: Kindgerechte Sprachf\u00f6rderung ist Schl\u00fcssel zu gelingender Integration &#8211; Das Sprachprojekt \u201eHallo Klexi \u2013 wir lernen Deutsch\u201c wird erweitert \u2013 Kultusstaatssekret\u00e4rin Anna Stolz: \u201esinnvolle Bereicherung der schulischen Sprachf\u00f6rderung\u201c Das Sprachprojekt \u201eHallo Klexi \u2013 wir lernen Deutsch\u201c steht nun auch an Kindertageseinrichtungen und Grundschulen in Oberfranken zur Verf\u00fcgung. Nachdem das kindgerechte Lernprogramm bereits in [&hellip;]<\/p>\n","protected":false},"author":7,"featured_media":10702,"comment_status":"closed","ping_status":"open","sticky":false,"template":"","format":"standard","meta":{"footnotes":""},"categories":[78,96,13,83],"tags":[2951],"class_list":["post-12898","post","type-post","status-publish","format-standard","has-post-thumbnail","hentry","category-bayern","category-bayreuth-oberfranken","category-musik","category-oberfranken","tag-hallo-klexi"],"_links":{"self":[{"href":"https:\/\/www.frankensicht.de\/index.php?rest_route=\/wp\/v2\/posts\/12898","targetHints":{"allow":["GET"]}}],"collection":[{"href":"https:\/\/www.frankensicht.de\/index.php?rest_route=\/wp\/v2\/posts"}],"about":[{"href":"https:\/\/www.frankensicht.de\/index.php?rest_route=\/wp\/v2\/types\/post"}],"author":[{"embeddable":true,"href":"https:\/\/www.frankensicht.de\/index.php?rest_route=\/wp\/v2\/users\/7"}],"replies":[{"embeddable":true,"href":"https:\/\/www.frankensicht.de\/index.php?rest_route=%2Fwp%2Fv2%2Fcomments&post=12898"}],"version-history":[{"count":2,"href":"https:\/\/www.frankensicht.de\/index.php?rest_route=\/wp\/v2\/posts\/12898\/revisions"}],"predecessor-version":[{"id":12900,"href":"https:\/\/www.frankensicht.de\/index.php?rest_route=\/wp\/v2\/posts\/12898\/revisions\/12900"}],"wp:featuredmedia":[{"embeddable":true,"href":"https:\/\/www.frankensicht.de\/index.php?rest_route=\/wp\/v2\/media\/10702"}],"wp:attachment":[{"href":"https:\/\/www.frankensicht.de\/index.php?rest_route=%2Fwp%2Fv2%2Fmedia&parent=12898"}],"wp:term":[{"taxonomy":"category","embeddable":true,"href":"https:\/\/www.frankensicht.de\/index.php?rest_route=%2Fwp%2Fv2%2Fcategories&post=12898"},{"taxonomy":"post_tag","embeddable":true,"href":"https:\/\/www.frankensicht.de\/index.php?rest_route=%2Fwp%2Fv2%2Ftags&post=12898"}],"curies":[{"name":"wp","href":"https:\/\/api.w.org\/{rel}","templated":true}]}}