{"id":12863,"date":"2019-09-16T08:16:12","date_gmt":"2019-09-16T06:16:12","guid":{"rendered":"http:\/\/www.frankensicht.de\/?p=12863"},"modified":"2019-09-16T08:16:12","modified_gmt":"2019-09-16T06:16:12","slug":"zum-angriff-auf-oelanlagen-in-saudi-arabien-sagte-eine-sprecherin-des-auswaertigen-amts-heute","status":"publish","type":"post","link":"https:\/\/www.frankensicht.de\/?p=12863","title":{"rendered":"Zum Angriff auf \u00d6lanlagen in Saudi-Arabien sagte eine Sprecherin des Ausw\u00e4rtigen Amts heute\u00a0"},"content":{"rendered":"<p><span style=\"color: #ff0000;\">Berlin:<\/span><\/p>\n<p>Zum Angriff auf \u00d6lanlagen in Saudi-Arabien sagte eine Sprecherin des Ausw\u00e4rtigen Amts heute<\/p>\n<p>\u201eDeutschland verurteilt den Angriff vom 14. September auf zwei \u00d6lanlagen in Khurais und Abqaiq, f\u00fcr den die Huthis die Verantwortung \u00fcbernommen haben, auf das Sch\u00e4rfste. Ein solcher Angriff auf zivile und kritische Infrastruktur Saudi-Arabiens ist durch nichts zu rechtfertigen. Er versch\u00e4rft die Spannungen und ist das Gegenteil von Deeskalation, die wir in der Region so dringend brauchen. Wir rufen die Verantwortlichen dringend dazu auf, solche Angriffe zu unterlassen.&#8220;<\/p>\n<p><a href=\"https:\/\/www.frankensicht.de\/?attachment_id=11996\" rel=\"attachment wp-att-11996\"><img loading=\"lazy\" decoding=\"async\" class=\"alignnone size-medium wp-image-11996\" src=\"https:\/\/www.frankensicht.de\/wp-content\/uploads\/2018\/10\/greif2-300x225.jpg\" alt=\"\" width=\"300\" height=\"225\" srcset=\"https:\/\/www.frankensicht.de\/wp-content\/uploads\/2018\/10\/greif2-300x225.jpg 300w, https:\/\/www.frankensicht.de\/wp-content\/uploads\/2018\/10\/greif2.jpg 640w\" sizes=\"auto, (max-width: 300px) 100vw, 300px\" \/><\/a><\/p>\n<p>Quelle: auswaertiges-amt.de<\/p>\n<p>Bemerkung: Herzlich lachen !<\/p>\n","protected":false},"excerpt":{"rendered":"<p>Berlin: Zum Angriff auf \u00d6lanlagen in Saudi-Arabien sagte eine Sprecherin des Ausw\u00e4rtigen Amts heute \u201eDeutschland verurteilt den Angriff vom 14. September auf zwei \u00d6lanlagen in Khurais und Abqaiq, f\u00fcr den die Huthis die Verantwortung \u00fcbernommen haben, auf das Sch\u00e4rfste. Ein solcher Angriff auf zivile und kritische Infrastruktur Saudi-Arabiens ist durch nichts zu rechtfertigen. Er versch\u00e4rft [&hellip;]<\/p>\n","protected":false},"author":7,"featured_media":11996,"comment_status":"closed","ping_status":"open","sticky":false,"template":"","format":"standard","meta":{"footnotes":""},"categories":[3,30],"tags":[2941],"class_list":["post-12863","post","type-post","status-publish","format-standard","has-post-thumbnail","hentry","category-news","category-welt","tag-saudi-arabien"],"_links":{"self":[{"href":"https:\/\/www.frankensicht.de\/index.php?rest_route=\/wp\/v2\/posts\/12863","targetHints":{"allow":["GET"]}}],"collection":[{"href":"https:\/\/www.frankensicht.de\/index.php?rest_route=\/wp\/v2\/posts"}],"about":[{"href":"https:\/\/www.frankensicht.de\/index.php?rest_route=\/wp\/v2\/types\/post"}],"author":[{"embeddable":true,"href":"https:\/\/www.frankensicht.de\/index.php?rest_route=\/wp\/v2\/users\/7"}],"replies":[{"embeddable":true,"href":"https:\/\/www.frankensicht.de\/index.php?rest_route=%2Fwp%2Fv2%2Fcomments&post=12863"}],"version-history":[{"count":1,"href":"https:\/\/www.frankensicht.de\/index.php?rest_route=\/wp\/v2\/posts\/12863\/revisions"}],"predecessor-version":[{"id":12864,"href":"https:\/\/www.frankensicht.de\/index.php?rest_route=\/wp\/v2\/posts\/12863\/revisions\/12864"}],"wp:featuredmedia":[{"embeddable":true,"href":"https:\/\/www.frankensicht.de\/index.php?rest_route=\/wp\/v2\/media\/11996"}],"wp:attachment":[{"href":"https:\/\/www.frankensicht.de\/index.php?rest_route=%2Fwp%2Fv2%2Fmedia&parent=12863"}],"wp:term":[{"taxonomy":"category","embeddable":true,"href":"https:\/\/www.frankensicht.de\/index.php?rest_route=%2Fwp%2Fv2%2Fcategories&post=12863"},{"taxonomy":"post_tag","embeddable":true,"href":"https:\/\/www.frankensicht.de\/index.php?rest_route=%2Fwp%2Fv2%2Ftags&post=12863"}],"curies":[{"name":"wp","href":"https:\/\/api.w.org\/{rel}","templated":true}]}}