{"id":12852,"date":"2019-09-11T08:02:02","date_gmt":"2019-09-11T06:02:02","guid":{"rendered":"http:\/\/www.frankensicht.de\/?p=12852"},"modified":"2019-09-11T08:02:02","modified_gmt":"2019-09-11T06:02:02","slug":"industrie-verbindet-bundesweite-woche-der-industrie-vom-9-bis-24-september-2019","status":"publish","type":"post","link":"https:\/\/www.frankensicht.de\/?p=12852","title":{"rendered":"\u201eIndustrie verbindet \u2013 Bundesweite Woche der Industrie\u201c vom 9. bis 24. September 2019"},"content":{"rendered":"<p><span style=\"color: #ff0000;\">Berlin:<\/span><\/p>\n<p>\u201eIndustrie verbindet \u2013 Bundesweite Woche der Industrie\u201c vom 9. bis 24. September 2019<\/p>\n<p>Unter dem Motto \u201e#Industrieverbindet\u201c startet am 9. September die bundesweite Woche der Industrie.<br \/>\nBis zum 24. September k\u00f6nnen deutschlandweit Besucher mit den Akteuren der Industrie ins Gespr\u00e4ch<br \/>\nkommen. Themen sind die Zukunft der Industrie und die anstehenden Herausforderungen.<\/p>\n<p>Unternehmen, Gewerkschaften, Betriebsr\u00e4te, Kammern, Verb\u00e4nde sowie regionale und lokale<br \/>\nIndustrieinitiativen beteiligen sich mit zahlreichen Aktivit\u00e4ten an der Woche der Industrie. Die<br \/>\nVeranstaltungen zeigen den Besuchern die Innovationskraft und die Bedeutung der Industrie f\u00fcr unser<br \/>\nLand. Die Teilnehmer erhalten auch die M\u00f6glichkeit, sich aktiv an der Diskussion \u00fcber die Nationale<br \/>\nIndustriestrategie 2030 zu beteiligen.<\/p>\n<p><a href=\"https:\/\/www.frankensicht.de\/?attachment_id=9616\" rel=\"attachment wp-att-9616\"><img loading=\"lazy\" decoding=\"async\" class=\"alignnone size-medium wp-image-9616\" src=\"https:\/\/www.frankensicht.de\/wp-content\/uploads\/2016\/05\/P1000484-300x225.jpg\" alt=\"\" width=\"300\" height=\"225\" srcset=\"https:\/\/www.frankensicht.de\/wp-content\/uploads\/2016\/05\/P1000484-300x225.jpg 300w, https:\/\/www.frankensicht.de\/wp-content\/uploads\/2016\/05\/P1000484.jpg 640w\" sizes=\"auto, (max-width: 300px) 100vw, 300px\" \/><\/a><\/p>\n<p>Den Auftakt der Woche der Industrie bildet der \u201eFuture Day\u201c am 9. September 2019 auf dem<br \/>\nMercedes-Benz-Platz in Berlin. Erwartet werden rund 200 Auszubildende aus Industriebetrieben,<br \/>\nAusbildungszentren und Berufsschulen in Berlin und Brandenburg. Den Abschluss der Woche der<br \/>\nIndustrie bildet die Industriekonferenz am 24. September 2019 in Berlin.<\/p>\n<p>Staatssekret\u00e4r Ulrich Nussbaum, Bundesministerium f\u00fcr Wirtschaft und Energie:<\/p>\n<p>\u201eAngesichts der tiefgreifenden weltwirtschaftlichen Ver\u00e4nderungen m\u00fcssen wir dar\u00fcber diskutieren,<br \/>\nwie die Industrie auch in Zukunft eine starke S\u00e4ule der deutschen Wirtschaft bleibt. Die Woche der<br \/>\nIndustrie bietet einen guten Rahmen f\u00fcr den bundesweiten Dialog mit B\u00fcrgerinnen und B\u00fcrgern, mit<br \/>\nUnternehmern und Besch\u00e4ftigten, Vertretern der Sozialpartner, mit jungen Menschen in Schule und<br \/>\nAusbildung und mit den Partnern der beruflichen Bildung. Wir m\u00f6chten dar\u00fcber ins Gespr\u00e4ch kommen,<br \/>\nwie wir Wohlstand und Arbeitspl\u00e4tze der Zukunft in Deutschland und Europa sichern und ausgestalten<br \/>\nk\u00f6nnen.\u201c<\/p>\n<p>Hauptgesch\u00e4ftsf\u00fchrer Joachim Lang, Bundesverband der Deutschen Industrie (BDI):<\/p>\n<p>\u201eInternationalit\u00e4t, Innovationen und Industrie sorgen f\u00fcr nachhaltiges Wachstum und Wohlstand.<br \/>\nUnsere Unternehmen sind die Ausr\u00fcster der Weltwirtschaft, deren moderne, ressourcensparenden<br \/>\nTechnologien und Maschinen \u00fcberall auf der Welt gekauft und eingesetzt werden. Die jungen Leute,<br \/>\ndie am Future Day teilnehmen, werden die Herausforderungen von morgen bew\u00e4ltigen. Sie werden mit<br \/>\nKreativit\u00e4t, Engagement und Qualifikation daran arbeiten, dass sich durch Produkte Made in Germany<br \/>\nin einer immer st\u00e4rker vernetzten Wirtschaft die Zukunftsperspektiven weltweit verbessern.\u201c<\/p>\n<p>Wolfgang Lemb, gesch\u00e4ftsf\u00fchrendes Vorstandsmitglied der IG Metall:<\/p>\n<p>\u201eIndustrie schafft Zukunft. Ohne sie gibt es keine Windr\u00e4der, keine E-Autos, keine Strom- und<br \/>\nHandynetze, keine Computertomographen, keine Maschinen f\u00fcr innovative Produkte. Industrie schafft<br \/>\nSicherheit &#8211; mit Millionen Arbeitspl\u00e4tzen und guten und tariflich geregelten Bedingungen. Industrie<br \/>\nbraucht aber auch eine strategische Ausrichtung f\u00fcr die Zukunft &#8211; f\u00fcr gro\u00dfe und kleine Standorte.<br \/>\nUnd Industrie braucht junge Leute, die hier spannende Berufe erlernen k\u00f6nnen. Die Zukunft der<br \/>\nIndustrie zu gestalten geht aber nur, wenn die gro\u00dfen Ver\u00e4nderungen, die jetzt n\u00f6tig sind bei<br \/>\nProdukten, Verfahren oder Dienstleistungen, von den Belegschaften und der ganzen Gesellschaft<br \/>\nmitgetragen werden. Deshalb machen wir mit bei der Woche der Industrie\u201c.<\/p>\n<p>Tr\u00e4ger der Woche der Industrie 2019 ist das B\u00fcndnis \u201eZukunft der Industrie\u201c, in dem 17 Partner aus<br \/>\nGewerkschaften, Industrie- und Arbeitgeberverb\u00e4nden, der Deutschen Industrie und Handelskammer<br \/>\nsowie das Bundesministerium f\u00fcr Wirtschaft und Energie seit dem Jahr 2015 zusammenarbeiten.<\/p>\n<p>https:\/\/www.bmwi.de\/Redaktion\/DE\/Pressemitteilungen\/2019\/20190909-industrie-verbindet-bundesweite-woche-der-industrie.html<\/p>\n<p>Quelle: bmwi.bund.de<\/p>\n","protected":false},"excerpt":{"rendered":"<p>Berlin: \u201eIndustrie verbindet \u2013 Bundesweite Woche der Industrie\u201c vom 9. bis 24. September 2019 Unter dem Motto \u201e#Industrieverbindet\u201c startet am 9. September die bundesweite Woche der Industrie. Bis zum 24. September k\u00f6nnen deutschlandweit Besucher mit den Akteuren der Industrie ins Gespr\u00e4ch kommen. Themen sind die Zukunft der Industrie und die anstehenden Herausforderungen. Unternehmen, Gewerkschaften, Betriebsr\u00e4te, [&hellip;]<\/p>\n","protected":false},"author":7,"featured_media":9616,"comment_status":"closed","ping_status":"open","sticky":false,"template":"","format":"standard","meta":{"footnotes":""},"categories":[44,3],"tags":[2936],"class_list":["post-12852","post","type-post","status-publish","format-standard","has-post-thumbnail","hentry","category-deutschland-2","category-news","tag-industrieverbindet"],"_links":{"self":[{"href":"https:\/\/www.frankensicht.de\/index.php?rest_route=\/wp\/v2\/posts\/12852","targetHints":{"allow":["GET"]}}],"collection":[{"href":"https:\/\/www.frankensicht.de\/index.php?rest_route=\/wp\/v2\/posts"}],"about":[{"href":"https:\/\/www.frankensicht.de\/index.php?rest_route=\/wp\/v2\/types\/post"}],"author":[{"embeddable":true,"href":"https:\/\/www.frankensicht.de\/index.php?rest_route=\/wp\/v2\/users\/7"}],"replies":[{"embeddable":true,"href":"https:\/\/www.frankensicht.de\/index.php?rest_route=%2Fwp%2Fv2%2Fcomments&post=12852"}],"version-history":[{"count":1,"href":"https:\/\/www.frankensicht.de\/index.php?rest_route=\/wp\/v2\/posts\/12852\/revisions"}],"predecessor-version":[{"id":12853,"href":"https:\/\/www.frankensicht.de\/index.php?rest_route=\/wp\/v2\/posts\/12852\/revisions\/12853"}],"wp:featuredmedia":[{"embeddable":true,"href":"https:\/\/www.frankensicht.de\/index.php?rest_route=\/wp\/v2\/media\/9616"}],"wp:attachment":[{"href":"https:\/\/www.frankensicht.de\/index.php?rest_route=%2Fwp%2Fv2%2Fmedia&parent=12852"}],"wp:term":[{"taxonomy":"category","embeddable":true,"href":"https:\/\/www.frankensicht.de\/index.php?rest_route=%2Fwp%2Fv2%2Fcategories&post=12852"},{"taxonomy":"post_tag","embeddable":true,"href":"https:\/\/www.frankensicht.de\/index.php?rest_route=%2Fwp%2Fv2%2Ftags&post=12852"}],"curies":[{"name":"wp","href":"https:\/\/api.w.org\/{rel}","templated":true}]}}