{"id":12815,"date":"2019-08-26T08:34:23","date_gmt":"2019-08-26T06:34:23","guid":{"rendered":"http:\/\/www.frankensicht.de\/?p=12815"},"modified":"2019-08-28T08:04:03","modified_gmt":"2019-08-28T06:04:03","slug":"deutsch-tuerkische-konferenz-zu-kuenstlicher-intelligenz-im-bmwi","status":"publish","type":"post","link":"https:\/\/www.frankensicht.de\/?p=12815","title":{"rendered":"Deutsch-T\u00fcrkische Konferenz zu K\u00fcnstlicher Intelligenz im BMWi"},"content":{"rendered":"<p><span style=\"color: #ff0000;\">Berlin:<\/span><\/p>\n<p>Deutsch-T\u00fcrkische Konferenz zu K\u00fcnstlicher Intelligenz im BMWi<\/p>\n<p>Auf Einladung und im Beisein von Bundesminister Peter Altmaier und dem Minister f\u00fcr Industrie und<br \/>\nTechnologie der Republik T\u00fcrkei, Mustafa Varank, findet heute im Bundesministerium f\u00fcr Wirtschaft<br \/>\nund Energie in Berlin die Deutsch-T\u00fcrkische Konferenz zu K\u00fcnstlicher Intelligenz statt. Bei der<br \/>\nVeranstaltung tauschen sich hochrangige Vertreterinnen und Vertreter aus Wirtschaft und<br \/>\nWissenschaft \u00fcber das wirtschaftliche Potenzial K\u00fcnstlicher Intelligenz in der unternehmerischen<br \/>\nPraxis sowie zu den Themen Industrie 4.0 und digitale Transformation aus.<\/p>\n<p><a href=\"https:\/\/www.frankensicht.de\/?attachment_id=11996\" rel=\"attachment wp-att-11996\"><img loading=\"lazy\" decoding=\"async\" class=\"alignnone size-medium wp-image-11996\" src=\"https:\/\/www.frankensicht.de\/wp-content\/uploads\/2018\/10\/greif2-300x225.jpg\" alt=\"\" width=\"300\" height=\"225\" srcset=\"https:\/\/www.frankensicht.de\/wp-content\/uploads\/2018\/10\/greif2-300x225.jpg 300w, https:\/\/www.frankensicht.de\/wp-content\/uploads\/2018\/10\/greif2.jpg 640w\" sizes=\"auto, (max-width: 300px) 100vw, 300px\" \/><\/a><br \/>\nBundeswirtschaftsminister Altmaier: \u201eK\u00fcnstliche Intelligenz wird das Leben rund um den Globus<br \/>\nver\u00e4ndern: wie wir produzieren und arbeiten, kommunizieren und konsumieren. Gleichzeitig haben die<br \/>\nInnovationen der Industrie 4.0 schon jetzt Auswirkungen auf die Wertsch\u00f6pfung und auf<br \/>\ngrenz\u00fcberschreitende Wertsch\u00f6pfungsketten. Um die digitale Transformation der Wirtschaft<br \/>\nerfolgreich voranzutreiben, ist daher die internationale Zusammenarbeit zentral \u2013 zum Beispiel,<br \/>\nwenn es um den Austausch von Daten oder einheitliche Normen und Standards geht. Deshalb freue ich<br \/>\nmich, dass wir dieses Thema heute auch als wichtiges Handlungsfeld f\u00fcr die deutsch-t\u00fcrkischen<br \/>\nWirtschaftsbeziehungen diskutieren.\u201c<br \/>\nAusgew\u00e4hlte G\u00e4ste beider Seiten aus den Bereichen KI, Industrie 4.0 und digitale Transformation<br \/>\ntreffen heute bei einem Business-Roundtable, geleitet durch den Parlamentarischen Staatssekret\u00e4r<br \/>\nOliver Wittke, zusammen. Impulsvortr\u00e4ge geben Einblicke in die wirtschaftspolitische Gestaltung und<br \/>\nindustrielle Anwendung von KI. Es wird einen Austausch zu neuen Gesch\u00e4ftsmodellen, der<br \/>\nQualifizierung in Zeiten von Industrie 4.0 und internationale Kooperationsm\u00f6glichkeiten geben.<br \/>\nMinister Altmaier und Minister Varank hatten sich im vergangenen Herbst w\u00e4hrend einer<br \/>\nDelegationsreise des Bundesministers nach Ankara verst\u00e4ndigt, die deutsch-t\u00fcrkischen<br \/>\nWirtschaftsbeziehungen\u00a0 gemeinsam weiterzuentwickeln. Dazu geh\u00f6rt auch ein vertiefter Austausch zu<br \/>\nden wirtschaftlichen Potenzialen der K\u00fcnstlichen Intelligenz. Im November 2018 verabschiedete die<br \/>\nBundesregierung ihre nationale Strategie K\u00fcnstliche Intelligenz.<\/p>\n<p>https:\/\/www.bmwi.de\/Redaktion\/DE\/Pressemitteilungen\/2019\/20190822-deutsch-tuerkische-konferenz-zu-kuenstlicher-intelligenz.html<\/p>\n<p>Quelle:bmwi.bund.de<\/p>\n<p>Anmerkung der Redaktion: so werden Steuergelder verschwendet! Die T\u00fcrkei hat kein Interesse an K Intelligenz sie haben doch Erdogan!<\/p>\n","protected":false},"excerpt":{"rendered":"<p>Berlin: Deutsch-T\u00fcrkische Konferenz zu K\u00fcnstlicher Intelligenz im BMWi Auf Einladung und im Beisein von Bundesminister Peter Altmaier und dem Minister f\u00fcr Industrie und Technologie der Republik T\u00fcrkei, Mustafa Varank, findet heute im Bundesministerium f\u00fcr Wirtschaft und Energie in Berlin die Deutsch-T\u00fcrkische Konferenz zu K\u00fcnstlicher Intelligenz statt. Bei der Veranstaltung tauschen sich hochrangige Vertreterinnen und Vertreter [&hellip;]<\/p>\n","protected":false},"author":7,"featured_media":11996,"comment_status":"closed","ping_status":"open","sticky":false,"template":"","format":"standard","meta":{"footnotes":""},"categories":[44,3],"tags":[2496],"class_list":["post-12815","post","type-post","status-publish","format-standard","has-post-thumbnail","hentry","category-deutschland-2","category-news","tag-ki"],"_links":{"self":[{"href":"https:\/\/www.frankensicht.de\/index.php?rest_route=\/wp\/v2\/posts\/12815","targetHints":{"allow":["GET"]}}],"collection":[{"href":"https:\/\/www.frankensicht.de\/index.php?rest_route=\/wp\/v2\/posts"}],"about":[{"href":"https:\/\/www.frankensicht.de\/index.php?rest_route=\/wp\/v2\/types\/post"}],"author":[{"embeddable":true,"href":"https:\/\/www.frankensicht.de\/index.php?rest_route=\/wp\/v2\/users\/7"}],"replies":[{"embeddable":true,"href":"https:\/\/www.frankensicht.de\/index.php?rest_route=%2Fwp%2Fv2%2Fcomments&post=12815"}],"version-history":[{"count":2,"href":"https:\/\/www.frankensicht.de\/index.php?rest_route=\/wp\/v2\/posts\/12815\/revisions"}],"predecessor-version":[{"id":12821,"href":"https:\/\/www.frankensicht.de\/index.php?rest_route=\/wp\/v2\/posts\/12815\/revisions\/12821"}],"wp:featuredmedia":[{"embeddable":true,"href":"https:\/\/www.frankensicht.de\/index.php?rest_route=\/wp\/v2\/media\/11996"}],"wp:attachment":[{"href":"https:\/\/www.frankensicht.de\/index.php?rest_route=%2Fwp%2Fv2%2Fmedia&parent=12815"}],"wp:term":[{"taxonomy":"category","embeddable":true,"href":"https:\/\/www.frankensicht.de\/index.php?rest_route=%2Fwp%2Fv2%2Fcategories&post=12815"},{"taxonomy":"post_tag","embeddable":true,"href":"https:\/\/www.frankensicht.de\/index.php?rest_route=%2Fwp%2Fv2%2Ftags&post=12815"}],"curies":[{"name":"wp","href":"https:\/\/api.w.org\/{rel}","templated":true}]}}