{"id":12808,"date":"2019-08-23T08:04:30","date_gmt":"2019-08-23T06:04:30","guid":{"rendered":"http:\/\/www.frankensicht.de\/?p=12808"},"modified":"2019-08-23T08:04:30","modified_gmt":"2019-08-23T06:04:30","slug":"reise-zur-staerkung-der-handelsbeziehungen-parlamentarischer-staatsekretaer-in-vietnam","status":"publish","type":"post","link":"https:\/\/www.frankensicht.de\/?p=12808","title":{"rendered":"Reise zur St\u00e4rkung der Handelsbeziehungen \u2013 Parlamentarischer Staatsekret\u00e4r in Vietnam"},"content":{"rendered":"<p><span style=\"color: #ff0000;\">Berlin &#8211; Ho-Chi-Minh Stadt:<\/span><\/p>\n<p>Reise zur St\u00e4rkung der Handelsbeziehungen \u2013 Parlamentarischer Staatsekret\u00e4r in Vietnam<\/p>\n<p>Der Parlamentarische Staatssekret\u00e4r bei der Bundesministerin f\u00fcr Ern\u00e4hrung und Landwirtschaft, Hans-Joachim Fuchtel, reist vom 21. bis 24.08.2019 zu Gespr\u00e4chen nach Vietnam. Begleitet wird er von einer hochrangigen Delegation aus Vertretern der deutschen Agrar- und Ern\u00e4hrungswirtschaft. Nach seinem Aufenthalt in Vietnam wird er seine Reise nach China und in die Mongolei fortsetzen.<\/p>\n<p>Anlass der Reise nach Vietnam ist der Ausbau der Handelsbeziehungen.<br \/>\n\u201eAngesichts der dynamischen Bev\u00f6lkerungsstruktur und einer wachsenden Mittelschicht sehe ich in Vietnam einen interessanten Absatzmarkt f\u00fcr die deutsche Agrar- und Ern\u00e4hrungswirtschaft. Gleichzeitig besteht aber auch in Deutschland eine hohe Nachfrage nach vietnamesischen Produkten. Das k\u00fcrzlich unterzeichnete Freihandelsabkommen der EU mit Vietnam wird auch die bilateralen Handelsbeziehungen weiter vertiefen und unseren Unternehmen neue Chancen bieten. Gleicherma\u00dfen von Bedeutung ist dabei auch die durch das Abkommen vorgegebene Umsetzung der Kernarbeitsnormen der Internationalen Arbeitsorganisation ILO. Dazu werde ich mich mit Vertretern der Regierung und Wirtschaft in Ho-Chi-Minh Stadt sowie Hanoi austauschen\u201c, so der Parlamentarische Staatssekret\u00e4r.<\/p>\n<p><a href=\"https:\/\/www.frankensicht.de\/?attachment_id=12812\" rel=\"attachment wp-att-12812\"><img loading=\"lazy\" decoding=\"async\" class=\"alignnone size-medium wp-image-12812\" src=\"https:\/\/www.frankensicht.de\/wp-content\/uploads\/2019\/08\/vietnam-300x200.png\" alt=\"\" width=\"300\" height=\"200\" srcset=\"https:\/\/www.frankensicht.de\/wp-content\/uploads\/2019\/08\/vietnam-300x200.png 300w, https:\/\/www.frankensicht.de\/wp-content\/uploads\/2019\/08\/vietnam-768x512.png 768w, https:\/\/www.frankensicht.de\/wp-content\/uploads\/2019\/08\/vietnam-1024x682.png 1024w, https:\/\/www.frankensicht.de\/wp-content\/uploads\/2019\/08\/vietnam-220x146.png 220w, https:\/\/www.frankensicht.de\/wp-content\/uploads\/2019\/08\/vietnam.png 2000w\" sizes=\"auto, (max-width: 300px) 100vw, 300px\" \/><\/a><\/p>\n<p>Stationen auf der Reise<br \/>\nIn Ho-Chi-Minh Stadt trifft sich der Parlamentarische Staatssekret\u00e4r Fuchtel u. a. mit Vertretern deutscher und vietnamesischer Unternehmen der Agrar- und Ern\u00e4hrungswirtschaft sowie der Europ\u00e4ischen Handelskammer in Vietnam. Im Mittelpunkt der Gespr\u00e4che stehen die sich bietenden Chancen f\u00fcr deutsche Unternehmen durch das Freihandelsabkommen der EU mit Vietnam.<\/p>\n<p>In Hanoi stehen insbesondere politische Gespr\u00e4che im Mittelpunkt des Programms. Gespr\u00e4chsthemen werden unter anderem Veterin\u00e4rangelegenheiten als Voraussetzung f\u00fcr den Handel sein.<\/p>\n<p>Hintergrund:<\/p>\n<p>\u2022 Deutschland ist mit einem Handelsvolumen von 13,8 Mrd. \u20ac (2018) innerhalb der EU der wichtigste Handelspartner f\u00fcr Vietnam bei einem betr\u00e4chtlichen Handelsbilanz\u00fcberschuss zugunsten Vietnams (Importe nach Deutschland ca. 9,8 Mrd. \u20ac, Exporte aus Deutschland ca. 4,1 Mrd. \u20ac).<\/p>\n<p>\u2022 Der bilaterale Agrarhandel betrug 2018 rund 1,1 Mrd. \u20ac, wobei Deutschland mit Importen aus Vietnam in H\u00f6he von 929 Mio. \u20ac (v.a. Kaffee, Schalen- und Trockenfr\u00fcchte, Fische und Fischzubereitungen) und deutschen Exporten nach Vietnam mit lediglich 152 Mio. \u20ac (v.a. Fleisch und Fleischwaren, Backwaren, Milch und Milcherzeugnisse) ein deutliches Handelsbilanzdefizit gegen\u00fcber Vietnam aufweist.<\/p>\n<p>\u2022 Das am 30. Juni 2019 geschlossene Freihandelsabkommen EU-Vietnam mit Investitionsschutzabkommen sieht eine Beseitigung fast aller Z\u00f6lle (\u00fcber 99%) vor und wird den bilateralen Handelsbeziehungen auch im Agrar- und Ern\u00e4hrungsbereich eine neue Dynamik geben.<\/p>\n<p>\u2022 Die vertrauensvolle bilaterale Zusammenarbeit des Bundesministeriums f\u00fcr Ern\u00e4hrung und Landwirtschaft (BMEL) mit vietnamesischen Partnern ist f\u00fcr Exporteure der deutschen Agrar- und Ern\u00e4hrungswirtschaft von hoher Relevanz.<\/p>\n<p>\u2022 Das BMEL beteiligt sich sowohl im In- als auch im Ausland mit eigenen Messeauftritten an einer Vielzahl nationaler und internationaler Leitmessen, in Vietnam z.B. zuletzt an der internationalen Lebensmittelmesse Food &amp; Hotel Vietnam vom 24. \u2013 26. April 2019 in Ho-Chi-Minh Stadt.<\/p>\n<p>Quelle: bmel.bund.de<\/p>\n","protected":false},"excerpt":{"rendered":"<p>Berlin &#8211; Ho-Chi-Minh Stadt: Reise zur St\u00e4rkung der Handelsbeziehungen \u2013 Parlamentarischer Staatsekret\u00e4r in Vietnam Der Parlamentarische Staatssekret\u00e4r bei der Bundesministerin f\u00fcr Ern\u00e4hrung und Landwirtschaft, Hans-Joachim Fuchtel, reist vom 21. bis 24.08.2019 zu Gespr\u00e4chen nach Vietnam. Begleitet wird er von einer hochrangigen Delegation aus Vertretern der deutschen Agrar- und Ern\u00e4hrungswirtschaft. Nach seinem Aufenthalt in Vietnam wird [&hellip;]<\/p>\n","protected":false},"author":7,"featured_media":12812,"comment_status":"closed","ping_status":"open","sticky":false,"template":"","format":"standard","meta":{"footnotes":""},"categories":[44,3,30,16],"tags":[2922],"class_list":["post-12808","post","type-post","status-publish","format-standard","has-post-thumbnail","hentry","category-deutschland-2","category-news","category-welt","category-wirtschaft","tag-vietnam"],"_links":{"self":[{"href":"https:\/\/www.frankensicht.de\/index.php?rest_route=\/wp\/v2\/posts\/12808","targetHints":{"allow":["GET"]}}],"collection":[{"href":"https:\/\/www.frankensicht.de\/index.php?rest_route=\/wp\/v2\/posts"}],"about":[{"href":"https:\/\/www.frankensicht.de\/index.php?rest_route=\/wp\/v2\/types\/post"}],"author":[{"embeddable":true,"href":"https:\/\/www.frankensicht.de\/index.php?rest_route=\/wp\/v2\/users\/7"}],"replies":[{"embeddable":true,"href":"https:\/\/www.frankensicht.de\/index.php?rest_route=%2Fwp%2Fv2%2Fcomments&post=12808"}],"version-history":[{"count":5,"href":"https:\/\/www.frankensicht.de\/index.php?rest_route=\/wp\/v2\/posts\/12808\/revisions"}],"predecessor-version":[{"id":12814,"href":"https:\/\/www.frankensicht.de\/index.php?rest_route=\/wp\/v2\/posts\/12808\/revisions\/12814"}],"wp:featuredmedia":[{"embeddable":true,"href":"https:\/\/www.frankensicht.de\/index.php?rest_route=\/wp\/v2\/media\/12812"}],"wp:attachment":[{"href":"https:\/\/www.frankensicht.de\/index.php?rest_route=%2Fwp%2Fv2%2Fmedia&parent=12808"}],"wp:term":[{"taxonomy":"category","embeddable":true,"href":"https:\/\/www.frankensicht.de\/index.php?rest_route=%2Fwp%2Fv2%2Fcategories&post=12808"},{"taxonomy":"post_tag","embeddable":true,"href":"https:\/\/www.frankensicht.de\/index.php?rest_route=%2Fwp%2Fv2%2Ftags&post=12808"}],"curies":[{"name":"wp","href":"https:\/\/api.w.org\/{rel}","templated":true}]}}