{"id":12801,"date":"2019-08-22T08:35:29","date_gmt":"2019-08-22T06:35:29","guid":{"rendered":"http:\/\/www.frankensicht.de\/?p=12801"},"modified":"2019-08-22T08:35:29","modified_gmt":"2019-08-22T06:35:29","slug":"niederlassungspraemie-fuer-hebammen-startet-im-september","status":"publish","type":"post","link":"https:\/\/www.frankensicht.de\/?p=12801","title":{"rendered":"Niederlassungspr\u00e4mie f\u00fcr Hebammen startet im September"},"content":{"rendered":"<p><span style=\"color: #ff0000;\">M\u00fcnchen:<\/span><\/p>\n<p>Huml: Niederlassungspr\u00e4mie f\u00fcr Hebammen startet im September &#8211; Bayerns Gesundheitsministerin will mehr freiberufliche Hebammen zur Vor- und Nachsorge von Schwangeren und M\u00fcttern mit Neugeborenen gewinnen<\/p>\n<p>Hebammen in Bayern k\u00f6nnen ab dem 1. September eine Niederlassungspr\u00e4mie von einmalig 5.000 Euro beantragen. Darauf hat Bayerns Gesundheitsministerin Melanie Huml am Donnerstag hingewiesen. Huml betonte: &#8222;Ziel der Bayerischen Staatsregierung ist es, mehr freiberufliche Hebammen zur Vor- und Nachsorge von Schwangeren und M\u00fcttern mit Neugeborenen zu gewinnen und auch k\u00fcnftig eine fl\u00e4chendeckende Hebammenversorgung in Bayern zu gew\u00e4hrleisten. Alle Schwangeren und M\u00fctter in Bayern sollen die Betreuung durch Hebammen bekommen, die sie brauchen. Aus diesem Grund haben wir auch das Gr\u00fcnderpaket f\u00fcr Hebammen auf den Weg gebracht.&#8220;<\/p>\n<p><a href=\"https:\/\/www.frankensicht.de\/?attachment_id=10839\" rel=\"attachment wp-att-10839\"><img loading=\"lazy\" decoding=\"async\" class=\"alignnone size-medium wp-image-10839\" src=\"https:\/\/www.frankensicht.de\/wp-content\/uploads\/2017\/07\/20150522_163620-300x225.jpg\" alt=\"\" width=\"300\" height=\"225\" srcset=\"https:\/\/www.frankensicht.de\/wp-content\/uploads\/2017\/07\/20150522_163620-300x225.jpg 300w, https:\/\/www.frankensicht.de\/wp-content\/uploads\/2017\/07\/20150522_163620-768x576.jpg 768w, https:\/\/www.frankensicht.de\/wp-content\/uploads\/2017\/07\/20150522_163620-1024x768.jpg 1024w\" sizes=\"auto, (max-width: 300px) 100vw, 300px\" \/><\/a><\/p>\n<p>Die Ministerin erl\u00e4uterte: &#8222;Voraussetzung f\u00fcr die Auszahlung der neuen Pr\u00e4mie ist die Niederlassung und Aufnahme einer freiberuflichen T\u00e4tigkeit in Bayern ab dem 1. September 2019. Dabei gibt es keine Einschr\u00e4nkung der Pr\u00e4mie auf bestimmte Leistungen der Hebamme. Das Verfahren ist m\u00f6glichst unb\u00fcrokratisch ausgestaltet.&#8220;<\/p>\n<p>F\u00fcr die Gew\u00e4hrung der Pr\u00e4mie muss die antragstellende Hebamme neben dem Nachweis der Berufserlaubnis lediglich die Meldung beim zust\u00e4ndigen Gesundheitsamt zur Gr\u00fcndung einer Niederlassung in Bayern ab dem 1. September 2019 oder sp\u00e4ter nachweisen.<\/p>\n<p>Der Pr\u00e4sident des Bayerischen Landesamtes f\u00fcr Pflege, Markus Schick, unterstrich: &#8222;Die Bearbeitung der Antr\u00e4ge und die Auszahlung der Pr\u00e4mie ab September 2019 wird wie beim Bayerischen Hebammenbonus das Landesamt f\u00fcr Pflege \u00fcbernehmen. Der Antrag auf Gew\u00e4hrung der Pr\u00e4mie muss innerhalb von sechs Monaten nach Begr\u00fcndung der Niederlassung gestellt werden.&#8220;<\/p>\n<p>Der Antrag f\u00fcr die Niederlassungspr\u00e4mie kann ab dem 1. September 2019 unter www.niederlassungspr\u00e4mie.bayern.de heruntergeladen werden. Anspruchsberechtigt sind auch angestellte Hebammen, wenn diese neben ihrer Festanstellung noch freiberuflich in der Geburtshilfe t\u00e4tig sind.<\/p>\n<p>Huml erg\u00e4nzte: &#8222;Das Bayerische Kabinett hat das Gr\u00fcnderpaket f\u00fcr Hebammen in Form einer Niederlassungspr\u00e4mie im Dezember 2018 beschlossen. Mit der Pr\u00e4mie soll freiberuflichen Hebammen der Einstieg oder Wiedereinstieg in diesen wichtigen Beruf erleichtert werden. Ziel der Staatsregierung ist, mehr Hebammen als bisher f\u00fcr eine freiberufliche T\u00e4tigkeit in Bayern zu gewinnen und so das Angebot an Hebammenleistungen, insbesondere in der Geburtshilfe und der Wochenbettbetreuung, auszubauen.&#8220;<\/p>\n<p>Quelle: stmgp.bayern.de<\/p>\n","protected":false},"excerpt":{"rendered":"<p>M\u00fcnchen: Huml: Niederlassungspr\u00e4mie f\u00fcr Hebammen startet im September &#8211; Bayerns Gesundheitsministerin will mehr freiberufliche Hebammen zur Vor- und Nachsorge von Schwangeren und M\u00fcttern mit Neugeborenen gewinnen Hebammen in Bayern k\u00f6nnen ab dem 1. September eine Niederlassungspr\u00e4mie von einmalig 5.000 Euro beantragen. Darauf hat Bayerns Gesundheitsministerin Melanie Huml am Donnerstag hingewiesen. Huml betonte: &#8222;Ziel der Bayerischen [&hellip;]<\/p>\n","protected":false},"author":7,"featured_media":10839,"comment_status":"closed","ping_status":"open","sticky":false,"template":"","format":"standard","meta":{"footnotes":""},"categories":[78,71],"tags":[2921],"class_list":["post-12801","post","type-post","status-publish","format-standard","has-post-thumbnail","hentry","category-bayern","category-menue","tag-hebammen-foerderung"],"_links":{"self":[{"href":"https:\/\/www.frankensicht.de\/index.php?rest_route=\/wp\/v2\/posts\/12801","targetHints":{"allow":["GET"]}}],"collection":[{"href":"https:\/\/www.frankensicht.de\/index.php?rest_route=\/wp\/v2\/posts"}],"about":[{"href":"https:\/\/www.frankensicht.de\/index.php?rest_route=\/wp\/v2\/types\/post"}],"author":[{"embeddable":true,"href":"https:\/\/www.frankensicht.de\/index.php?rest_route=\/wp\/v2\/users\/7"}],"replies":[{"embeddable":true,"href":"https:\/\/www.frankensicht.de\/index.php?rest_route=%2Fwp%2Fv2%2Fcomments&post=12801"}],"version-history":[{"count":2,"href":"https:\/\/www.frankensicht.de\/index.php?rest_route=\/wp\/v2\/posts\/12801\/revisions"}],"predecessor-version":[{"id":12803,"href":"https:\/\/www.frankensicht.de\/index.php?rest_route=\/wp\/v2\/posts\/12801\/revisions\/12803"}],"wp:featuredmedia":[{"embeddable":true,"href":"https:\/\/www.frankensicht.de\/index.php?rest_route=\/wp\/v2\/media\/10839"}],"wp:attachment":[{"href":"https:\/\/www.frankensicht.de\/index.php?rest_route=%2Fwp%2Fv2%2Fmedia&parent=12801"}],"wp:term":[{"taxonomy":"category","embeddable":true,"href":"https:\/\/www.frankensicht.de\/index.php?rest_route=%2Fwp%2Fv2%2Fcategories&post=12801"},{"taxonomy":"post_tag","embeddable":true,"href":"https:\/\/www.frankensicht.de\/index.php?rest_route=%2Fwp%2Fv2%2Ftags&post=12801"}],"curies":[{"name":"wp","href":"https:\/\/api.w.org\/{rel}","templated":true}]}}