{"id":12799,"date":"2019-08-21T08:22:34","date_gmt":"2019-08-21T06:22:34","guid":{"rendered":"http:\/\/www.frankensicht.de\/?p=12799"},"modified":"2019-08-21T08:22:34","modified_gmt":"2019-08-21T06:22:34","slug":"klimawandel-brexit-kormoran-sorgen-der-deutschen-fischerei","status":"publish","type":"post","link":"https:\/\/www.frankensicht.de\/?p=12799","title":{"rendered":"Klimawandel, Brexit, Kormoran \u2013 Sorgen der deutschen Fischerei"},"content":{"rendered":"<p><span style=\"color: #ff0000;\">Berlin:<\/span><\/p>\n<p>Klimawandel, Brexit, Kormoran \u2013 Sorgen der deutschen Fischerei<\/p>\n<p>Michael St\u00fcbgen, der Parlamentarische Staatssekret\u00e4r bei der Bundesministerin f\u00fcr Ern\u00e4hrung und Landwirtschaft hat am Dienstag am Deutschen Fischereitag in Magdeburg teilgenommen.<\/p>\n<p>St\u00fcbgen erkl\u00e4rt: \u201eDer Klimawandel macht auch vor der deutschen Fischerei nicht halt. Diese bittere Erfahrung machen derzeit unsere Fischer an der deutschen Ostseek\u00fcste. Denn es ist nicht die Befischung, sondern vor allem die Erw\u00e4rmung der Meere, die dazu f\u00fchrt, dass der Nachwuchs beim Heringsbestand in dramatischer Weise in der westlichen Ostsee zur\u00fcckgegangen ist. Deshalb schl\u00e4gt der Internationale Rat f\u00fcr Meeresforschung (ICES) auch f\u00fcr das kommende Jahr eine Schlie\u00dfung dieser Heringsfischerei vor. Unsere Fischer brauchen jetzt eine gezielte Unterst\u00fctzung, damit sie diese schwierige Phase \u00fcberbr\u00fccken k\u00f6nnen.\u201c<\/p>\n<p>Auch der Brexit besch\u00e4ftigt die Fischerei. \u201eDer Zugang zu den britischen Gew\u00e4ssern ist entscheidend, um die deutschen Quoten vor allem bei Hering, Makrele und Holzmakrele ausfischen zu k\u00f6nnen. Das Bundesministerium f\u00fcr Ern\u00e4hrung und Landwirtschaft setzt sich daf\u00fcr ein, dass die Fischerei im Gesamtpaket der k\u00fcnftigen Wirtschaftsbeziehungen mit Gro\u00dfbritannien verhandelt wird\u201c, bekr\u00e4ftigt St\u00fcbgen.<\/p>\n<p>Eine weitere Herausforderung f\u00fcr die Fischer ist der zunehmende Kormoran-Bestand. St\u00fcbgen dazu: \u201eWir brauchen ein funktionierendes EU-weites Kormoran-Management, das nicht nur den Kormoran, sondern auch die Fischbest\u00e4nde sch\u00fctzt! Der Kormoran verursacht nach wie vor erhebliche Sch\u00e4den in der Binnenfischerei und in den Aquakulturbetrieben.<\/p>\n<p>Wir haben Herausforderungen im Bereich der Fischerei, die keiner von uns alleine l\u00f6sen kann. Wir brauchen alle Akteure an einem Tisch, um die Optionen f\u00fcr die k\u00fcnftige Entwicklung der Branche und der betroffenen K\u00fcstenregionen zu diskutieren. Ich werde alle Beteiligten zu einem Runden Tisch zu Beginn des kommenden Jahres einladen.\u201c<\/p>\n<p><a href=\"https:\/\/www.frankensicht.de\/?attachment_id=2512\" rel=\"attachment wp-att-2512\"><img loading=\"lazy\" decoding=\"async\" class=\"alignnone size-medium wp-image-2512\" src=\"https:\/\/www.frankensicht.de\/wp-content\/uploads\/2012\/06\/Hans-Babbel-1-300x225.jpg\" alt=\"\" width=\"300\" height=\"225\" srcset=\"https:\/\/www.frankensicht.de\/wp-content\/uploads\/2012\/06\/Hans-Babbel-1-300x225.jpg 300w, https:\/\/www.frankensicht.de\/wp-content\/uploads\/2012\/06\/Hans-Babbel-1.jpg 640w\" sizes=\"auto, (max-width: 300px) 100vw, 300px\" \/><\/a><br \/>\nWeiterf\u00fchrende Informationen:<br \/>\nDer Hering in der westlichen Ostsee z\u00e4hlt neben dem Dorsch zu den beiden \u201eBrotfischen\u201c der deutschen Ostseefischer. Alternative Fangm\u00f6glichkeiten bestehen f\u00fcr sie kaum. Die Quoten f\u00fcr den westlichen Hering waren bereits f\u00fcr 2018 um 39 Prozent und 2019 um 48 Prozent gesenkt worden. Gleichzeitig empfiehlt der Internationale Rat f\u00fcr Meeresforschung (ICES), auch die Fischerei auf den \u00f6stlichen Dorsch 2020 ganz einzustellen. Die Kommission hat diese Fischerei daraufhin bereits mit Wirkung vom 24. Juli 2019 bis Ende des Jahres geschlossen. F\u00fcr die k\u00fcstennahe Fischerei in Mecklenburg-Vorpommern, wo sich Ost- und Westdorsch mischen, gibt es hierzu allerdings Ausnahmen.<\/p>\n<p>Eine Schlie\u00dfung der Heringsfischerei in der westlichen Ostsee h\u00e4tte nicht nur gravierende Folgen f\u00fcr die Fischer selbst, sondern auch f\u00fcr die Fischverarbeitung an der Ostseek\u00fcste, die in Sassnitz auf R\u00fcgen konzentriert ist. Denn diese ist ma\u00dfgeblich auf die Heringsf\u00e4nge der deutschen Ostseefischer angewiesen.<\/p>\n<p>Die Vorschl\u00e4ge der EU-Kommission f\u00fcr die Fangm\u00f6glichkeiten in der Ostsee werden Ende August erwartet und von den EU-Fischereiministern im Oktober beschlossen.<\/p>\n<p>Quelle:bmel.bund.de<\/p>\n","protected":false},"excerpt":{"rendered":"<p>Berlin: Klimawandel, Brexit, Kormoran \u2013 Sorgen der deutschen Fischerei Michael St\u00fcbgen, der Parlamentarische Staatssekret\u00e4r bei der Bundesministerin f\u00fcr Ern\u00e4hrung und Landwirtschaft hat am Dienstag am Deutschen Fischereitag in Magdeburg teilgenommen. St\u00fcbgen erkl\u00e4rt: \u201eDer Klimawandel macht auch vor der deutschen Fischerei nicht halt. Diese bittere Erfahrung machen derzeit unsere Fischer an der deutschen Ostseek\u00fcste. Denn es [&hellip;]<\/p>\n","protected":false},"author":7,"featured_media":2512,"comment_status":"closed","ping_status":"open","sticky":false,"template":"","format":"standard","meta":{"footnotes":""},"categories":[44,71],"tags":[2920],"class_list":["post-12799","post","type-post","status-publish","format-standard","has-post-thumbnail","hentry","category-deutschland-2","category-menue","tag-fischerei-2019"],"_links":{"self":[{"href":"https:\/\/www.frankensicht.de\/index.php?rest_route=\/wp\/v2\/posts\/12799","targetHints":{"allow":["GET"]}}],"collection":[{"href":"https:\/\/www.frankensicht.de\/index.php?rest_route=\/wp\/v2\/posts"}],"about":[{"href":"https:\/\/www.frankensicht.de\/index.php?rest_route=\/wp\/v2\/types\/post"}],"author":[{"embeddable":true,"href":"https:\/\/www.frankensicht.de\/index.php?rest_route=\/wp\/v2\/users\/7"}],"replies":[{"embeddable":true,"href":"https:\/\/www.frankensicht.de\/index.php?rest_route=%2Fwp%2Fv2%2Fcomments&post=12799"}],"version-history":[{"count":1,"href":"https:\/\/www.frankensicht.de\/index.php?rest_route=\/wp\/v2\/posts\/12799\/revisions"}],"predecessor-version":[{"id":12800,"href":"https:\/\/www.frankensicht.de\/index.php?rest_route=\/wp\/v2\/posts\/12799\/revisions\/12800"}],"wp:featuredmedia":[{"embeddable":true,"href":"https:\/\/www.frankensicht.de\/index.php?rest_route=\/wp\/v2\/media\/2512"}],"wp:attachment":[{"href":"https:\/\/www.frankensicht.de\/index.php?rest_route=%2Fwp%2Fv2%2Fmedia&parent=12799"}],"wp:term":[{"taxonomy":"category","embeddable":true,"href":"https:\/\/www.frankensicht.de\/index.php?rest_route=%2Fwp%2Fv2%2Fcategories&post=12799"},{"taxonomy":"post_tag","embeddable":true,"href":"https:\/\/www.frankensicht.de\/index.php?rest_route=%2Fwp%2Fv2%2Ftags&post=12799"}],"curies":[{"name":"wp","href":"https:\/\/api.w.org\/{rel}","templated":true}]}}