{"id":12791,"date":"2019-08-19T08:33:23","date_gmt":"2019-08-19T06:33:23","guid":{"rendered":"http:\/\/www.frankensicht.de\/?p=12791"},"modified":"2019-08-19T08:34:57","modified_gmt":"2019-08-19T06:34:57","slug":"menschenrechtsbeauftragte-zum-welttag-der-humanitaeren-hilfe","status":"publish","type":"post","link":"https:\/\/www.frankensicht.de\/?p=12791","title":{"rendered":"Menschenrechtsbeauftragte zum Welttag der Humanit\u00e4ren Hilfe"},"content":{"rendered":"<p><span style=\"color: #ff0000;\">Berlin:<\/span><\/p>\n<p>Menschenrechtsbeauftragte zum Welttag der Humanit\u00e4ren Hilfe<\/p>\n<p>Anl\u00e4sslich des Welttags der Humanit\u00e4ren Hilfe am 19.08. erkl\u00e4rt die Beauftragte der Bundesregierung f\u00fcr Menschenrechtspolitik und Humanit\u00e4re Hilfe im Ausw\u00e4rtigen Amt, B\u00e4rbel Kofler:<\/p>\n<p><a href=\"https:\/\/www.frankensicht.de\/?attachment_id=12574\" rel=\"attachment wp-att-12574\"><img loading=\"lazy\" decoding=\"async\" class=\"alignnone size-medium wp-image-12574\" src=\"https:\/\/www.frankensicht.de\/wp-content\/uploads\/2019\/05\/fisch-300x225.jpg\" alt=\"\" width=\"300\" height=\"225\" srcset=\"https:\/\/www.frankensicht.de\/wp-content\/uploads\/2019\/05\/fisch-300x225.jpg 300w, https:\/\/www.frankensicht.de\/wp-content\/uploads\/2019\/05\/fisch.jpg 640w\" sizes=\"auto, (max-width: 300px) 100vw, 300px\" \/><\/a><\/p>\n<p>&#8222;Die Zahl der Menschen, die auf humanit\u00e4re Hilfe angewiesen sind, ist in den letzten Jahren best\u00e4ndig angewachsen und hat im Juli 2019 den traurigen Rekord von 141,7 Mio. erreicht. Auch angesichts der wachsenden humanit\u00e4ren Bedarfe ist es entscheidend, dass humanit\u00e4re Hilfe auch und noch st\u00e4rker durch Frauen geleistet wird. Noch befinden sich unter den humanit\u00e4ren Helfern aber weit weniger Frauen als M\u00e4nner. Am heutigen Welttag der Humanit\u00e4ren Hilfe m\u00f6chte ich daher ein besonderes Augenmerk auf humanit\u00e4re Helferinnen werfen. Auf all jene Frauen, die im Dienst der humanit\u00e4ren Hilfe immer wieder Leben und Gesundheit riskieren, um Menschen zu unterst\u00fctzen, die aufgrund von Kriegen, Epidemien oder Naturkatastrophen in Not geraten sind. Gleichzeitig gedenken wir der Frauen, die ihr Leben bei dieser wichtigen Arbeit verloren haben. Der Mehrwert der Hilfeleistung durch Frauen ist unumstritten. Sie treffen beispielsweise vielerorts auf mehr Akzeptanz und haben einen besseren Zugang zu Teilen der betroffenen Bev\u00f6lkerung, insbesondere zu notleidenden Frauen und M\u00e4dchen. Besonders der Zugang in Bezug auf gendersensitive Themen (z.B. Sensibilisierung und Beratung zu HIV\/AIDS, Geburtshilfe, sexualisierte Gewalt, etc.) kann f\u00fcr m\u00e4nnliche Helfer erschwert sein. Aber auch in vielen anderen Bereichen der internationalen humanit\u00e4ren Hilfe leisten Frauen einen unersetzlichen Beitrag und m\u00fcssen darum gleichberechtigten Zugang zum Berufsfeld haben. Die Bundesregierung m\u00f6chte sich gemeinsam mit ihren Partnerorganisationen zuk\u00fcnftig noch st\u00e4rker daf\u00fcr engagieren, dass Frauen mehr und bessere M\u00f6glichkeiten bekommen, in der humanit\u00e4ren Hilfe t\u00e4tig zu werden.Gleichzeitig setzen wir uns mit Nachdruck f\u00fcr einen besseren Schutz von humanit\u00e4ren Helferinnen und Helfern ein. Daf\u00fcr hat Deutschland im April im VN-Sicherheitsrat zusammen mit Frankreich die Initiative f\u00fcr einen \u201eHumanitarian Call for Action\u201c gestartet. Wir werden weiter dranbleiben! Nur wenn das humanit\u00e4re V\u00f6lkerrecht eingehalten und die humanit\u00e4ren Prinzipien respektiert werden, k\u00f6nnen humanit\u00e4re Helferinnen und Helfer ihren so wertvollen Dienst am Leben notleidender Menschen leisten.&#8220;<\/p>\n<p>Quelle: auswaertiges-amt.de<\/p>\n","protected":false},"excerpt":{"rendered":"<p>Berlin: Menschenrechtsbeauftragte zum Welttag der Humanit\u00e4ren Hilfe Anl\u00e4sslich des Welttags der Humanit\u00e4ren Hilfe am 19.08. erkl\u00e4rt die Beauftragte der Bundesregierung f\u00fcr Menschenrechtspolitik und Humanit\u00e4re Hilfe im Ausw\u00e4rtigen Amt, B\u00e4rbel Kofler: &#8222;Die Zahl der Menschen, die auf humanit\u00e4re Hilfe angewiesen sind, ist in den letzten Jahren best\u00e4ndig angewachsen und hat im Juli 2019 den traurigen Rekord [&hellip;]<\/p>\n","protected":false},"author":7,"featured_media":12574,"comment_status":"closed","ping_status":"open","sticky":false,"template":"","format":"standard","meta":{"footnotes":""},"categories":[44,3,30],"tags":[2919],"class_list":["post-12791","post","type-post","status-publish","format-standard","has-post-thumbnail","hentry","category-deutschland-2","category-news","category-welt","tag-welttag-humanitaere-hilfe"],"_links":{"self":[{"href":"https:\/\/www.frankensicht.de\/index.php?rest_route=\/wp\/v2\/posts\/12791","targetHints":{"allow":["GET"]}}],"collection":[{"href":"https:\/\/www.frankensicht.de\/index.php?rest_route=\/wp\/v2\/posts"}],"about":[{"href":"https:\/\/www.frankensicht.de\/index.php?rest_route=\/wp\/v2\/types\/post"}],"author":[{"embeddable":true,"href":"https:\/\/www.frankensicht.de\/index.php?rest_route=\/wp\/v2\/users\/7"}],"replies":[{"embeddable":true,"href":"https:\/\/www.frankensicht.de\/index.php?rest_route=%2Fwp%2Fv2%2Fcomments&post=12791"}],"version-history":[{"count":3,"href":"https:\/\/www.frankensicht.de\/index.php?rest_route=\/wp\/v2\/posts\/12791\/revisions"}],"predecessor-version":[{"id":12794,"href":"https:\/\/www.frankensicht.de\/index.php?rest_route=\/wp\/v2\/posts\/12791\/revisions\/12794"}],"wp:featuredmedia":[{"embeddable":true,"href":"https:\/\/www.frankensicht.de\/index.php?rest_route=\/wp\/v2\/media\/12574"}],"wp:attachment":[{"href":"https:\/\/www.frankensicht.de\/index.php?rest_route=%2Fwp%2Fv2%2Fmedia&parent=12791"}],"wp:term":[{"taxonomy":"category","embeddable":true,"href":"https:\/\/www.frankensicht.de\/index.php?rest_route=%2Fwp%2Fv2%2Fcategories&post=12791"},{"taxonomy":"post_tag","embeddable":true,"href":"https:\/\/www.frankensicht.de\/index.php?rest_route=%2Fwp%2Fv2%2Ftags&post=12791"}],"curies":[{"name":"wp","href":"https:\/\/api.w.org\/{rel}","templated":true}]}}