{"id":12784,"date":"2019-08-17T08:29:00","date_gmt":"2019-08-17T06:29:00","guid":{"rendered":"http:\/\/www.frankensicht.de\/?p=12784"},"modified":"2019-08-17T08:29:00","modified_gmt":"2019-08-17T06:29:00","slug":"beispiele-vorbildlicher-buergerinnenbeteiligung-gesucht","status":"publish","type":"post","link":"https:\/\/www.frankensicht.de\/?p=12784","title":{"rendered":"Beispiele vorbildlicher B\u00fcrger*innenbeteiligung gesucht"},"content":{"rendered":"<p><span style=\"color: #ff0000;\">Berlin:<\/span><\/p>\n<p>Beispiele vorbildlicher B\u00fcrger*innenbeteiligung gesucht<\/p>\n<p>Zweiter Durchgang des Wettbewerbs \u201eAusgezeichnet\u201c startet Anfang<br \/>\nSeptember<\/p>\n<p>Ab dem 1. September 2019 suchen das Bundesumweltministerium und das<br \/>\nUmweltbundesamt wieder deutschlandweit nach Beispielen erfolgreicher<br \/>\nB\u00fcrger*innenbeteiligung. Der Wettbewerb \u201eAusgezeichnet! &#8211; Wettbewerb<br \/>\nf\u00fcr vorbildliche B\u00fcrgerbeteiligung\u201c richtet sich in diesem Jahr an<br \/>\nVerwaltungen und \u00f6ffentliche Unternehmen, die B\u00fcrger*innenbeteiligung<br \/>\nerfolgreich verstetigt haben. Wettbewerbsbeitr\u00e4ge k\u00f6nnen bis zum 15.<br \/>\nOktober 2019 eingereicht werden.<\/p>\n<p><a href=\"https:\/\/www.frankensicht.de\/?attachment_id=11564\" rel=\"attachment wp-att-11564\"><img loading=\"lazy\" decoding=\"async\" class=\"alignnone size-medium wp-image-11564\" src=\"https:\/\/www.frankensicht.de\/wp-content\/uploads\/2018\/04\/IMG-20170516-WA0000-300x225.jpg\" alt=\"\" width=\"300\" height=\"225\" srcset=\"https:\/\/www.frankensicht.de\/wp-content\/uploads\/2018\/04\/IMG-20170516-WA0000-300x225.jpg 300w, https:\/\/www.frankensicht.de\/wp-content\/uploads\/2018\/04\/IMG-20170516-WA0000-768x576.jpg 768w, https:\/\/www.frankensicht.de\/wp-content\/uploads\/2018\/04\/IMG-20170516-WA0000-1024x768.jpg 1024w, https:\/\/www.frankensicht.de\/wp-content\/uploads\/2018\/04\/IMG-20170516-WA0000.jpg 1280w\" sizes=\"auto, (max-width: 300px) 100vw, 300px\" \/><\/a><\/p>\n<p>Der Wettbewerb soll dazu beitragen, vorbildhafte Beteiligungsprozesse von<br \/>\nB\u00fcrger*innen sichtbar zu machen und die Qualit\u00e4t politischer<br \/>\nL\u00f6sungsfindungsprozesse weiter zu steigern. Der Wettbewerb richtet sich an<br \/>\nVerwaltungen und \u00f6ffentliche Unternehmen, die B\u00fcrger*innenbeteiligungen<br \/>\nim Themenbereich des Bundesumweltministeriums institutionalisiert haben und<br \/>\nBeispiele f\u00fcr gelungene partizipative Praxis bieten. Die<br \/>\nWettbewerbsbeitr\u00e4ge sollen als dauerhafte Prozesse angelegt sein, in denen<br \/>\nLeitbilder erarbeitet, konkrete Ma\u00dfnahmen zu umweltpolitischen<br \/>\nProblemstellungen formuliert oder Gesetzgebungsverfahren mitgestaltet<br \/>\nwerden k\u00f6nnen. Im letzten Jahr wurde beispielsweise das Ministerium f\u00fcr<br \/>\nUmwelt, Klimaschutz und Energiewirtschaft des Landes Baden-W\u00fcrttemberg<br \/>\nf\u00fcr seine B\u00fcrger- und \u00d6ffentlichkeitsbeteiligung am integrierten<br \/>\nEnergie- und Klimaschutzkonzept Baden-W\u00fcrttemberg (IEKK) ausgezeichnet.<br \/>\nEin weiteres Beispiel ist die Stadt Gunzenhausen, die sich in einem<br \/>\nB\u00fcrgerbeteiligungsverfahren dazu entschied, die Altm\u00fchl wieder in ihr<br \/>\nurspr\u00fcngliches Flussbett zu verlegen, um eine f\u00fcr alle Bewohner*innen<br \/>\nakzeptable L\u00f6sung f\u00fcr den Hochwasserschutz zu finden. Dadurch wurde<br \/>\ngleichzeitig ein naturnaher Erholungs- und Freizeitraum geschaffen.<\/p>\n<p>Unterschieden nach Akteursgruppen gliedert sich der Wettbewerb in die drei<br \/>\nKategorien \u201eVerwaltung\u201c \u201e\u00f6ffentliche Unternehmen\u201c und<br \/>\n\u201eB\u00fcrgerinnen und B\u00fcrger\u201c. Wettbewerbsbeitr\u00e4ge k\u00f6nnen bis zum 15.<br \/>\nOktober 2019 eingereicht werden.<\/p>\n<p>Die Einreichungen werden von einer interdisziplin\u00e4ren Jury in zwei<br \/>\nAuswahlrunden bewertet, die sich aus Expert*innen,, B\u00fcrger*innen sowie<br \/>\nPat*innen aus den Gewinner-Projekten des letztj\u00e4hrigen Wettbewerbs<br \/>\nzusammensetzt. Unterst\u00fctzt wird die Expert*innenenjury von einer<br \/>\nB\u00fcrger*innenjury. B\u00fcrger*innen sind zudem eingeladen, aus ihrer Sicht<br \/>\nvorbildliche B\u00fcrgerbeteiligungsprozesse f\u00fcr die Teilnahme am Wettbewerb<br \/>\nzu nominieren.<\/p>\n<p>Zus\u00e4tzlich zu den drei genannten Kategorien kann die Jury zwei<br \/>\nSonderpreise in den Kategorien \u201eInnovation\u201c und \u201eKooperation\u201c<br \/>\nvergeben. Die Gewinner*innen werden im Februar 2020 im Rahmen einer<br \/>\nhochkar\u00e4tig besetzten Fachtagung ausgezeichnet werden.<\/p>\n<p>Die Expert*innenjury setzt sich wie folgt zusammen:<\/p>\n<p>\u2022 Prof. Dr. Moreen Heine, Universit\u00e4t zu L\u00fcbeck<\/p>\n<p>\u2022 Prof. Dr. Hans Lietzmann, Bergische Universit\u00e4t Wuppertal<\/p>\n<p>\u2022 Prof. Dr. Ines Mergel, Universit\u00e4t Konstanz<\/p>\n<p>\u2022 Prof. Dr. Patrizia Nanz, IASS Potsdam<\/p>\n<p>\u2022 Prof. Dr. Jens Newig, Leuphana Universit\u00e4t L\u00fcneburg<\/p>\n<p>\u2022 Hanns-J\u00f6rg Sippel, Stiftung Mitarbeit<\/p>\n<p>\u2022 J\u00f6rg Sommer, Deutsche Umweltstiftung<\/p>\n<p>Weitere Informationen zum Wettbewerb finden Sie unter:<br \/>\nwww.vorbildliche-buergerbeteiligung.de<\/p>\n<p>Quelle: bmu.bund.de<\/p>\n","protected":false},"excerpt":{"rendered":"<p>Berlin: Beispiele vorbildlicher B\u00fcrger*innenbeteiligung gesucht Zweiter Durchgang des Wettbewerbs \u201eAusgezeichnet\u201c startet Anfang September Ab dem 1. September 2019 suchen das Bundesumweltministerium und das Umweltbundesamt wieder deutschlandweit nach Beispielen erfolgreicher B\u00fcrger*innenbeteiligung. Der Wettbewerb \u201eAusgezeichnet! &#8211; Wettbewerb f\u00fcr vorbildliche B\u00fcrgerbeteiligung\u201c richtet sich in diesem Jahr an Verwaltungen und \u00f6ffentliche Unternehmen, die B\u00fcrger*innenbeteiligung erfolgreich verstetigt haben. Wettbewerbsbeitr\u00e4ge k\u00f6nnen [&hellip;]<\/p>\n","protected":false},"author":7,"featured_media":11564,"comment_status":"closed","ping_status":"open","sticky":false,"template":"","format":"standard","meta":{"footnotes":""},"categories":[44,3],"tags":[2916],"class_list":["post-12784","post","type-post","status-publish","format-standard","has-post-thumbnail","hentry","category-deutschland-2","category-news","tag-ausgezeichnet"],"_links":{"self":[{"href":"https:\/\/www.frankensicht.de\/index.php?rest_route=\/wp\/v2\/posts\/12784","targetHints":{"allow":["GET"]}}],"collection":[{"href":"https:\/\/www.frankensicht.de\/index.php?rest_route=\/wp\/v2\/posts"}],"about":[{"href":"https:\/\/www.frankensicht.de\/index.php?rest_route=\/wp\/v2\/types\/post"}],"author":[{"embeddable":true,"href":"https:\/\/www.frankensicht.de\/index.php?rest_route=\/wp\/v2\/users\/7"}],"replies":[{"embeddable":true,"href":"https:\/\/www.frankensicht.de\/index.php?rest_route=%2Fwp%2Fv2%2Fcomments&post=12784"}],"version-history":[{"count":2,"href":"https:\/\/www.frankensicht.de\/index.php?rest_route=\/wp\/v2\/posts\/12784\/revisions"}],"predecessor-version":[{"id":12786,"href":"https:\/\/www.frankensicht.de\/index.php?rest_route=\/wp\/v2\/posts\/12784\/revisions\/12786"}],"wp:featuredmedia":[{"embeddable":true,"href":"https:\/\/www.frankensicht.de\/index.php?rest_route=\/wp\/v2\/media\/11564"}],"wp:attachment":[{"href":"https:\/\/www.frankensicht.de\/index.php?rest_route=%2Fwp%2Fv2%2Fmedia&parent=12784"}],"wp:term":[{"taxonomy":"category","embeddable":true,"href":"https:\/\/www.frankensicht.de\/index.php?rest_route=%2Fwp%2Fv2%2Fcategories&post=12784"},{"taxonomy":"post_tag","embeddable":true,"href":"https:\/\/www.frankensicht.de\/index.php?rest_route=%2Fwp%2Fv2%2Ftags&post=12784"}],"curies":[{"name":"wp","href":"https:\/\/api.w.org\/{rel}","templated":true}]}}