{"id":12750,"date":"2019-08-03T08:22:53","date_gmt":"2019-08-03T06:22:53","guid":{"rendered":"http:\/\/www.frankensicht.de\/?p=12750"},"modified":"2019-08-03T08:22:53","modified_gmt":"2019-08-03T06:22:53","slug":"rahmenlehr-und-rahmenausbildungsplaene-fuer-neue-pflegeausbildung-veroeffentlicht","status":"publish","type":"post","link":"https:\/\/www.frankensicht.de\/?p=12750","title":{"rendered":"Rahmenlehr- und Rahmenausbildungspl\u00e4ne f\u00fcr neue Pflegeausbildung ver\u00f6ffentlicht"},"content":{"rendered":"<p><span style=\"color: #ff0000;\">Berlin:<\/span><\/p>\n<p>Rahmenlehr- und Rahmenausbildungspl\u00e4ne f\u00fcr neue Pflegeausbildung ver\u00f6ffentlicht<\/p>\n<p>Ein wichtiger n\u00e4chster Schritt zur neuen Ausbildung: F\u00fcr die Anfang 2020 beginnenden neuen Pflegeausbildungen stehen die Rahmenlehr- und Rahmenausbildungspl\u00e4ne ab sofort zur Verf\u00fcgung. Das Bundesinstitut f\u00fcr Berufsbildung (BIBB) hat die Rahmenpl\u00e4ne heute ver\u00f6ffentlicht (www.bibb.de\/pflegeberufe). Pflegeschulen und die Tr\u00e4ger der praktischen Ausbildungen erhalten damit konkrete Vorschl\u00e4ge f\u00fcr die Ausgestaltung der neuen Ausbildungen nach dem Pflegeberufegesetz.<\/p>\n<p>Die Rahmenpl\u00e4ne wurden am 26. Juni 2019 von der Fachkommission an Bundesfamilienministerin Dr. Franziska Giffey und Bundesgesundheitsminister Jens Spahn \u00fcbergeben. Im Anschluss haben beide Ministerien sie auf die Vereinbarkeit mit dem Pflegeberufegesetz gepr\u00fcft. Diese Pr\u00fcfung konnte innerhalb von vier Wochen mit positivem Ergebnis abgeschlossen werden. Die Mindestanforderungen des Pflegeberufegesetzes und der Pflegeberufe-Ausbildungs- und Pr\u00fcfungsverordnung sind in vollem Umfang erf\u00fcllt worden.<\/p>\n<p><a href=\"https:\/\/www.frankensicht.de\/?attachment_id=1404\" rel=\"attachment wp-att-1404\"><img loading=\"lazy\" decoding=\"async\" class=\"alignnone size-medium wp-image-1404\" src=\"https:\/\/www.frankensicht.de\/wp-content\/uploads\/2012\/05\/P1000848-300x225.jpg\" alt=\"\" width=\"300\" height=\"225\" srcset=\"https:\/\/www.frankensicht.de\/wp-content\/uploads\/2012\/05\/P1000848-300x225.jpg 300w, https:\/\/www.frankensicht.de\/wp-content\/uploads\/2012\/05\/P1000848.jpg 640w\" sizes=\"auto, (max-width: 300px) 100vw, 300px\" \/><\/a><\/p>\n<p>Zum Hintergrund:<\/p>\n<p>Zur Erarbeitung eines Rahmenlehrplans und eines Rahmenausbildungsplans f\u00fcr die berufliche Ausbildung in der Pflege wurde im November 2018 eine Fachkommission f\u00fcr die Amtsdauer von f\u00fcnf Jahren eingesetzt. Das Gremium besteht aus 11 ehrenamtlichen pflegefachlichen, pflegep\u00e4dagogischen und pflegewissenschaftlichen Expertinnen und Experten. Die Besetzung spiegelt die verschiedenen Versorgungsbereiche der Altenpflege, Gesundheits- und Krankenpflege und Gesundheits- und Kinderkrankenpflege wider.<\/p>\n<p>Die von der Kommission erarbeiteten Rahmenpl\u00e4ne enthalten konkrete Vorschl\u00e4ge f\u00fcr die inhaltliche Ausgestaltung der neuen beruflichen Pflegeausbildungen. Sie werden den Pflegeschulen beziehungsweise den Tr\u00e4gern der praktischen Ausbildung kostenfrei zur Verf\u00fcgung gestellt.<\/p>\n<p>Als Orientierungshilfe zur Umsetzung der Ausbildung nach dem Pflegeberufegesetz und der Pflegeberufe-Ausbildungs- und Pr\u00fcfungsverordnung haben sie empfehlende Wirkung f\u00fcr die Lehrpl\u00e4ne der L\u00e4nder und die schulinternen Curricula der Pflegeschulen. Die L\u00e4nder k\u00f6nnen unter Beachtung der Vorgaben der Pflegeberufe-Ausbildungs- und Pr\u00fcfungsverordnung einen verbindlichen Lehrplan als Grundlage f\u00fcr die Erstellung der schulinternen Curricula der Pflegeschulen erlassen. Die Rahmenpl\u00e4ne enthalten zudem umfassend Hilfestellungen f\u00fcr die Umsetzung durch die Pflegeschulen und die Ausbildungseinrichtungen.<\/p>\n<p>Die Rahmenpl\u00e4ne werden mindestens alle f\u00fcnf Jahre auf ihre Aktualit\u00e4t gepr\u00fcft und gegebenenfalls anpasst.<\/p>\n<p>Weitere Informationen unter:<\/p>\n<p>www.bmfsfj.de<\/p>\n<p>www.bundesgesundheitsministerium.de<\/p>\n<p>www.pflegeausbildung.net<\/p>\n<p>www.bibb.de\/pflegeberufe<\/p>\n<p>Quelle:bmfsfj.bund.de<\/p>\n","protected":false},"excerpt":{"rendered":"<p>Berlin: Rahmenlehr- und Rahmenausbildungspl\u00e4ne f\u00fcr neue Pflegeausbildung ver\u00f6ffentlicht Ein wichtiger n\u00e4chster Schritt zur neuen Ausbildung: F\u00fcr die Anfang 2020 beginnenden neuen Pflegeausbildungen stehen die Rahmenlehr- und Rahmenausbildungspl\u00e4ne ab sofort zur Verf\u00fcgung. Das Bundesinstitut f\u00fcr Berufsbildung (BIBB) hat die Rahmenpl\u00e4ne heute ver\u00f6ffentlicht (www.bibb.de\/pflegeberufe). Pflegeschulen und die Tr\u00e4ger der praktischen Ausbildungen erhalten damit konkrete Vorschl\u00e4ge f\u00fcr die [&hellip;]<\/p>\n","protected":false},"author":7,"featured_media":1404,"comment_status":"closed","ping_status":"open","sticky":false,"template":"","format":"standard","meta":{"footnotes":""},"categories":[44,3],"tags":[1627],"class_list":["post-12750","post","type-post","status-publish","format-standard","has-post-thumbnail","hentry","category-deutschland-2","category-news","tag-pflegeausbildung"],"_links":{"self":[{"href":"https:\/\/www.frankensicht.de\/index.php?rest_route=\/wp\/v2\/posts\/12750","targetHints":{"allow":["GET"]}}],"collection":[{"href":"https:\/\/www.frankensicht.de\/index.php?rest_route=\/wp\/v2\/posts"}],"about":[{"href":"https:\/\/www.frankensicht.de\/index.php?rest_route=\/wp\/v2\/types\/post"}],"author":[{"embeddable":true,"href":"https:\/\/www.frankensicht.de\/index.php?rest_route=\/wp\/v2\/users\/7"}],"replies":[{"embeddable":true,"href":"https:\/\/www.frankensicht.de\/index.php?rest_route=%2Fwp%2Fv2%2Fcomments&post=12750"}],"version-history":[{"count":1,"href":"https:\/\/www.frankensicht.de\/index.php?rest_route=\/wp\/v2\/posts\/12750\/revisions"}],"predecessor-version":[{"id":12751,"href":"https:\/\/www.frankensicht.de\/index.php?rest_route=\/wp\/v2\/posts\/12750\/revisions\/12751"}],"wp:featuredmedia":[{"embeddable":true,"href":"https:\/\/www.frankensicht.de\/index.php?rest_route=\/wp\/v2\/media\/1404"}],"wp:attachment":[{"href":"https:\/\/www.frankensicht.de\/index.php?rest_route=%2Fwp%2Fv2%2Fmedia&parent=12750"}],"wp:term":[{"taxonomy":"category","embeddable":true,"href":"https:\/\/www.frankensicht.de\/index.php?rest_route=%2Fwp%2Fv2%2Fcategories&post=12750"},{"taxonomy":"post_tag","embeddable":true,"href":"https:\/\/www.frankensicht.de\/index.php?rest_route=%2Fwp%2Fv2%2Ftags&post=12750"}],"curies":[{"name":"wp","href":"https:\/\/api.w.org\/{rel}","templated":true}]}}