{"id":12737,"date":"2019-07-31T08:15:36","date_gmt":"2019-07-31T06:15:36","guid":{"rendered":"http:\/\/www.frankensicht.de\/?p=12737"},"modified":"2019-07-31T08:15:36","modified_gmt":"2019-07-31T06:15:36","slug":"bayerisches-kabinett-ernennt-generalstaatsanwalt-lothar-schmitt-zum-praesidenten-des-oberlandesgerichts-bamberg-mit-wirkung-vom-1-februar-2020","status":"publish","type":"post","link":"https:\/\/www.frankensicht.de\/?p=12737","title":{"rendered":"Bayerisches Kabinett ernennt Generalstaatsanwalt Lothar Schmitt zum Pr\u00e4sidenten des Oberlandesgerichts Bamberg mit Wirkung vom 1. Februar 2020"},"content":{"rendered":"<p><span style=\"color: #ff0000;\">Bamberg:<\/span><\/p>\n<p>Bayerisches Kabinett ernennt Generalstaatsanwalt Lothar Schmitt zum Pr\u00e4sidenten des Oberlandesgerichts Bamberg mit Wirkung vom 1. Februar 2020<\/p>\n<p>Das bayerische Kabinett hat heute den Generalstaatsanwalt in N\u00fcrnberg, Lothar Schmitt, zum Pr\u00e4sidenten des Oberlandesgerichts Bamberg mit Wirkung zum 1. Februar 2020 ernannt. Er folgt damit auf den bisherigen Pr\u00e4sidenten, Dr. Clemens L\u00fcckemann, der Ende Januar 2020 in den Ruhestand treten wird. Bayerns Justizminister Georg Eisenreich zu diesem Anlass: &#8222;Mit Lothar Schmitt wird weiterhin ein ausgezeichneter Jurist an der Spitze des Oberlandesgerichtes Bamberg stehen. Er ist mit seinem herausragenden Fachwissen und seiner langj\u00e4hrigen Erfahrung als F\u00fchrungskraft in der bayerischen Justiz pr\u00e4destiniert f\u00fcr das Amt des Pr\u00e4sidenten des Oberlandesgerichtes Bamberg. Ich freue mich \u00fcber die heutige Personalentscheidung und gratuliere Lothar Schmitt ganz herzlich.&#8220;<\/p>\n<p><a href=\"https:\/\/www.frankensicht.de\/?attachment_id=1410\" rel=\"attachment wp-att-1410\"><img loading=\"lazy\" decoding=\"async\" class=\"alignnone size-medium wp-image-1410\" src=\"https:\/\/www.frankensicht.de\/wp-content\/uploads\/2012\/05\/paragraf-300x187.jpg\" alt=\"\" width=\"300\" height=\"187\" srcset=\"https:\/\/www.frankensicht.de\/wp-content\/uploads\/2012\/05\/paragraf-300x187.jpg 300w, https:\/\/www.frankensicht.de\/wp-content\/uploads\/2012\/05\/paragraf.jpg 640w\" sizes=\"auto, (max-width: 300px) 100vw, 300px\" \/><\/a><\/p>\n<p>Der geb\u00fcrtige Bamberger Lothar Schmitt (62 Jahre) begann seine Berufslaufbahn in der bayerischen Justiz am 1. Januar 1987 als Richter am Amtsgericht Aschaffenburg. Im Juni 1988 wechselte er f\u00fcr zwei Jahre an die Staatsanwaltschaft Aschaffenburg und kehrte anschlie\u00dfend zur\u00fcck zum Amtsgericht Aschaffenburg. Von Juli 1992 bis August 1999 wirkte er als Richter am Landgericht W\u00fcrzburg und war dabei zeitweilig mit einem Teil seiner Arbeitskraft an das Bezirksgericht Chemnitz abgeordnet. Es folgten Stationen als Gruppenleiter bei der Staatanwaltschaft W\u00fcrzburg und als Oberstaatsanwalt bei der Generalstaatsanwaltschaft Bamberg, bevor er im Juni 2008 zum Vizepr\u00e4sidenten des Landgerichts W\u00fcrzburg ernannt wurde. Von August 2012 an stand Lothar Schmitt an der Spitze der Staatsanwaltschaft Aschaffenburg. Zum 1. Dezember 2014 folgte die Ernennung zum Vizepr\u00e4sidenten des Oberlandesgerichts Bamberg. Seit 16. Februar 2017 ist Lothar Schmitt Generalstaatsanwalt in N\u00fcrnberg.<\/p>\n<p>Bayerns Justizminister Eisenreich abschlie\u00dfend: &#8222;Mit Lothar Schmitt erh\u00e4lt das Oberlandesgericht Bamberg einen Pr\u00e4sidenten, der sich durch gro\u00dfe Einsatzfreude, Eigeninitiative und Entschlusskraft sowie ausgepr\u00e4gte organisatorische F\u00e4higkeiten auszeichnet. Ich w\u00fcnsche ihm f\u00fcr seine neue T\u00e4tigkeit viel Freude, Erfolg und eine allzeit gl\u00fcckliche Hand.&#8220;<\/p>\n<p>Bayern.stmj.bayern.de<\/p>\n","protected":false},"excerpt":{"rendered":"<p>Bamberg: Bayerisches Kabinett ernennt Generalstaatsanwalt Lothar Schmitt zum Pr\u00e4sidenten des Oberlandesgerichts Bamberg mit Wirkung vom 1. Februar 2020 Das bayerische Kabinett hat heute den Generalstaatsanwalt in N\u00fcrnberg, Lothar Schmitt, zum Pr\u00e4sidenten des Oberlandesgerichts Bamberg mit Wirkung zum 1. Februar 2020 ernannt. Er folgt damit auf den bisherigen Pr\u00e4sidenten, Dr. Clemens L\u00fcckemann, der Ende Januar 2020 [&hellip;]<\/p>\n","protected":false},"author":7,"featured_media":1410,"comment_status":"closed","ping_status":"open","sticky":false,"template":"","format":"standard","meta":{"footnotes":""},"categories":[91,78,71,83],"tags":[2902],"class_list":["post-12737","post","type-post","status-publish","format-standard","has-post-thumbnail","hentry","category-bamberg-oberfranken","category-bayern","category-menue","category-oberfranken","tag-olg-bamberg"],"_links":{"self":[{"href":"https:\/\/www.frankensicht.de\/index.php?rest_route=\/wp\/v2\/posts\/12737","targetHints":{"allow":["GET"]}}],"collection":[{"href":"https:\/\/www.frankensicht.de\/index.php?rest_route=\/wp\/v2\/posts"}],"about":[{"href":"https:\/\/www.frankensicht.de\/index.php?rest_route=\/wp\/v2\/types\/post"}],"author":[{"embeddable":true,"href":"https:\/\/www.frankensicht.de\/index.php?rest_route=\/wp\/v2\/users\/7"}],"replies":[{"embeddable":true,"href":"https:\/\/www.frankensicht.de\/index.php?rest_route=%2Fwp%2Fv2%2Fcomments&post=12737"}],"version-history":[{"count":1,"href":"https:\/\/www.frankensicht.de\/index.php?rest_route=\/wp\/v2\/posts\/12737\/revisions"}],"predecessor-version":[{"id":12738,"href":"https:\/\/www.frankensicht.de\/index.php?rest_route=\/wp\/v2\/posts\/12737\/revisions\/12738"}],"wp:featuredmedia":[{"embeddable":true,"href":"https:\/\/www.frankensicht.de\/index.php?rest_route=\/wp\/v2\/media\/1410"}],"wp:attachment":[{"href":"https:\/\/www.frankensicht.de\/index.php?rest_route=%2Fwp%2Fv2%2Fmedia&parent=12737"}],"wp:term":[{"taxonomy":"category","embeddable":true,"href":"https:\/\/www.frankensicht.de\/index.php?rest_route=%2Fwp%2Fv2%2Fcategories&post=12737"},{"taxonomy":"post_tag","embeddable":true,"href":"https:\/\/www.frankensicht.de\/index.php?rest_route=%2Fwp%2Fv2%2Ftags&post=12737"}],"curies":[{"name":"wp","href":"https:\/\/api.w.org\/{rel}","templated":true}]}}