{"id":12735,"date":"2019-07-30T07:29:34","date_gmt":"2019-07-30T05:29:34","guid":{"rendered":"http:\/\/www.frankensicht.de\/?p=12735"},"modified":"2019-07-30T07:29:34","modified_gmt":"2019-07-30T05:29:34","slug":"anlaesslich-des-internationalen-tages-gegen-menschenhandel-am-30-07-erklaert-die-beauftragte-der-bundesregierung-fuer-menschenrechtspolitik-und-humanitaere-hilfe-im-auswaertigen-amt-baerbel-kofler","status":"publish","type":"post","link":"https:\/\/www.frankensicht.de\/?p=12735","title":{"rendered":"Anl\u00e4sslich des Internationalen Tages gegen Menschenhandel am 30.07. erkl\u00e4rt die Beauftragte der Bundesregierung f\u00fcr Menschenrechtspolitik und Humanit\u00e4re Hilfe im Ausw\u00e4rtigen Amt B\u00e4rbel Kofler:"},"content":{"rendered":"<p><span style=\"color: #ff0000;\">Berlin:<\/span><\/p>\n<p>Anl\u00e4sslich des Internationalen Tages gegen Menschenhandel am 30.07. erkl\u00e4rt die Beauftragte der Bundesregierung f\u00fcr Menschenrechtspolitik und Humanit\u00e4re Hilfe im Ausw\u00e4rtigen Amt B\u00e4rbel Kofler:<\/p>\n<p>&#8222;Weltweit werden t\u00e4glich Menschen Opfer von Menschenh\u00e4ndlern. Menschenhandel ist nicht nur eine Form von organisierter Kriminalit\u00e4t, sondern stellt in all seinen Auspr\u00e4gungen eine schwere Menschenrechtsverletzung dar. Ob zum Zweck der sexuellen Ausbeutung, zur Arbeitsausbeutung oder zu anderen Formen der Ausbeutung, Menschenhandel ist menschenverachtend und geh\u00f6rt bek\u00e4mpft!&#8220;<br \/>\n&#8222;&#8220;<br \/>\n&#8222;Auch hier in Deutschland gibt es leider immer noch Menschen, die Opfer von Menschenhandel sind und gnadenlos ausgebeutet werden. Da Menschenhandel an Grenzen selten Halt macht, kann die Bek\u00e4mpfung des Menschenhandels in Deutschland nur gelingen, wenn auch auf internationaler Ebene eng in den Bereichen Pr\u00e4vention, Strafverfolgung und Opferschutz zusammengearbeitet wird.&#8220;<br \/>\n&#8220;\u00a0 Opfer von Menschenhandel werden fast immer Menschen, die sich in Situationen besonderer Verwundbarkeit befinden. Gerade deswegen ist der Fokus auf den Schutz der Opfer von Menschenhandel bei der Bek\u00e4mpfung des Menschenhandels essenziell. Wir setzen uns daher in verschiedenen internationalen Gremien, zum Beispiel im Menschenrechtsrat der Vereinten Nationen, f\u00fcr einen menschenrechtsbasierten Ansatz bei der Bek\u00e4mpfung von Menschenhandel ein.&#8220;<br \/>\n&#8220;\u00a0&#8220;<br \/>\n&#8222;Das deutsche Engagement wird auch durch unsere Beitr\u00e4ge f\u00fcr den Treuhandfonds der Vereinten Nationen f\u00fcr die Bek\u00e4mpfung moderner Formen der Sklaverei deutlich, der jedes Jahr Tausende Menschen, die Opfer von Menschenhandel geworden sind, bei der \u00dcberwindung von Traumata und der Reintegration in die Gesellschaft unterst\u00fctzt.&#8220;<br \/>\n<a href=\"https:\/\/www.frankensicht.de\/?attachment_id=7144\" rel=\"attachment wp-att-7144\"><img loading=\"lazy\" decoding=\"async\" class=\"alignnone size-medium wp-image-7144\" src=\"https:\/\/www.frankensicht.de\/wp-content\/uploads\/2014\/05\/himmel-2-300x225.jpg\" alt=\"\" width=\"300\" height=\"225\" srcset=\"https:\/\/www.frankensicht.de\/wp-content\/uploads\/2014\/05\/himmel-2-300x225.jpg 300w, https:\/\/www.frankensicht.de\/wp-content\/uploads\/2014\/05\/himmel-2.jpg 640w\" sizes=\"auto, (max-width: 300px) 100vw, 300px\" \/><\/a><\/p>\n<p>Hintergrund:<\/p>\n<p>Menschenhandel in all seinen Auspr\u00e4gungen stellt eine schwere Menschenrechtsverletzung dar und ist typischerweise ein grenz\u00fcberschreitendes Ph\u00e4nomen. Der Herausforderung der Bek\u00e4mpfung von Menschenhandel stellt Deutschland sich, indem es in einer Vielzahl von internationalen Organisationen und Gremien gemeinsame L\u00f6sungen mit anderen Mitgliedstaaten verfolgt, dies insbesondere mit unseren EU-Partnern und auf Ebene des Europarates, des Ostseerates, der Organisation f\u00fcr Sicherheit und Zusammenarbeit in Europa und der Vereinten Nationen.<\/p>\n<p>Dar\u00fcber hinaus f\u00f6rdert das Ausw\u00e4rtige Amt jedes Jahr Projekte in verschiedenen L\u00e4ndern mit Schwerpunkt Menschenhandelsbek\u00e4mpfung und ist au\u00dferdem seit Jahren der gr\u00f6\u00dfte Beitragszahler zum Trust Fund on Contemporary Forms of Slavery des Hochkommissars der Vereinten Nationen f\u00fcr Menschenrechte, OHCHR.<\/p>\n<p>Quelle: auswaertiges-amt.de<\/p>\n","protected":false},"excerpt":{"rendered":"<p>Berlin: Anl\u00e4sslich des Internationalen Tages gegen Menschenhandel am 30.07. erkl\u00e4rt die Beauftragte der Bundesregierung f\u00fcr Menschenrechtspolitik und Humanit\u00e4re Hilfe im Ausw\u00e4rtigen Amt B\u00e4rbel Kofler: &#8222;Weltweit werden t\u00e4glich Menschen Opfer von Menschenh\u00e4ndlern. Menschenhandel ist nicht nur eine Form von organisierter Kriminalit\u00e4t, sondern stellt in all seinen Auspr\u00e4gungen eine schwere Menschenrechtsverletzung dar. Ob zum Zweck der sexuellen [&hellip;]<\/p>\n","protected":false},"author":7,"featured_media":7477,"comment_status":"closed","ping_status":"open","sticky":false,"template":"","format":"standard","meta":{"footnotes":""},"categories":[44,3,30],"tags":[964],"class_list":["post-12735","post","type-post","status-publish","format-standard","has-post-thumbnail","hentry","category-deutschland-2","category-news","category-welt","tag-menschenhandel"],"_links":{"self":[{"href":"https:\/\/www.frankensicht.de\/index.php?rest_route=\/wp\/v2\/posts\/12735","targetHints":{"allow":["GET"]}}],"collection":[{"href":"https:\/\/www.frankensicht.de\/index.php?rest_route=\/wp\/v2\/posts"}],"about":[{"href":"https:\/\/www.frankensicht.de\/index.php?rest_route=\/wp\/v2\/types\/post"}],"author":[{"embeddable":true,"href":"https:\/\/www.frankensicht.de\/index.php?rest_route=\/wp\/v2\/users\/7"}],"replies":[{"embeddable":true,"href":"https:\/\/www.frankensicht.de\/index.php?rest_route=%2Fwp%2Fv2%2Fcomments&post=12735"}],"version-history":[{"count":1,"href":"https:\/\/www.frankensicht.de\/index.php?rest_route=\/wp\/v2\/posts\/12735\/revisions"}],"predecessor-version":[{"id":12736,"href":"https:\/\/www.frankensicht.de\/index.php?rest_route=\/wp\/v2\/posts\/12735\/revisions\/12736"}],"wp:featuredmedia":[{"embeddable":true,"href":"https:\/\/www.frankensicht.de\/index.php?rest_route=\/wp\/v2\/media\/7477"}],"wp:attachment":[{"href":"https:\/\/www.frankensicht.de\/index.php?rest_route=%2Fwp%2Fv2%2Fmedia&parent=12735"}],"wp:term":[{"taxonomy":"category","embeddable":true,"href":"https:\/\/www.frankensicht.de\/index.php?rest_route=%2Fwp%2Fv2%2Fcategories&post=12735"},{"taxonomy":"post_tag","embeddable":true,"href":"https:\/\/www.frankensicht.de\/index.php?rest_route=%2Fwp%2Fv2%2Ftags&post=12735"}],"curies":[{"name":"wp","href":"https:\/\/api.w.org\/{rel}","templated":true}]}}