{"id":12729,"date":"2019-07-27T07:41:22","date_gmt":"2019-07-27T05:41:22","guid":{"rendered":"http:\/\/www.frankensicht.de\/?p=12729"},"modified":"2019-07-27T07:43:42","modified_gmt":"2019-07-27T05:43:42","slug":"12729","status":"publish","type":"post","link":"https:\/\/www.frankensicht.de\/?p=12729","title":{"rendered":"Nitratrichtlinie: Deutschland erh\u00e4lt Mahnschreiben"},"content":{"rendered":"<p><span style=\"color: #ff0000;\">Berlin:<\/span><\/p>\n<p>Nitratrichtlinie: Deutschland erh\u00e4lt Mahnschreiben<\/p>\n<p>Die Europ\u00e4ische Kommission hat gegen\u00fcber Deutschland heute das<br \/>\nZweitverfahren wegen Verst\u00f6\u00dfen gegen die Nitratrichtlinie er\u00f6ffnet. Auch<br \/>\ndie D\u00fcngeverordnung von 2017 reicht nach ihrer Auffassung nicht zur<br \/>\nUmsetzung des EuGH-Urteils aus. Das Bundesumweltministerium und das<br \/>\nBundeslandwirtschaftsministerium hatten im Juni, nach intensiver Diskussion<br \/>\nmit L\u00e4ndern, Verb\u00e4nden und Abgeordneten Vorschl\u00e4ge zur Anpassung der<br \/>\ngeltenden D\u00fcngeregelungen an die Europ\u00e4ische Kommission \u00fcbermittelt, um<br \/>\nden Schutz der Gew\u00e4sser vor dem Eintrag des Pflanzenn\u00e4hrstoffs Nitrat zu<br \/>\nverbessern. Auch diese Vorschl\u00e4ge sind aus Sicht der Europ\u00e4ischen<br \/>\nKommission nicht ausreichend.<\/p>\n<p><a href=\"https:\/\/www.frankensicht.de\/?attachment_id=12573\" rel=\"attachment wp-att-12573\"><img loading=\"lazy\" decoding=\"async\" class=\"alignnone size-medium wp-image-12573\" src=\"https:\/\/www.frankensicht.de\/wp-content\/uploads\/2019\/05\/kuh1-300x169.jpg\" alt=\"\" width=\"300\" height=\"169\" srcset=\"https:\/\/www.frankensicht.de\/wp-content\/uploads\/2019\/05\/kuh1-300x169.jpg 300w, https:\/\/www.frankensicht.de\/wp-content\/uploads\/2019\/05\/kuh1-768x432.jpg 768w, https:\/\/www.frankensicht.de\/wp-content\/uploads\/2019\/05\/kuh1-1024x576.jpg 1024w, https:\/\/www.frankensicht.de\/wp-content\/uploads\/2019\/05\/kuh1-384x217.jpg 384w, https:\/\/www.frankensicht.de\/wp-content\/uploads\/2019\/05\/kuh1.jpg 1280w\" sizes=\"auto, (max-width: 300px) 100vw, 300px\" \/><\/a><\/p>\n<p>Die beiden Bundesministerien werden jetzt den Inhalt des Mahnschreibens der<br \/>\nEurop\u00e4ischen Kommission pr\u00fcfen und die Antwort innerhalb der<br \/>\nBundesregierung unter Einbeziehung der L\u00e4nder abstimmen. Die<br \/>\nBundesregierung arbeitet daran in der nur achtw\u00f6chigen Frist eine Einigung<br \/>\nzu erzielen. In dieser Zeit wird die Bundesregierung weiterhin Gespr\u00e4che<br \/>\nmit der EU-Kommission f\u00fchren, um z\u00fcgig zu einer einvernehmlichen L\u00f6sung<br \/>\nzu gelangen. Klares Ziel ist es nach wie vor, das Urteil vom 21. Juni 2018<br \/>\nso schnell wie m\u00f6glich und vollst\u00e4ndig umzusetzen und eine m\u00f6gliche<br \/>\nVerurteilung zu vermeiden und Strafzahlungen abzuwenden.<\/p>\n<p>Mit Urteil vom 21. Juni 2018 hat der Europ\u00e4ische Gerichtshof (EuGH)<br \/>\nfestgestellt, dass Deutschland die Nitrat-Richtlinie verletzt hat. Der<br \/>\nVersto\u00df liege darin, dass die Bundesrepublik im September 2014 keine<br \/>\nweiteren \u201ezus\u00e4tzlichen Ma\u00dfnahmen oder verst\u00e4rkte Aktionen\u201c zum<br \/>\nSchutz der Gew\u00e4sser vor Verunreinigung durch Nitrat aus der Landwirtschaft<br \/>\nergriffen habe, obwohl deutlich gewesen sei, dass die bis dahin ergriffenen<br \/>\nMa\u00dfnahmen nicht ausreichten. Die am 2. Juni 2017 in Kraft getretene<br \/>\nnovellierte D\u00fcngeverordnung war nicht Gegenstand des Verfahrens, sondern<br \/>\ndie alte D\u00fcngeverordnung von 2006. Auf Grund des Urteils des Europ\u00e4ischen<br \/>\nGerichtshofes sieht die Europ\u00e4ische Kommission allerdings auch<br \/>\nAnpassungsbedarf an der D\u00fcngeverordnung aus 2017. Mit dem Mahnschreiben<br \/>\nleitet die Kommission das Zweitverfahren ein, da Deutschland nach<br \/>\nAuffassung der Kommission noch nicht die notwendigen Ma\u00dfnahmen zur<br \/>\nUmsetzung des genannten Urteils getroffen hat.<\/p>\n<p>Quelle: bmu.bund.de<\/p>\n","protected":false},"excerpt":{"rendered":"<p>Berlin: Nitratrichtlinie: Deutschland erh\u00e4lt Mahnschreiben Die Europ\u00e4ische Kommission hat gegen\u00fcber Deutschland heute das Zweitverfahren wegen Verst\u00f6\u00dfen gegen die Nitratrichtlinie er\u00f6ffnet. Auch die D\u00fcngeverordnung von 2017 reicht nach ihrer Auffassung nicht zur Umsetzung des EuGH-Urteils aus. Das Bundesumweltministerium und das Bundeslandwirtschaftsministerium hatten im Juni, nach intensiver Diskussion mit L\u00e4ndern, Verb\u00e4nden und Abgeordneten Vorschl\u00e4ge zur Anpassung der [&hellip;]<\/p>\n","protected":false},"author":7,"featured_media":12573,"comment_status":"closed","ping_status":"open","sticky":false,"template":"","format":"standard","meta":{"footnotes":""},"categories":[44,3],"tags":[2899],"class_list":["post-12729","post","type-post","status-publish","format-standard","has-post-thumbnail","hentry","category-deutschland-2","category-news","tag-nitratrichtlinien"],"_links":{"self":[{"href":"https:\/\/www.frankensicht.de\/index.php?rest_route=\/wp\/v2\/posts\/12729","targetHints":{"allow":["GET"]}}],"collection":[{"href":"https:\/\/www.frankensicht.de\/index.php?rest_route=\/wp\/v2\/posts"}],"about":[{"href":"https:\/\/www.frankensicht.de\/index.php?rest_route=\/wp\/v2\/types\/post"}],"author":[{"embeddable":true,"href":"https:\/\/www.frankensicht.de\/index.php?rest_route=\/wp\/v2\/users\/7"}],"replies":[{"embeddable":true,"href":"https:\/\/www.frankensicht.de\/index.php?rest_route=%2Fwp%2Fv2%2Fcomments&post=12729"}],"version-history":[{"count":3,"href":"https:\/\/www.frankensicht.de\/index.php?rest_route=\/wp\/v2\/posts\/12729\/revisions"}],"predecessor-version":[{"id":12732,"href":"https:\/\/www.frankensicht.de\/index.php?rest_route=\/wp\/v2\/posts\/12729\/revisions\/12732"}],"wp:featuredmedia":[{"embeddable":true,"href":"https:\/\/www.frankensicht.de\/index.php?rest_route=\/wp\/v2\/media\/12573"}],"wp:attachment":[{"href":"https:\/\/www.frankensicht.de\/index.php?rest_route=%2Fwp%2Fv2%2Fmedia&parent=12729"}],"wp:term":[{"taxonomy":"category","embeddable":true,"href":"https:\/\/www.frankensicht.de\/index.php?rest_route=%2Fwp%2Fv2%2Fcategories&post=12729"},{"taxonomy":"post_tag","embeddable":true,"href":"https:\/\/www.frankensicht.de\/index.php?rest_route=%2Fwp%2Fv2%2Ftags&post=12729"}],"curies":[{"name":"wp","href":"https:\/\/api.w.org\/{rel}","templated":true}]}}