{"id":12720,"date":"2019-07-26T07:33:11","date_gmt":"2019-07-26T05:33:11","guid":{"rendered":"http:\/\/www.frankensicht.de\/?p=12720"},"modified":"2019-07-26T07:37:52","modified_gmt":"2019-07-26T05:37:52","slug":"besuch-der-bayerischen-justizakademie-in-pegnitz","status":"publish","type":"post","link":"https:\/\/www.frankensicht.de\/?p=12720","title":{"rendered":"Besuch der Bayerischen Justizakademie in Pegnitz"},"content":{"rendered":"<p><span style=\"color: #ff0000;\">M\u00fcnchen:<\/span><\/p>\n<p>Besuch der Bayerischen Justizakademie in Pegnitz \/ Justizminister Eisenreich: &#8222;In Pegnitz haben wir die Zukunft im Blick \/ Digitalisierung ist Teil unserer Lebenswirklichkeit&#8220;<\/p>\n<p>Bayerns Justizminister Georg Eisenreich hat gestern die Bayerische Justizakademie in Pegnitz besucht, in der am 23. und 24. Juli 2019 die IT-Infotage 2019 der bayerischen Justiz stattgefunden haben. Unter dem Motto &#8222;Justiz digital&#8220; wurden dort aktuelle Themen und Neuerungen im IT-Bereich der Gerichte und Staatsanwaltschaften in Bayern vorgestellt. Zudem hat sich Eisenreich im Gespr\u00e4ch mit der Leiterin der Justizakademie Gudrun Scharr einen Eindruck vom Justizstandort Pegnitz verschafft.<\/p>\n<p>&#8222;In Pegnitz haben wir die Zukunft der bayerischen Justiz im Blick: Wir bilden dort unseren Nachwuchs in vielen Justizbereichen aus. Zudem bieten wir vielf\u00e4ltige Fortbildungsm\u00f6glichkeiten f\u00fcr unsere Mitarbeiterinnen und Mitarbeiter an. Dar\u00fcber hinaus werden in Pegnitz auch wichtige Schritte im Bereich der Digitalisierung der Justiz vorangetrieben. Ihnen, Frau Scharr, und Ihrem Team danke ich herzlich f\u00fcr die hervorragende Arbeit&#8220;, so der Justizminister.<\/p>\n<p><a href=\"https:\/\/www.frankensicht.de\/?attachment_id=12721\" rel=\"attachment wp-att-12721\"><img loading=\"lazy\" decoding=\"async\" class=\"alignnone size-medium wp-image-12721\" src=\"https:\/\/www.frankensicht.de\/wp-content\/uploads\/2019\/07\/IMG_4473-300x200.jpg\" alt=\"\" width=\"300\" height=\"200\" srcset=\"https:\/\/www.frankensicht.de\/wp-content\/uploads\/2019\/07\/IMG_4473-300x200.jpg 300w, https:\/\/www.frankensicht.de\/wp-content\/uploads\/2019\/07\/IMG_4473-220x146.jpg 220w, https:\/\/www.frankensicht.de\/wp-content\/uploads\/2019\/07\/IMG_4473.jpg 400w\" sizes=\"auto, (max-width: 300px) 100vw, 300px\" \/> @\u00a0stmj.bayern.de<\/a><\/p>\n<p>Eisenreich weiter: &#8222;Informationstechnologien sind ein unverzichtbarer Teil unseres Lebens. Die Digitalisierung betrifft jeden von uns, sie ist Teil unserer Lebenswirklichkeit. Was heute noch futuristisch anmutet, ist morgen schon selbstverst\u00e4ndlich. Das gilt auch f\u00fcr die Justiz.&#8220; Eine Schl\u00fcsselrolle nehme hierbei der elektronische Rechtsverkehr, aber auch die elektronische Akte ein. Bislang seien bei den Pilotgerichten Landshut, Regensburg und Coburg \u00fcber 20.000 Verfahren rein elektronisch bearbeitet worden. &#8222;Diese beachtliche Zahl zeigt, dass sich die eAkte als Arbeitsmittel bew\u00e4hrt&#8220;, so der Justizminister.<\/p>\n<p>Hintergrund:<\/p>\n<p>Die Bayerische Justizakademie in Pegnitz ist eine zentrale Aus- und Fortbildungsst\u00e4tte der bayerischen Justiz. Sie bildet Gerichtsvollzieherinnen und Gerichtsvollzieher, Justizfachwirtinnen und Justizfachwirte sowie Justizwachtmeisterinnen und Justizwachtmeister aus. Dar\u00fcber hinaus finden in der Akademie Fachfortbildungen aller Qualifikationsebenen, zentrale Arbeitnehmerschulungen und Schulungen der Gerichtsvollzieher-Pr\u00fcfungsbeamten statt. Auch befindet sich in Pegnitz das IT-Testzentrum, in dem s\u00e4mtliche IT-Fachverfahren getestet werden, die in der bayerischen Justiz im Einsatz sind. Ebenfalls ist dort das &#8222;Innovationszentrum E-Justice&#8220; untergebracht.<\/p>\n<p>Quelle: stmj.bayern.de<\/p>\n","protected":false},"excerpt":{"rendered":"<p>M\u00fcnchen: Besuch der Bayerischen Justizakademie in Pegnitz \/ Justizminister Eisenreich: &#8222;In Pegnitz haben wir die Zukunft im Blick \/ Digitalisierung ist Teil unserer Lebenswirklichkeit&#8220; Bayerns Justizminister Georg Eisenreich hat gestern die Bayerische Justizakademie in Pegnitz besucht, in der am 23. und 24. Juli 2019 die IT-Infotage 2019 der bayerischen Justiz stattgefunden haben. Unter dem Motto [&hellip;]<\/p>\n","protected":false},"author":7,"featured_media":12721,"comment_status":"closed","ping_status":"open","sticky":false,"template":"","format":"standard","meta":{"footnotes":""},"categories":[78,71],"tags":[2898],"class_list":["post-12720","post","type-post","status-publish","format-standard","has-post-thumbnail","hentry","category-bayern","category-menue","tag-justizakademie"],"_links":{"self":[{"href":"https:\/\/www.frankensicht.de\/index.php?rest_route=\/wp\/v2\/posts\/12720","targetHints":{"allow":["GET"]}}],"collection":[{"href":"https:\/\/www.frankensicht.de\/index.php?rest_route=\/wp\/v2\/posts"}],"about":[{"href":"https:\/\/www.frankensicht.de\/index.php?rest_route=\/wp\/v2\/types\/post"}],"author":[{"embeddable":true,"href":"https:\/\/www.frankensicht.de\/index.php?rest_route=\/wp\/v2\/users\/7"}],"replies":[{"embeddable":true,"href":"https:\/\/www.frankensicht.de\/index.php?rest_route=%2Fwp%2Fv2%2Fcomments&post=12720"}],"version-history":[{"count":1,"href":"https:\/\/www.frankensicht.de\/index.php?rest_route=\/wp\/v2\/posts\/12720\/revisions"}],"predecessor-version":[{"id":12722,"href":"https:\/\/www.frankensicht.de\/index.php?rest_route=\/wp\/v2\/posts\/12720\/revisions\/12722"}],"wp:featuredmedia":[{"embeddable":true,"href":"https:\/\/www.frankensicht.de\/index.php?rest_route=\/wp\/v2\/media\/12721"}],"wp:attachment":[{"href":"https:\/\/www.frankensicht.de\/index.php?rest_route=%2Fwp%2Fv2%2Fmedia&parent=12720"}],"wp:term":[{"taxonomy":"category","embeddable":true,"href":"https:\/\/www.frankensicht.de\/index.php?rest_route=%2Fwp%2Fv2%2Fcategories&post=12720"},{"taxonomy":"post_tag","embeddable":true,"href":"https:\/\/www.frankensicht.de\/index.php?rest_route=%2Fwp%2Fv2%2Ftags&post=12720"}],"curies":[{"name":"wp","href":"https:\/\/api.w.org\/{rel}","templated":true}]}}