{"id":12718,"date":"2019-07-25T07:45:01","date_gmt":"2019-07-25T05:45:01","guid":{"rendered":"http:\/\/www.frankensicht.de\/?p=12718"},"modified":"2019-07-25T07:45:01","modified_gmt":"2019-07-25T05:45:01","slug":"vierter-foerderaufruf-fuer-ladesaeuleninfrastruktur-erfolgreich","status":"publish","type":"post","link":"https:\/\/www.frankensicht.de\/?p=12718","title":{"rendered":"Vierter F\u00f6rderaufruf f\u00fcr Lades\u00e4uleninfrastruktur erfolgreich"},"content":{"rendered":"<p><span style=\"color: #ff0000;\">M\u00fcnchen:<\/span><\/p>\n<p>Vierter F\u00f6rderaufruf f\u00fcr Lades\u00e4uleninfrastruktur erfolgreich<\/p>\n<p>Aiwanger: &#8222;Lades\u00e4ulennetz wird immer dichter&#8220;<\/p>\n<p>Der vierte F\u00f6rderaufruf f\u00fcr die Ladeinfrastruktur in Bayern war \u00e4u\u00dferst erfolgreich. Bayerns Wirtschafts- und Energieminister Hubert Aiwanger: &amp;bdquo;Es sind Antr\u00e4ge zur F\u00f6rderung von gut 550 Lades\u00e4ulen mit nahezu 1.000 Ladepunkten eingegangen. Damit gehen wir einen gro\u00dfen Schritt weiter in Richtung einer fl\u00e4chendeckenden \u00f6ffentlichen Ladeinfrastruktur in Bayern. Das Lades\u00e4ulennetz wird immer dichter. Das ist praktizierter Klimaschutz.<\/p>\n<p><a href=\"https:\/\/www.frankensicht.de\/?attachment_id=12051\" rel=\"attachment wp-att-12051\"><img loading=\"lazy\" decoding=\"async\" class=\"alignnone size-medium wp-image-12051\" src=\"https:\/\/www.frankensicht.de\/wp-content\/uploads\/2018\/11\/etankstelle-300x225.jpg\" alt=\"\" width=\"300\" height=\"225\" srcset=\"https:\/\/www.frankensicht.de\/wp-content\/uploads\/2018\/11\/etankstelle-300x225.jpg 300w, https:\/\/www.frankensicht.de\/wp-content\/uploads\/2018\/11\/etankstelle.jpg 640w\" sizes=\"auto, (max-width: 300px) 100vw, 300px\" \/><\/a><\/p>\n<p>Der breite Antragstellerkreis von Energieversorgern \u00fcber Unternehmen, Bildungseinrichtungen, Immobiliengesellschaften, Tourismus und Handel bis hin zu Religionsgemeinschaften und Kommunen, zeigt, dass das Bewusstsein f\u00fcr die Elektromobilit\u00e4t in allen Bereichen angekommen ist. Dazu Staatsminister Hubert Aiwanger: Die Elektromobilit\u00e4t ist eine gesamtgesellschaftliche Aufgabe. Die Politik kann den Rahmen setzen und Anreize geben, aber nur wenn alle an einem Strang ziehen, kann der Mobilit\u00e4tswandel gelingen.<\/p>\n<p>Neben einem m\u00f6glichst fl\u00e4chendeckenden Netz an Ladeinfrastruktur ist es wichtig, diese auch zu finden. Der Ladeatlas Bayern weist dem Nutzer den Weg zur n\u00e4chsten freien Lades\u00e4ule (www.ladeatlas.bayern).<\/p>\n<p>Die Kompetenzstelle Elektromobilit\u00e4t bei der Bayern Innovativ GmbH unterst\u00fctzt den Markthochlauf der Elektromobilit\u00e4t in Bayern und betreut das F\u00f6rderprogramm &amp;bdquo;Ladeinfrastruktur f\u00fcr Elektrofahrzeuge in Bayern (www.bayern-innovativ.de\/elektromobilitaet).<\/p>\n<p>Quelle: stmwi.bund.de<\/p>\n","protected":false},"excerpt":{"rendered":"<p>M\u00fcnchen: Vierter F\u00f6rderaufruf f\u00fcr Lades\u00e4uleninfrastruktur erfolgreich Aiwanger: &#8222;Lades\u00e4ulennetz wird immer dichter&#8220; Der vierte F\u00f6rderaufruf f\u00fcr die Ladeinfrastruktur in Bayern war \u00e4u\u00dferst erfolgreich. Bayerns Wirtschafts- und Energieminister Hubert Aiwanger: &amp;bdquo;Es sind Antr\u00e4ge zur F\u00f6rderung von gut 550 Lades\u00e4ulen mit nahezu 1.000 Ladepunkten eingegangen. Damit gehen wir einen gro\u00dfen Schritt weiter in Richtung einer fl\u00e4chendeckenden \u00f6ffentlichen Ladeinfrastruktur [&hellip;]<\/p>\n","protected":false},"author":7,"featured_media":12051,"comment_status":"closed","ping_status":"open","sticky":false,"template":"","format":"standard","meta":{"footnotes":""},"categories":[20,78,71],"tags":[2896,2074],"class_list":["post-12718","post","type-post","status-publish","format-standard","has-post-thumbnail","hentry","category-auto","category-bayern","category-menue","tag-e-ladesaeulen","tag-elektromobilitaet"],"_links":{"self":[{"href":"https:\/\/www.frankensicht.de\/index.php?rest_route=\/wp\/v2\/posts\/12718","targetHints":{"allow":["GET"]}}],"collection":[{"href":"https:\/\/www.frankensicht.de\/index.php?rest_route=\/wp\/v2\/posts"}],"about":[{"href":"https:\/\/www.frankensicht.de\/index.php?rest_route=\/wp\/v2\/types\/post"}],"author":[{"embeddable":true,"href":"https:\/\/www.frankensicht.de\/index.php?rest_route=\/wp\/v2\/users\/7"}],"replies":[{"embeddable":true,"href":"https:\/\/www.frankensicht.de\/index.php?rest_route=%2Fwp%2Fv2%2Fcomments&post=12718"}],"version-history":[{"count":1,"href":"https:\/\/www.frankensicht.de\/index.php?rest_route=\/wp\/v2\/posts\/12718\/revisions"}],"predecessor-version":[{"id":12719,"href":"https:\/\/www.frankensicht.de\/index.php?rest_route=\/wp\/v2\/posts\/12718\/revisions\/12719"}],"wp:featuredmedia":[{"embeddable":true,"href":"https:\/\/www.frankensicht.de\/index.php?rest_route=\/wp\/v2\/media\/12051"}],"wp:attachment":[{"href":"https:\/\/www.frankensicht.de\/index.php?rest_route=%2Fwp%2Fv2%2Fmedia&parent=12718"}],"wp:term":[{"taxonomy":"category","embeddable":true,"href":"https:\/\/www.frankensicht.de\/index.php?rest_route=%2Fwp%2Fv2%2Fcategories&post=12718"},{"taxonomy":"post_tag","embeddable":true,"href":"https:\/\/www.frankensicht.de\/index.php?rest_route=%2Fwp%2Fv2%2Ftags&post=12718"}],"curies":[{"name":"wp","href":"https:\/\/api.w.org\/{rel}","templated":true}]}}