{"id":12714,"date":"2019-07-23T07:18:57","date_gmt":"2019-07-23T05:18:57","guid":{"rendered":"http:\/\/www.frankensicht.de\/?p=12714"},"modified":"2019-07-23T07:18:57","modified_gmt":"2019-07-23T05:18:57","slug":"justizminister-eisenreich-stellt-bayernweit-zehntes-schuelergericht-in-regensburg-vor","status":"publish","type":"post","link":"https:\/\/www.frankensicht.de\/?p=12714","title":{"rendered":"Justizminister Eisenreich stellt bayernweit zehntes Sch\u00fclergericht in Regensburg vor"},"content":{"rendered":"<p><span style=\"color: #ff0000;\">Regensburg:<\/span><\/p>\n<p>Justizminister Eisenreich stellt bayernweit zehntes Sch\u00fclergericht in Regensburg vor \/ Eisenreich: &#8222;Dialog auf Augenh\u00f6he, eine gemeinsam erarbeitete Sanktion &#8211; das ist unser Erfolgsrezept&#8220;<\/p>\n<p>Bayerns Justizminister Georg Eisenreich stellt heute in Regensburg das bayernweit zehnte Sch\u00fclergericht (&#8222;Teen Court&#8220;) vor. Eisenreich bei der Vorstellung des Projekts: &#8222;Seit bald 20 Jahren leisten wir in Bayern mit den Sch\u00fclergerichten Pionierarbeit: Junge Straft\u00e4ter stellen sich einem Gremium aus drei Sch\u00fclerrichtern. An einem runden Tisch f\u00fchren die Sch\u00fclerrichter mit dem jugendlichen T\u00e4ter ein intensives Gespr\u00e4ch \u00fcber dessen Tat, vor allem \u00fcber die Hintergr\u00fcnde, die Motive und die Folgen. Auf Augenh\u00f6he wird eine erzieherische Ma\u00dfnahme als Reaktion auf die Straftat erarbeitet. Damit erreichen wir eine h\u00f6here Akzeptanz. &#8220; Auch f\u00fcr die Sch\u00fclerrichter sei das Projekt ein Gewinn: &#8220; Unsere Sch\u00fclerrichter \u00fcbernehmen Verantwortung und setzen sich f\u00fcr die Durchsetzung des Rechts ein. Ihre Erfahrungen geben sie an ihre Mitsch\u00fcler weiter &#8211; so wird der Rechtsstaat \u00fcber das Projekt hinaus gest\u00e4rkt&#8220;, so Eisenreich.<\/p>\n<p><a href=\"https:\/\/www.frankensicht.de\/?attachment_id=3276\" rel=\"attachment wp-att-3276\"><img loading=\"lazy\" decoding=\"async\" class=\"alignnone size-medium wp-image-3276\" src=\"https:\/\/www.frankensicht.de\/wp-content\/uploads\/2012\/07\/knast-300x225.png\" alt=\"\" width=\"300\" height=\"225\" srcset=\"https:\/\/www.frankensicht.de\/wp-content\/uploads\/2012\/07\/knast-300x225.png 300w, https:\/\/www.frankensicht.de\/wp-content\/uploads\/2012\/07\/knast.png 840w\" sizes=\"auto, (max-width: 300px) 100vw, 300px\" \/><\/a><\/p>\n<p>Teen Courts befassen sich im Auftrag der Staatsanwaltschaft mit Straftaten Jugendlicher. Meist geht es um jugendtypische Straftaten von Erstt\u00e4tern, wie Ladendiebst\u00e4hle, Sachbesch\u00e4digungen, leichte K\u00f6rperverletzungen oder auch Fahren ohne Fahrerlaubnis. Die Sch\u00fclerrichter sprechen in Anwesenheit sozialp\u00e4dagogischen Fachpersonals mit dem jugendlichen Straft\u00e4ter \u00fcber die Tat. Sie vereinbaren mit ihm eine erzieherische Ma\u00dfnahme wie beispielsweise Arbeitsleistungen, Wiedergutmachung, einen Aufsatz \u00fcber das eigene Verhalten oder auch die zeitweise Abgabe des Handys. Anschlie\u00dfend \u00fcberwachen sie deren Erf\u00fcllung. Das Ergebnis wird dann von der Staatsanwaltschaft bei ihrer abschlie\u00dfenden Entscheidung ber\u00fccksichtigt: Erf\u00fcllt der Beschuldigte die vereinbarte Ma\u00dfnahme, wird das Ermittlungsverfahren eingestellt. Zehn Sch\u00fclergerichte gibt es heute in Bayern: in Aschaffenburg, Ingolstadt, Ansbach, Memmingen, Augsburg, Landshut, Dillingen, Neu-Ulm und Passau sowie seit Kurzem auch in Regensburg.<\/p>\n<p>Bayerns Justizminister abschlie\u00dfend: &#8222;Mir liegt pers\u00f6nlich sehr viel daran, dieses tolle Projekt weiter voranzutreiben. Ich danke allen, die das Sch\u00fclergericht Regensburg m\u00f6glich gemacht haben &#8211; allen voran Herrn Leitenden Oberstaatsanwalt Dr. Prokop und den Vertretern des Projekts &#8222;Fallschirm&#8220; der Katholischen Jungendf\u00fcrsorge der Di\u00f6zese Regensburg, die das Projekt sozialp\u00e4dagogisch begleiten. Unseren engagierten Sch\u00fclerrichtern w\u00fcnsche ich spannende und lehrreiche F\u00e4lle und &#8211; noch wichtiger &#8211; stets ausgewogene Entscheidungen.&#8220;<\/p>\n<p>Quelle: stmj.bayern.de<\/p>\n","protected":false},"excerpt":{"rendered":"<p>Regensburg: Justizminister Eisenreich stellt bayernweit zehntes Sch\u00fclergericht in Regensburg vor \/ Eisenreich: &#8222;Dialog auf Augenh\u00f6he, eine gemeinsam erarbeitete Sanktion &#8211; das ist unser Erfolgsrezept&#8220; Bayerns Justizminister Georg Eisenreich stellt heute in Regensburg das bayernweit zehnte Sch\u00fclergericht (&#8222;Teen Court&#8220;) vor. Eisenreich bei der Vorstellung des Projekts: &#8222;Seit bald 20 Jahren leisten wir in Bayern mit den [&hellip;]<\/p>\n","protected":false},"author":7,"featured_media":3276,"comment_status":"closed","ping_status":"open","sticky":false,"template":"","format":"standard","meta":{"footnotes":""},"categories":[78,71],"tags":[2894],"class_list":["post-12714","post","type-post","status-publish","format-standard","has-post-thumbnail","hentry","category-bayern","category-menue","tag-scguelergericht"],"_links":{"self":[{"href":"https:\/\/www.frankensicht.de\/index.php?rest_route=\/wp\/v2\/posts\/12714","targetHints":{"allow":["GET"]}}],"collection":[{"href":"https:\/\/www.frankensicht.de\/index.php?rest_route=\/wp\/v2\/posts"}],"about":[{"href":"https:\/\/www.frankensicht.de\/index.php?rest_route=\/wp\/v2\/types\/post"}],"author":[{"embeddable":true,"href":"https:\/\/www.frankensicht.de\/index.php?rest_route=\/wp\/v2\/users\/7"}],"replies":[{"embeddable":true,"href":"https:\/\/www.frankensicht.de\/index.php?rest_route=%2Fwp%2Fv2%2Fcomments&post=12714"}],"version-history":[{"count":1,"href":"https:\/\/www.frankensicht.de\/index.php?rest_route=\/wp\/v2\/posts\/12714\/revisions"}],"predecessor-version":[{"id":12715,"href":"https:\/\/www.frankensicht.de\/index.php?rest_route=\/wp\/v2\/posts\/12714\/revisions\/12715"}],"wp:featuredmedia":[{"embeddable":true,"href":"https:\/\/www.frankensicht.de\/index.php?rest_route=\/wp\/v2\/media\/3276"}],"wp:attachment":[{"href":"https:\/\/www.frankensicht.de\/index.php?rest_route=%2Fwp%2Fv2%2Fmedia&parent=12714"}],"wp:term":[{"taxonomy":"category","embeddable":true,"href":"https:\/\/www.frankensicht.de\/index.php?rest_route=%2Fwp%2Fv2%2Fcategories&post=12714"},{"taxonomy":"post_tag","embeddable":true,"href":"https:\/\/www.frankensicht.de\/index.php?rest_route=%2Fwp%2Fv2%2Ftags&post=12714"}],"curies":[{"name":"wp","href":"https:\/\/api.w.org\/{rel}","templated":true}]}}